{"id":169686,"date":"2020-11-13T17:55:23","date_gmt":"2020-11-13T23:55:23","guid":{"rendered":"http:\/\/vertienteglobal.com\/?p=169686"},"modified":"2020-11-14T16:03:01","modified_gmt":"2020-11-14T22:03:01","slug":"doctor-explica-si-se-pude-prevenir-la-diabetes","status":"publish","type":"post","link":"http:\/\/vertienteglobal.com\/?p=169686","title":{"rendered":"Doctor explica si se pude prevenir la diabetes"},"content":{"rendered":"\n<div class=\"twitterbutton\" style=\"float: right; padding-left: 5px;\"><a href=\"http:\/\/twitter.com\/share\" class=\"twitter-share-button\" data-count=\"horizontal\" data-text=\"Doctor explica si se pude prevenir la diabetes\" data-via=\"https:\/\/twitter.com\/VertienteGloba1\" data-url=\"http:\/\/vertienteglobal.com\/?p=169686\" data-lang=\"es\" data-related=\"Informaci\u00f3n general:S\u00edguenos para que est\u00e9ss informado\"><\/a><\/div>\n<figure class=\"wp-block-image size-large\"><img loading=\"lazy\" decoding=\"async\" width=\"1024\" height=\"683\" src=\"http:\/\/vertienteglobal.com\/wp-content\/uploads\/2020\/11\/1130506.jpg\" alt=\"\" class=\"wp-image-169687\" srcset=\"http:\/\/vertienteglobal.com\/wp-content\/uploads\/2020\/11\/1130506.jpg 1024w, http:\/\/vertienteglobal.com\/wp-content\/uploads\/2020\/11\/1130506-300x200.jpg 300w, http:\/\/vertienteglobal.com\/wp-content\/uploads\/2020\/11\/1130506-150x100.jpg 150w, http:\/\/vertienteglobal.com\/wp-content\/uploads\/2020\/11\/1130506-768x512.jpg 768w\" sizes=\"auto, (max-width: 1024px) 100vw, 1024px\" \/><\/figure>\n\n\n\n<p>(Redacci\u00f3n)<\/p>\n\n\n\n<p>El especialista se\u00f1al\u00f3 que existen medidas claras cient\u00edficamente documentadas: adecuado r\u00e9gimen nutricional, apego al tratamiento y actividad f\u00edsica constante, con la que se pueden regular las cifras de glucosa<\/p>\n\n\n\n<p>Ciudad de M\u00e9xico a 13 de noviembre de 2020.-Este 14 de noviembre se conmemora el D\u00eda Mundial de la Diabetes, campa\u00f1a en donde m\u00e1s 60 pa\u00edses hacen concientizaci\u00f3n y diferentes monumentos se iluminan en azul en se\u00f1al de esperanza para las personas que viven con el padecimiento.<\/p>\n\n\n\n<p>Pero\u2026 \u00bfSe puede prevenir la diabetes?<\/p>\n\n\n\n<p>Al respecto, el doctor No\u00e9 De la Cruz Guzm\u00e1n, coordinador de la direcci\u00f3n m\u00e9dica de la Cruz Roja Mexicana, dijo que si se puede prevenir la diabetes.<\/p>\n\n\n\n<p>\u00abHay una carga familiar hereditaria que predispone a una persona a padecer diabetes, pero creo que es posible contribuir a que esta probabilidad no crezca, con una adecuada alimentaci\u00f3n, una rutina de actividad f\u00edsica y un adecuado r\u00e9gimen de apego al tratamiento\u00bb, dijo.<\/p>\n\n\n\n<p>\u00bfCu\u00e1les son los cuidados del paciente diab\u00e9tico?<\/p>\n\n\n\n<p>El especialista se\u00f1al\u00f3 que existen medidas claras cient\u00edficamente documentadas: adecuado r\u00e9gimen nutricional, apego al tratamiento y actividad f\u00edsica constante, con la que se pueden regular las cifras de glucosa.<\/p>\n\n\n\n<p>Invit\u00f3 a las familias a tener como prioridad la inversi\u00f3n en salud, sobre todo en materia de prevenci\u00f3n, ya que las consecuencias de no hacerlo representan \u00abuna carga para la familia y una incapacidad personal\u00bb.<\/p>\n","protected":false},"excerpt":{"rendered":"<p>(Redacci\u00f3n) El especialista se\u00f1al\u00f3 que existen medidas claras cient\u00edficamente documentadas: adecuado r\u00e9gimen nutricional, apego al tratamiento y actividad f\u00edsica constante, con la que se pueden regular las cifras de glucosa Ciudad de M\u00e9xico a 13 de noviembre de 2020.-Este 14 de noviembre se conmemora el D\u00eda Mundial de la Diabetes, campa\u00f1a en donde m\u00e1s 60 [&hellip;]<\/p>\n","protected":false},"author":1,"featured_media":169687,"comment_status":"open","ping_status":"open","sticky":false,"template":"","format":"standard","meta":{"footnotes":""},"categories":[8],"tags":[],"class_list":["post-169686","post","type-post","status-publish","format-standard","has-post-thumbnail","hentry","category-pais","entry","has-media"],"jetpack_featured_media_url":"http:\/\/vertienteglobal.com\/wp-content\/uploads\/2020\/11\/1130506.jpg","_links":{"self":[{"href":"http:\/\/vertienteglobal.com\/index.php?rest_route=\/wp\/v2\/posts\/169686","targetHints":{"allow":["GET"]}}],"collection":[{"href":"http:\/\/vertienteglobal.com\/index.php?rest_route=\/wp\/v2\/posts"}],"about":[{"href":"http:\/\/vertienteglobal.com\/index.php?rest_route=\/wp\/v2\/types\/post"}],"author":[{"embeddable":true,"href":"http:\/\/vertienteglobal.com\/index.php?rest_route=\/wp\/v2\/users\/1"}],"replies":[{"embeddable":true,"href":"http:\/\/vertienteglobal.com\/index.php?rest_route=%2Fwp%2Fv2%2Fcomments&post=169686"}],"version-history":[{"count":0,"href":"http:\/\/vertienteglobal.com\/index.php?rest_route=\/wp\/v2\/posts\/169686\/revisions"}],"wp:featuredmedia":[{"embeddable":true,"href":"http:\/\/vertienteglobal.com\/index.php?rest_route=\/wp\/v2\/media\/169687"}],"wp:attachment":[{"href":"http:\/\/vertienteglobal.com\/index.php?rest_route=%2Fwp%2Fv2%2Fmedia&parent=169686"}],"wp:term":[{"taxonomy":"category","embeddable":true,"href":"http:\/\/vertienteglobal.com\/index.php?rest_route=%2Fwp%2Fv2%2Fcategories&post=169686"},{"taxonomy":"post_tag","embeddable":true,"href":"http:\/\/vertienteglobal.com\/index.php?rest_route=%2Fwp%2Fv2%2Ftags&post=169686"}],"curies":[{"name":"wp","href":"https:\/\/api.w.org\/{rel}","templated":true}]}}