{"id":169650,"date":"2020-11-12T19:01:00","date_gmt":"2020-11-13T01:01:00","guid":{"rendered":"http:\/\/vertienteglobal.com\/?p=169650"},"modified":"2020-11-12T21:02:38","modified_gmt":"2020-11-13T03:02:38","slug":"gobierno-municipal-de-benito-juarez-no-solapa-violencia-contra-las-mujeres","status":"publish","type":"post","link":"http:\/\/vertienteglobal.com\/?p=169650","title":{"rendered":"Gobierno municipal de Benito Ju\u00e1rez, no solapa violencia contra las mujeres"},"content":{"rendered":"\n<div class=\"twitterbutton\" style=\"float: right; padding-left: 5px;\"><a href=\"http:\/\/twitter.com\/share\" class=\"twitter-share-button\" data-count=\"horizontal\" data-text=\"Gobierno municipal de Benito Ju\u00e1rez, no solapa violencia contra las mujeres\" data-via=\"https:\/\/twitter.com\/VertienteGloba1\" data-url=\"http:\/\/vertienteglobal.com\/?p=169650\" data-lang=\"es\" data-related=\"Informaci\u00f3n general:S\u00edguenos para que est\u00e9ss informado\"><\/a><\/div>\n<figure class=\"wp-block-image size-large\"><img loading=\"lazy\" decoding=\"async\" width=\"1024\" height=\"744\" src=\"http:\/\/vertienteglobal.com\/wp-content\/uploads\/2020\/11\/01-CANCUN-SE-CONSOLIDA-COMO-DESTINO-DE-PLAYA-LIDER-EN-MEXICO-scaled-1-1024x744.jpeg\" alt=\"\" class=\"wp-image-169651\" srcset=\"http:\/\/vertienteglobal.com\/wp-content\/uploads\/2020\/11\/01-CANCUN-SE-CONSOLIDA-COMO-DESTINO-DE-PLAYA-LIDER-EN-MEXICO-scaled-1-1024x744.jpeg 1024w, http:\/\/vertienteglobal.com\/wp-content\/uploads\/2020\/11\/01-CANCUN-SE-CONSOLIDA-COMO-DESTINO-DE-PLAYA-LIDER-EN-MEXICO-scaled-1-300x218.jpeg 300w, http:\/\/vertienteglobal.com\/wp-content\/uploads\/2020\/11\/01-CANCUN-SE-CONSOLIDA-COMO-DESTINO-DE-PLAYA-LIDER-EN-MEXICO-scaled-1-150x109.jpeg 150w, http:\/\/vertienteglobal.com\/wp-content\/uploads\/2020\/11\/01-CANCUN-SE-CONSOLIDA-COMO-DESTINO-DE-PLAYA-LIDER-EN-MEXICO-scaled-1-768x558.jpeg 768w, http:\/\/vertienteglobal.com\/wp-content\/uploads\/2020\/11\/01-CANCUN-SE-CONSOLIDA-COMO-DESTINO-DE-PLAYA-LIDER-EN-MEXICO-scaled-1-1536x1116.jpeg 1536w, http:\/\/vertienteglobal.com\/wp-content\/uploads\/2020\/11\/01-CANCUN-SE-CONSOLIDA-COMO-DESTINO-DE-PLAYA-LIDER-EN-MEXICO-scaled-1.jpeg 1700w\" sizes=\"auto, (max-width: 1024px) 100vw, 1024px\" \/><\/figure>\n\n\n\n<p>(Redacci\u00f3n)<\/p>\n\n\n\n<p>Inform\u00f3 que que el Ayuntamiento est\u00e1 dando cumplimiento a una doble responsabilidad, que busca esclarecer los hechos lamentables al interior de la corporaci\u00f3n policiaca, para lo cual se han implementado diferentes acciones inmediatas<\/p>\n\n\n\n<p>Canc\u00fan, Quintana Roo, a 12 de noviembre de 2020.- El gobierno municipal atendi\u00f3 el pliego de siete puntos de las mujeres integrantes de diferentes grupos colectivos que participaron en la reciente marcha el lunes 9 de noviembre en Canc\u00fan y reafirma que no se tolera la violencia en contra de este grupo de poblaci\u00f3n.<\/p>\n\n\n\n<p>\u201cComo mujer y como presidente municipal lamento profundamente la violencia que se ejerci\u00f3 contra ustedes y m\u00e1s que esta haya sido por parte de servidores p\u00fablicos\u201d, enfatiz\u00f3 la Presidente Municipal Mara Lezama.<\/p>\n\n\n\n<p>Dio a conocer que el Ayuntamiento est\u00e1 dando cumplimiento a una doble responsabilidad, que busca esclarecer los hechos lamentables al interior de la corporaci\u00f3n policiaca, para lo cual se han implementado diferentes acciones inmediatas.<\/p>\n\n\n\n<p>\u201cSe realiz\u00f3 la separaci\u00f3n del cargo de manera inmediata del secretario municipal de Seguridad P\u00fablica, Eduardo Santa Mar\u00eda Ch\u00e1vez y se ha instruido a la Direcci\u00f3n de Asuntos Internos para que se investigue a los elementos que participaron en este operativo\u201d, dijo.<\/p>\n\n\n\n<p>Agreg\u00f3 que la autoridad municipal coadyuva con la Fiscal\u00eda General del Estado y con la Fiscal\u00eda General de la Rep\u00fablica proporcionado toda la informaci\u00f3n que ha sido requerida y adicional para esclarecer los hechos.<\/p>\n\n\n\n<p>\u201cLa segunda responsabilidad es garantizar que este tipo de situaciones no vuelvan a ocurrir, por lo que estableceremos una l\u00ednea de trabajo con el Gobierno del Estado y con el Gobierno de M\u00e9xico para continuar con la capacitaci\u00f3n y profesionalizaci\u00f3n de los cuerpos policiacos, con perspectiva de g\u00e9nero\u201d, subray\u00f3.<\/p>\n\n\n\n<p>La Primera Autoridad Municipal anunci\u00f3 que se dieron instrucciones precisas a todas las dependencias de que se prioricen programas y acciones que prevengan cualquier tipo de violencia contra la mujer, siendo la principal la implementaci\u00f3n del Punto Morado.<\/p>\n\n\n\n<p>En esta estrategia se integran cuatro etapas que son: atenci\u00f3n por parte del primer contacto, valoraci\u00f3n del Instituto Municipal de la Mujer, canalizaci\u00f3n inmediata a instancias y dependencias especializadas, y seguimiento preciso de cada uno de los casos.<\/p>\n","protected":false},"excerpt":{"rendered":"<p>(Redacci\u00f3n) Inform\u00f3 que que el Ayuntamiento est\u00e1 dando cumplimiento a una doble responsabilidad, que busca esclarecer los hechos lamentables al interior de la corporaci\u00f3n policiaca, para lo cual se han implementado diferentes acciones inmediatas Canc\u00fan, Quintana Roo, a 12 de noviembre de 2020.- El gobierno municipal atendi\u00f3 el pliego de siete puntos de las mujeres [&hellip;]<\/p>\n","protected":false},"author":1,"featured_media":169651,"comment_status":"open","ping_status":"open","sticky":false,"template":"","format":"standard","meta":{"footnotes":""},"categories":[3],"tags":[],"class_list":["post-169650","post","type-post","status-publish","format-standard","has-post-thumbnail","hentry","category-quintana-roo","entry","has-media"],"jetpack_featured_media_url":"http:\/\/vertienteglobal.com\/wp-content\/uploads\/2020\/11\/01-CANCUN-SE-CONSOLIDA-COMO-DESTINO-DE-PLAYA-LIDER-EN-MEXICO-scaled-1.jpeg","_links":{"self":[{"href":"http:\/\/vertienteglobal.com\/index.php?rest_route=\/wp\/v2\/posts\/169650","targetHints":{"allow":["GET"]}}],"collection":[{"href":"http:\/\/vertienteglobal.com\/index.php?rest_route=\/wp\/v2\/posts"}],"about":[{"href":"http:\/\/vertienteglobal.com\/index.php?rest_route=\/wp\/v2\/types\/post"}],"author":[{"embeddable":true,"href":"http:\/\/vertienteglobal.com\/index.php?rest_route=\/wp\/v2\/users\/1"}],"replies":[{"embeddable":true,"href":"http:\/\/vertienteglobal.com\/index.php?rest_route=%2Fwp%2Fv2%2Fcomments&post=169650"}],"version-history":[{"count":0,"href":"http:\/\/vertienteglobal.com\/index.php?rest_route=\/wp\/v2\/posts\/169650\/revisions"}],"wp:featuredmedia":[{"embeddable":true,"href":"http:\/\/vertienteglobal.com\/index.php?rest_route=\/wp\/v2\/media\/169651"}],"wp:attachment":[{"href":"http:\/\/vertienteglobal.com\/index.php?rest_route=%2Fwp%2Fv2%2Fmedia&parent=169650"}],"wp:term":[{"taxonomy":"category","embeddable":true,"href":"http:\/\/vertienteglobal.com\/index.php?rest_route=%2Fwp%2Fv2%2Fcategories&post=169650"},{"taxonomy":"post_tag","embeddable":true,"href":"http:\/\/vertienteglobal.com\/index.php?rest_route=%2Fwp%2Fv2%2Ftags&post=169650"}],"curies":[{"name":"wp","href":"https:\/\/api.w.org\/{rel}","templated":true}]}}