{"id":169632,"date":"2020-11-12T12:49:00","date_gmt":"2020-11-12T18:49:00","guid":{"rendered":"http:\/\/vertienteglobal.com\/?p=169632"},"modified":"2020-11-12T20:32:04","modified_gmt":"2020-11-13T02:32:04","slug":"supervisa-entrega-de-apoyos-victor-mas-y-personal-de-sedena-en-tulum","status":"publish","type":"post","link":"http:\/\/vertienteglobal.com\/?p=169632","title":{"rendered":"Supervisa entrega de apoyos Victor M\u00e1s y personal de Sedena en Tulum"},"content":{"rendered":"\n<div class=\"twitterbutton\" style=\"float: right; padding-left: 5px;\"><a href=\"http:\/\/twitter.com\/share\" class=\"twitter-share-button\" data-count=\"horizontal\" data-text=\"Supervisa entrega de apoyos Victor M\u00e1s y personal de Sedena en Tulum\" data-via=\"https:\/\/twitter.com\/VertienteGloba1\" data-url=\"http:\/\/vertienteglobal.com\/?p=169632\" data-lang=\"es\" data-related=\"Informaci\u00f3n general:S\u00edguenos para que est\u00e9ss informado\"><\/a><\/div>\n<figure class=\"wp-block-image size-large\"><img loading=\"lazy\" decoding=\"async\" width=\"1024\" height=\"682\" src=\"http:\/\/vertienteglobal.com\/wp-content\/uploads\/2020\/11\/IMG-20201112-WA0032-1024x682.jpg\" alt=\"\" class=\"wp-image-169633\" srcset=\"http:\/\/vertienteglobal.com\/wp-content\/uploads\/2020\/11\/IMG-20201112-WA0032-1024x682.jpg 1024w, http:\/\/vertienteglobal.com\/wp-content\/uploads\/2020\/11\/IMG-20201112-WA0032-300x200.jpg 300w, http:\/\/vertienteglobal.com\/wp-content\/uploads\/2020\/11\/IMG-20201112-WA0032-150x100.jpg 150w, http:\/\/vertienteglobal.com\/wp-content\/uploads\/2020\/11\/IMG-20201112-WA0032-768x512.jpg 768w, http:\/\/vertienteglobal.com\/wp-content\/uploads\/2020\/11\/IMG-20201112-WA0032.jpg 1280w\" sizes=\"auto, (max-width: 1024px) 100vw, 1024px\" \/><\/figure>\n\n\n\n<p>(Antonio Rivera)<\/p>\n\n\n\n<p>El edil realiz\u00f3 el recorrido de supervisi\u00f3n de la entrega de apoyos acompa\u00f1ado por el Capit\u00e1n Segundo de Infanter\u00eda Bonifacio Aguilar y del director de Desarrollo Social, Antonio de la Torre Flota<\/p>\n\n\n\n<p>Tulum, Quintana Roo, a 12 de noviembre, 2020.- Supervisa el presidente municipal Victor Mas y representante de la Secretar\u00eda de la Defensa Nacional (Sedena) la entrega de los apoyos provenientes el Fondo Nacional de Desastres (Fonden), para familias tulumnenses.<\/p>\n\n\n\n<p>El edil realiz\u00f3 el recorrido de supervisi\u00f3n de la entrega de apoyos acompa\u00f1ado por el Capit\u00e1n Segundo de Infanter\u00eda Bonifacio Aguilar y del director de Desarrollo Social, Antonio de la Torre Flota.<\/p>\n\n\n\n<p>Los apoyos en especie consistentes en l\u00e1minas de zinc y alimentos, se entreg\u00f3 a las familias desde temprana hora en las instalaciones del Centro de Desarrollo Comunitario (CDC), desde donde el presidente municipal agradeci\u00f3 el apoyo y las gestiones para que las familias puedan contar con esta ayuda.<\/p>\n\n\n\n<p>Mas de tres mil l\u00e1minas fueron entregadas, lo cual, seg\u00fan explic\u00f3 el presidente municipal Victor Mas, est\u00e1n destinadas para subsanar la afectaci\u00f3n que se dio en viviendas de la cabecera municipal que tuvieron afectaci\u00f3n.<\/p>\n\n\n\n<p>Los beneficios del Fonden llegan a la entidad a trav\u00e9s de la Secretar\u00eda de la Defensa Nacional (Sedena) para la distribuci\u00f3n, y en apoyo al Sistema Nacional de Protecci\u00f3n Civil para la entrega de estos apoyos.<\/p>\n\n\n\n<p>Las l\u00e1minas de zinc es un material m\u00e1s duradero y eso dar\u00e1 a las familias mayor protecci\u00f3n que las de cart\u00f3n.<\/p>\n\n\n\n<p>Se eligi\u00f3 hacer la entrega en el Centro de Desarrollo Comunitario porque hay espacio suficiente para aplicar las medidas de sana distancia y las brigadas para la entrega se integraron por alrededor de 50 personas de arias direcciones del ayuntamiento.<\/p>\n","protected":false},"excerpt":{"rendered":"<p>(Antonio Rivera) El edil realiz\u00f3 el recorrido de supervisi\u00f3n de la entrega de apoyos acompa\u00f1ado por el Capit\u00e1n Segundo de Infanter\u00eda Bonifacio Aguilar y del director de Desarrollo Social, Antonio de la Torre Flota Tulum, Quintana Roo, a 12 de noviembre, 2020.- Supervisa el presidente municipal Victor Mas y representante de la Secretar\u00eda de la [&hellip;]<\/p>\n","protected":false},"author":1,"featured_media":169633,"comment_status":"open","ping_status":"open","sticky":false,"template":"","format":"standard","meta":{"footnotes":""},"categories":[3],"tags":[],"class_list":["post-169632","post","type-post","status-publish","format-standard","has-post-thumbnail","hentry","category-quintana-roo","entry","has-media"],"jetpack_featured_media_url":"http:\/\/vertienteglobal.com\/wp-content\/uploads\/2020\/11\/IMG-20201112-WA0032.jpg","_links":{"self":[{"href":"http:\/\/vertienteglobal.com\/index.php?rest_route=\/wp\/v2\/posts\/169632","targetHints":{"allow":["GET"]}}],"collection":[{"href":"http:\/\/vertienteglobal.com\/index.php?rest_route=\/wp\/v2\/posts"}],"about":[{"href":"http:\/\/vertienteglobal.com\/index.php?rest_route=\/wp\/v2\/types\/post"}],"author":[{"embeddable":true,"href":"http:\/\/vertienteglobal.com\/index.php?rest_route=\/wp\/v2\/users\/1"}],"replies":[{"embeddable":true,"href":"http:\/\/vertienteglobal.com\/index.php?rest_route=%2Fwp%2Fv2%2Fcomments&post=169632"}],"version-history":[{"count":0,"href":"http:\/\/vertienteglobal.com\/index.php?rest_route=\/wp\/v2\/posts\/169632\/revisions"}],"wp:featuredmedia":[{"embeddable":true,"href":"http:\/\/vertienteglobal.com\/index.php?rest_route=\/wp\/v2\/media\/169633"}],"wp:attachment":[{"href":"http:\/\/vertienteglobal.com\/index.php?rest_route=%2Fwp%2Fv2%2Fmedia&parent=169632"}],"wp:term":[{"taxonomy":"category","embeddable":true,"href":"http:\/\/vertienteglobal.com\/index.php?rest_route=%2Fwp%2Fv2%2Fcategories&post=169632"},{"taxonomy":"post_tag","embeddable":true,"href":"http:\/\/vertienteglobal.com\/index.php?rest_route=%2Fwp%2Fv2%2Ftags&post=169632"}],"curies":[{"name":"wp","href":"https:\/\/api.w.org\/{rel}","templated":true}]}}