{"id":169519,"date":"2020-11-10T17:32:00","date_gmt":"2020-11-10T23:32:00","guid":{"rendered":"http:\/\/vertienteglobal.com\/?p=169519"},"modified":"2020-11-10T20:08:25","modified_gmt":"2020-11-11T02:08:25","slug":"presenta-apple-su-nueva-macbook-air","status":"publish","type":"post","link":"http:\/\/vertienteglobal.com\/?p=169519","title":{"rendered":"Presenta Apple su nueva MacBook Air"},"content":{"rendered":"\n<div class=\"twitterbutton\" style=\"float: right; padding-left: 5px;\"><a href=\"http:\/\/twitter.com\/share\" class=\"twitter-share-button\" data-count=\"horizontal\" data-text=\"Presenta Apple su nueva MacBook Air\" data-via=\"https:\/\/twitter.com\/VertienteGloba1\" data-url=\"http:\/\/vertienteglobal.com\/?p=169519\" data-lang=\"es\" data-related=\"Informaci\u00f3n general:S\u00edguenos para que est\u00e9ss informado\"><\/a><\/div>\n<figure class=\"wp-block-image size-large\"><img loading=\"lazy\" decoding=\"async\" width=\"1024\" height=\"683\" src=\"http:\/\/vertienteglobal.com\/wp-content\/uploads\/2020\/11\/124759.jpg\" alt=\"\" class=\"wp-image-169520\" srcset=\"http:\/\/vertienteglobal.com\/wp-content\/uploads\/2020\/11\/124759.jpg 1024w, http:\/\/vertienteglobal.com\/wp-content\/uploads\/2020\/11\/124759-300x200.jpg 300w, http:\/\/vertienteglobal.com\/wp-content\/uploads\/2020\/11\/124759-150x100.jpg 150w, http:\/\/vertienteglobal.com\/wp-content\/uploads\/2020\/11\/124759-768x512.jpg 768w\" sizes=\"auto, (max-width: 1024px) 100vw, 1024px\" \/><\/figure>\n\n\n\n<p>(Redacci\u00f3n)<\/p>\n\n\n\n<p>La empresa especific\u00f3 que los nuevos dispositivos son 3.5 veces m\u00e1s r\u00e1pidos que anteriores, y adem\u00e1s su memoria interna permite que sea m\u00e1s eficaz que cualquier otra laptop<\/p>\n\n\n\n<p>Ciudad de M\u00e9xico a 10 de noviembre de 2020.- La empresa Apple present\u00f3 este martes sus nuevas y renovadas MacBook Air, las cuales se distinguir\u00e1n por ser m\u00e1s silenciosas que sus ediciones pasadas.<\/p>\n\n\n\n<p>La empresa especific\u00f3 que los nuevos dispositivos son 3.5 veces m\u00e1s r\u00e1pidos que anteriores, y adem\u00e1s su memoria interna permite que sea m\u00e1s eficaz que cualquier otra laptop.<\/p>\n\n\n\n<p>Algunas de las estrellas que presentaron la nueva MacBook Air fueron Billie Eilish, Lady Gaga y Tom Hanks.<\/p>\n\n\n\n<p>Apple especific\u00f3 que su regenerado dispositivo costar\u00e1 al p\u00fablico 999 d\u00f3lares, es decir 20 mil pesos mexicanos. (Fuente: Exc\u00e9lsior)<\/p>\n","protected":false},"excerpt":{"rendered":"<p>(Redacci\u00f3n) La empresa especific\u00f3 que los nuevos dispositivos son 3.5 veces m\u00e1s r\u00e1pidos que anteriores, y adem\u00e1s su memoria interna permite que sea m\u00e1s eficaz que cualquier otra laptop Ciudad de M\u00e9xico a 10 de noviembre de 2020.- La empresa Apple present\u00f3 este martes sus nuevas y renovadas MacBook Air, las cuales se distinguir\u00e1n por [&hellip;]<\/p>\n","protected":false},"author":1,"featured_media":169520,"comment_status":"open","ping_status":"open","sticky":false,"template":"","format":"standard","meta":{"footnotes":""},"categories":[8],"tags":[],"class_list":["post-169519","post","type-post","status-publish","format-standard","has-post-thumbnail","hentry","category-pais","entry","has-media"],"jetpack_featured_media_url":"http:\/\/vertienteglobal.com\/wp-content\/uploads\/2020\/11\/124759.jpg","_links":{"self":[{"href":"http:\/\/vertienteglobal.com\/index.php?rest_route=\/wp\/v2\/posts\/169519","targetHints":{"allow":["GET"]}}],"collection":[{"href":"http:\/\/vertienteglobal.com\/index.php?rest_route=\/wp\/v2\/posts"}],"about":[{"href":"http:\/\/vertienteglobal.com\/index.php?rest_route=\/wp\/v2\/types\/post"}],"author":[{"embeddable":true,"href":"http:\/\/vertienteglobal.com\/index.php?rest_route=\/wp\/v2\/users\/1"}],"replies":[{"embeddable":true,"href":"http:\/\/vertienteglobal.com\/index.php?rest_route=%2Fwp%2Fv2%2Fcomments&post=169519"}],"version-history":[{"count":0,"href":"http:\/\/vertienteglobal.com\/index.php?rest_route=\/wp\/v2\/posts\/169519\/revisions"}],"wp:featuredmedia":[{"embeddable":true,"href":"http:\/\/vertienteglobal.com\/index.php?rest_route=\/wp\/v2\/media\/169520"}],"wp:attachment":[{"href":"http:\/\/vertienteglobal.com\/index.php?rest_route=%2Fwp%2Fv2%2Fmedia&parent=169519"}],"wp:term":[{"taxonomy":"category","embeddable":true,"href":"http:\/\/vertienteglobal.com\/index.php?rest_route=%2Fwp%2Fv2%2Fcategories&post=169519"},{"taxonomy":"post_tag","embeddable":true,"href":"http:\/\/vertienteglobal.com\/index.php?rest_route=%2Fwp%2Fv2%2Ftags&post=169519"}],"curies":[{"name":"wp","href":"https:\/\/api.w.org\/{rel}","templated":true}]}}