{"id":169364,"date":"2020-11-06T18:39:00","date_gmt":"2020-11-07T00:39:00","guid":{"rendered":"http:\/\/vertienteglobal.com\/?p=169364"},"modified":"2020-11-06T18:54:37","modified_gmt":"2020-11-07T00:54:37","slug":"checa-cuando-inician-las-vacaciones-de-invierno","status":"publish","type":"post","link":"http:\/\/vertienteglobal.com\/?p=169364","title":{"rendered":"Checa cu\u00e1ndo inician las vacaciones de Invierno"},"content":{"rendered":"\n<div class=\"twitterbutton\" style=\"float: right; padding-left: 5px;\"><a href=\"http:\/\/twitter.com\/share\" class=\"twitter-share-button\" data-count=\"horizontal\" data-text=\"Checa cu\u00e1ndo inician las vacaciones de Invierno\" data-via=\"https:\/\/twitter.com\/VertienteGloba1\" data-url=\"http:\/\/vertienteglobal.com\/?p=169364\" data-lang=\"es\" data-related=\"Informaci\u00f3n general:S\u00edguenos para que est\u00e9ss informado\"><\/a><\/div>\n<figure class=\"wp-block-image size-large\"><img loading=\"lazy\" decoding=\"async\" width=\"1024\" height=\"683\" src=\"http:\/\/vertienteglobal.com\/wp-content\/uploads\/2020\/11\/1129420.jpg\" alt=\"\" class=\"wp-image-169365\" srcset=\"http:\/\/vertienteglobal.com\/wp-content\/uploads\/2020\/11\/1129420.jpg 1024w, http:\/\/vertienteglobal.com\/wp-content\/uploads\/2020\/11\/1129420-300x200.jpg 300w, http:\/\/vertienteglobal.com\/wp-content\/uploads\/2020\/11\/1129420-150x100.jpg 150w, http:\/\/vertienteglobal.com\/wp-content\/uploads\/2020\/11\/1129420-768x512.jpg 768w\" sizes=\"auto, (max-width: 1024px) 100vw, 1024px\" \/><\/figure>\n\n\n\n<p>(Redacci\u00f3n)<\/p>\n\n\n\n<p>La SEP estableci\u00f3 dos periodos vacacionales m\u00e1s para el actual ciclo escolar y son: Segundo periodo.- A partir del 29 de marzo al 9 de abril. Tercero.- Del 10 de julio al 29 de agosto<\/p>\n\n\n\n<p>Ciudad de Mexico a 06 de noviembre de 2020.- Las vacaciones de diciembre comenzar\u00e1n a partir del pr\u00f3ximo lunes 21 de diciembre y hasta el lunes 11 de enero del 2021, fecha en que los menores tendr\u00e1n que reanudar sus funciones escolares, de acuerdo con la Secretar\u00eda de Educaci\u00f3n P\u00fablica (SEP).<\/p>\n\n\n\n<p>La SEP estableci\u00f3 dos periodos vacacionales m\u00e1s para el actual ciclo escolar y son: Segundo periodo.- A partir del 29 de marzo al 9 de abril. Tercero.- Del 10 de julio al 29 de agosto.<\/p>\n\n\n\n<p>El calendario escolar de la SEP que marca 190 d\u00edas de clases, e inici\u00f3 el pasado lunes 24 de agosto y culmina el 9 de julio de 2021, refiere que los estudiantes cuentan tambi\u00e9n con varias fechas de descanso oficial y periodos por tareas administrativas y escolares.<\/p>\n\n\n\n<p>En tanto que los descansos que restan del a\u00f1o son:<\/p>\n\n\n\n<p>Lunes 16 de noviembre: D\u00eda de la Revoluci\u00f3n Mexicana<\/p>\n\n\n\n<p>Viernes 13 de noviembre por descarga administrativa de los profesores.<\/p>\n\n\n\n<p>Viernes 11 de diciembre a causa de una reuni\u00f3n por parte del Consejo T\u00e9cnico Escolar.<\/p>\n\n\n\n<p>Mientras que las fechas oficiales de descanso a partir del 2021 son:<\/p>\n\n\n\n<p>Lunes 1 de febrero: D\u00eda de la Constituci\u00f3n, tambi\u00e9n se recorre.<\/p>\n\n\n\n<p>Lunes 15 de marzo:<br>Natalicio de Benito Ju\u00e1rez.<\/p>\n\n\n\n<p>Mi\u00e9rcoles 5 de mayo: Batalla de Puebla.<\/p>\n\n\n\n<p>Habr\u00e1 Consejo T\u00e9cnico Escolar los d\u00edas:<\/p>\n\n\n\n<p>11 de diciembre<br>7 y 8 de enero<br>19 de febrero<br>12 de abril<br>21 de mayo<br>25 de junio<\/p>\n\n\n\n<p>La SEP marca que los d\u00edas por descarga administrativa, que por primera vez tendr\u00e1n los docentes antes de la entrega de boletas, y que servir\u00e1n tambi\u00e9n de un d\u00eda sin actividad para los menores son:<\/p>\n\n\n\n<p>13 de noviembre<br>*2 de marzo<br>28 de junio<br>(Fuente: Infobae)<\/p>\n","protected":false},"excerpt":{"rendered":"<p>(Redacci\u00f3n) La SEP estableci\u00f3 dos periodos vacacionales m\u00e1s para el actual ciclo escolar y son: Segundo periodo.- A partir del 29 de marzo al 9 de abril. Tercero.- Del 10 de julio al 29 de agosto Ciudad de Mexico a 06 de noviembre de 2020.- Las vacaciones de diciembre comenzar\u00e1n a partir del pr\u00f3ximo lunes [&hellip;]<\/p>\n","protected":false},"author":1,"featured_media":169365,"comment_status":"open","ping_status":"open","sticky":false,"template":"","format":"standard","meta":{"footnotes":""},"categories":[9,8],"tags":[],"class_list":["post-169364","post","type-post","status-publish","format-standard","has-post-thumbnail","hentry","category-educacion","category-pais","entry","has-media"],"jetpack_featured_media_url":"http:\/\/vertienteglobal.com\/wp-content\/uploads\/2020\/11\/1129420.jpg","_links":{"self":[{"href":"http:\/\/vertienteglobal.com\/index.php?rest_route=\/wp\/v2\/posts\/169364","targetHints":{"allow":["GET"]}}],"collection":[{"href":"http:\/\/vertienteglobal.com\/index.php?rest_route=\/wp\/v2\/posts"}],"about":[{"href":"http:\/\/vertienteglobal.com\/index.php?rest_route=\/wp\/v2\/types\/post"}],"author":[{"embeddable":true,"href":"http:\/\/vertienteglobal.com\/index.php?rest_route=\/wp\/v2\/users\/1"}],"replies":[{"embeddable":true,"href":"http:\/\/vertienteglobal.com\/index.php?rest_route=%2Fwp%2Fv2%2Fcomments&post=169364"}],"version-history":[{"count":0,"href":"http:\/\/vertienteglobal.com\/index.php?rest_route=\/wp\/v2\/posts\/169364\/revisions"}],"wp:featuredmedia":[{"embeddable":true,"href":"http:\/\/vertienteglobal.com\/index.php?rest_route=\/wp\/v2\/media\/169365"}],"wp:attachment":[{"href":"http:\/\/vertienteglobal.com\/index.php?rest_route=%2Fwp%2Fv2%2Fmedia&parent=169364"}],"wp:term":[{"taxonomy":"category","embeddable":true,"href":"http:\/\/vertienteglobal.com\/index.php?rest_route=%2Fwp%2Fv2%2Fcategories&post=169364"},{"taxonomy":"post_tag","embeddable":true,"href":"http:\/\/vertienteglobal.com\/index.php?rest_route=%2Fwp%2Fv2%2Ftags&post=169364"}],"curies":[{"name":"wp","href":"https:\/\/api.w.org\/{rel}","templated":true}]}}