{"id":169269,"date":"2020-11-04T14:36:29","date_gmt":"2020-11-04T20:36:29","guid":{"rendered":"http:\/\/vertienteglobal.com\/?p=169269"},"modified":"2020-11-06T11:41:14","modified_gmt":"2020-11-06T17:41:14","slug":"buen-fin-cumple-10-anos-y-por-covid-19-sera-del-9-al-20-de-noviembre","status":"publish","type":"post","link":"http:\/\/vertienteglobal.com\/?p=169269","title":{"rendered":"Buen Fin cumple 10 a\u00f1os y por COVID-19 ser\u00e1 del 9 al 20 de noviembre"},"content":{"rendered":"\n<div class=\"twitterbutton\" style=\"float: right; padding-left: 5px;\"><a href=\"http:\/\/twitter.com\/share\" class=\"twitter-share-button\" data-count=\"horizontal\" data-text=\"Buen Fin cumple 10 a\u00f1os y por COVID-19 ser\u00e1 del 9 al 20 de noviembre\" data-via=\"https:\/\/twitter.com\/VertienteGloba1\" data-url=\"http:\/\/vertienteglobal.com\/?p=169269\" data-lang=\"es\" data-related=\"Informaci\u00f3n general:S\u00edguenos para que est\u00e9ss informado\"><\/a><\/div>\n<figure class=\"wp-block-image size-large\"><img loading=\"lazy\" decoding=\"async\" width=\"800\" height=\"533\" src=\"http:\/\/vertienteglobal.com\/wp-content\/uploads\/2020\/11\/20201106_123835.jpg\" alt=\"\" class=\"wp-image-169270\" srcset=\"http:\/\/vertienteglobal.com\/wp-content\/uploads\/2020\/11\/20201106_123835.jpg 800w, http:\/\/vertienteglobal.com\/wp-content\/uploads\/2020\/11\/20201106_123835-300x200.jpg 300w, http:\/\/vertienteglobal.com\/wp-content\/uploads\/2020\/11\/20201106_123835-150x100.jpg 150w, http:\/\/vertienteglobal.com\/wp-content\/uploads\/2020\/11\/20201106_123835-768x512.jpg 768w\" sizes=\"auto, (max-width: 800px) 100vw, 800px\" \/><\/figure>\n\n\n\n<p>(Redaccion)<\/p>\n\n\n\n<p>Graciela M\u00e1rquez enfatiz\u00f3 que este Buen Fin 2020 se debe cuidar la salud<\/p>\n\n\n\n<p>Ciudad de Mexico a 04 de noviembre de 2020.- La secretaria de Econom\u00eda, Graciela M\u00e1rquez, anunci\u00f3 que la edici\u00f3n del Buen Fin 2020, que se llevar\u00e1 a cabo del 9 al 20 de noviembre, cumple 10 a\u00f1os en medio de la pandemia del coronavirus COVID-19.<\/p>\n\n\n\n<p>\u201cCelebrar la primera d\u00e9cada, nunca imaginamos que esta d\u00e9cima edici\u00f3n iba a estar marcada por las condiciones sanitarias que hoy vivimos\u201d, declar\u00f3 la funcionaria federal en la conferencia matutina del presidente Andr\u00e9s Manuel L\u00f3pez Obrador.<\/p>\n\n\n\n<p>Graciela M\u00e1rquez enfatiz\u00f3 que este Buen Fin 2020 se debe cuidar la salud.<\/p>\n\n\n\n<p>\u201cLa buena noticia aqu\u00ed es que se va a celebrar el Buen Fin, pero todos: sector p\u00fablico, sector privado y consumidores cuidaremos la salud, esa es una de las novedades de esta d\u00e9cima edici\u00f3n\u201d, se\u00f1al\u00f3 la funcionaria.<\/p>\n\n\n\n<p>La secretaria de Econom\u00eda detall\u00f3 que la raz\u00f3n por la que ampliaron el n\u00famero de d\u00edas del Buen Fin es para cuidar la salud de la ciudadan\u00eda y evitar los contagios por COVID-19.<br>\u201cPara evitar las aglomeraciones y moderaci\u00f3n de aforos se extiende el n\u00famero de d\u00edas del Buen Fin, que estar\u00e1 vigente del 9 al 20 de noviembre\u201d, apunt\u00f3.<\/p>\n\n\n\n<p>Por su parte Zo\u00e9 Robledo, titular del Instituto Mexicano del Seguro Social (IMSS) dio a conocer las acciones espec\u00edficas sanitarias para este Buen Fin 2020, entre las que se encuentran pagos con medios electr\u00f3nicos, cat\u00e1logos electr\u00f3nicos, protocolos de limpieza, desinfecci\u00f3n permanente y cajas espec\u00edficas para cobro en efectivo.<\/p>\n\n\n\n<p>Tambi\u00e9n habr\u00e1 medidas sanitarias para el manejo de las mercanc\u00edas y para el cuidado de los empleados en las tiendas.<\/p>\n\n\n\n<p>Durante la presentaci\u00f3n el Buen Fin 2020, la secretaria de Econom\u00eda destac\u00f3 que el sector p\u00fablico no pone ning\u00fan aporte presupuestal, sino que es una colaboraci\u00f3n con el sector privado en beneficio de la econom\u00eda familiar mexicana.<\/p>\n\n\n\n<p>\u201cEl Buen Fin tiene como prop\u00f3sito el apoyo a la econom\u00eda familiar porque se ha hecho ya una tradici\u00f3n de ahorro, de destinar el ahorro para la adquisici\u00f3n de bienes dadas las ofertas que se ofrecen en el Buen Fin, tambi\u00e9n se incentiva la actividad del mercado interno, se fomenta el comercio formal a trav\u00e9s de los sorteos que realizan las tiendas a los pagos en tarjeta de cr\u00e9dito, a trav\u00e9s de un est\u00edmulo que otorga el SAT, y hay un respeto pleno a los derechos del consumidor\u201d, dijo Graciela Marques.<\/p>\n\n\n\n<p>Por su parte, Arturo Herrera, secretario de Hacienda, inform\u00f3 que la primera mitad del aguinaldo de los bur\u00f3cratas se pagar\u00e1 el pr\u00f3ximo 9 de noviembre.<br>\u201cComo una medida para apoyar el Buen Fin, el Gobierno de M\u00e9xico ha tomado la decisi\u00f3n de adelantar la primera mitad del aguinaldo.<\/p>\n\n\n\n<p>El presidente va a firmar dos decretos, uno mediante el cual se da el apoyo fiscal para El Buen Fin y el otro decreto es el que tienen que ver con el aguinaldo\u201d, anunci\u00f3 el titular de la Secretar\u00eda de Hacienda. (Fuente: Noticieros Televisa)<\/p>\n","protected":false},"excerpt":{"rendered":"<p>(Redaccion) Graciela M\u00e1rquez enfatiz\u00f3 que este Buen Fin 2020 se debe cuidar la salud Ciudad de Mexico a 04 de noviembre de 2020.- La secretaria de Econom\u00eda, Graciela M\u00e1rquez, anunci\u00f3 que la edici\u00f3n del Buen Fin 2020, que se llevar\u00e1 a cabo del 9 al 20 de noviembre, cumple 10 a\u00f1os en medio de la [&hellip;]<\/p>\n","protected":false},"author":1,"featured_media":169270,"comment_status":"open","ping_status":"open","sticky":false,"template":"","format":"standard","meta":{"footnotes":""},"categories":[8],"tags":[],"class_list":["post-169269","post","type-post","status-publish","format-standard","has-post-thumbnail","hentry","category-pais","entry","has-media"],"jetpack_featured_media_url":"http:\/\/vertienteglobal.com\/wp-content\/uploads\/2020\/11\/20201106_123835.jpg","_links":{"self":[{"href":"http:\/\/vertienteglobal.com\/index.php?rest_route=\/wp\/v2\/posts\/169269","targetHints":{"allow":["GET"]}}],"collection":[{"href":"http:\/\/vertienteglobal.com\/index.php?rest_route=\/wp\/v2\/posts"}],"about":[{"href":"http:\/\/vertienteglobal.com\/index.php?rest_route=\/wp\/v2\/types\/post"}],"author":[{"embeddable":true,"href":"http:\/\/vertienteglobal.com\/index.php?rest_route=\/wp\/v2\/users\/1"}],"replies":[{"embeddable":true,"href":"http:\/\/vertienteglobal.com\/index.php?rest_route=%2Fwp%2Fv2%2Fcomments&post=169269"}],"version-history":[{"count":0,"href":"http:\/\/vertienteglobal.com\/index.php?rest_route=\/wp\/v2\/posts\/169269\/revisions"}],"wp:featuredmedia":[{"embeddable":true,"href":"http:\/\/vertienteglobal.com\/index.php?rest_route=\/wp\/v2\/media\/169270"}],"wp:attachment":[{"href":"http:\/\/vertienteglobal.com\/index.php?rest_route=%2Fwp%2Fv2%2Fmedia&parent=169269"}],"wp:term":[{"taxonomy":"category","embeddable":true,"href":"http:\/\/vertienteglobal.com\/index.php?rest_route=%2Fwp%2Fv2%2Fcategories&post=169269"},{"taxonomy":"post_tag","embeddable":true,"href":"http:\/\/vertienteglobal.com\/index.php?rest_route=%2Fwp%2Fv2%2Ftags&post=169269"}],"curies":[{"name":"wp","href":"https:\/\/api.w.org\/{rel}","templated":true}]}}