{"id":169199,"date":"2020-11-03T10:38:00","date_gmt":"2020-11-03T16:38:00","guid":{"rendered":"http:\/\/vertienteglobal.com\/?p=169199"},"modified":"2020-11-03T13:39:52","modified_gmt":"2020-11-03T19:39:52","slug":"no-vamos-a-exponer-ninguna-candidatura-en-veracruz-pan","status":"publish","type":"post","link":"http:\/\/vertienteglobal.com\/?p=169199","title":{"rendered":"No vamos a exponer ninguna candidatura en Veracruz: PAN"},"content":{"rendered":"\n<div class=\"twitterbutton\" style=\"float: right; padding-left: 5px;\"><a href=\"http:\/\/twitter.com\/share\" class=\"twitter-share-button\" data-count=\"horizontal\" data-text=\"No vamos a exponer ninguna candidatura en Veracruz: PAN\" data-via=\"https:\/\/twitter.com\/VertienteGloba1\" data-url=\"http:\/\/vertienteglobal.com\/?p=169199\" data-lang=\"es\" data-related=\"Informaci\u00f3n general:S\u00edguenos para que est\u00e9ss informado\"><\/a><\/div>\n<figure class=\"wp-block-image size-large\"><img loading=\"lazy\" decoding=\"async\" width=\"1024\" height=\"576\" src=\"http:\/\/vertienteglobal.com\/wp-content\/uploads\/2020\/11\/1128874.jpg\" alt=\"\" class=\"wp-image-169200\" srcset=\"http:\/\/vertienteglobal.com\/wp-content\/uploads\/2020\/11\/1128874.jpg 1024w, http:\/\/vertienteglobal.com\/wp-content\/uploads\/2020\/11\/1128874-300x169.jpg 300w, http:\/\/vertienteglobal.com\/wp-content\/uploads\/2020\/11\/1128874-150x84.jpg 150w, http:\/\/vertienteglobal.com\/wp-content\/uploads\/2020\/11\/1128874-768x432.jpg 768w\" sizes=\"auto, (max-width: 1024px) 100vw, 1024px\" \/><\/figure>\n\n\n\n<p>(Redaccion)<\/p>\n\n\n\n<p>Afirm\u00f3 que todos los candidatos por Acci\u00f3n Nacional tendr\u00e1n que cumplir de acuerdo a lo que marca la ley<\/p>\n\n\n\n<p>Veracruz, Veracruz, a 03 de noviembre de 2020.- El dirigente estatal del Partido Acci\u00f3n Nacional (PAN), Rosendo Joaqu\u00edn Guzm\u00e1n Avil\u00e9s, dejo en clar\u00f3 que es importante que todos los candidatos cumplan con los requisitos legales porque no van a exponer ninguna candidatura en el estado de Veracruz.<\/p>\n\n\n\n<p>Y es aue entrevistado por diversos medios decomunicacion, afirmo: \u00abPara nosotros es importante que todos los candidatos cumplan con los requisitos legales, no vamos a exponer ninguna candidatura, porque tenemos la posibilidad de ganar muchas presidencias municipales\u201d.<\/p>\n\n\n\n<p>Al ser cuestionado si el ex alcalde de Boca del R\u00edo, Miguel \u00c1ngel Yunes M\u00e1rquez podr\u00eda alcanzar alguna candidatura, afirm\u00f3 que todos los candidatos por Acci\u00f3n Nacional tendr\u00e1n que cumplir de acuerdo a lo que marca la ley.<\/p>\n\n\n\n<p>\u201cNo sabemos si tiene la posibilidad de ser candidato, que eso precisamente se tendr\u00eda que ver en su momento, nosotros se tendr\u00edamos que ver en su momento, nosotros lo vamos a hacer de acuerdo a la ley, si cumplen, adelante, si no cumplen, lo sentimos mucho\u201d.<\/p>\n","protected":false},"excerpt":{"rendered":"<p>(Redaccion) Afirm\u00f3 que todos los candidatos por Acci\u00f3n Nacional tendr\u00e1n que cumplir de acuerdo a lo que marca la ley Veracruz, Veracruz, a 03 de noviembre de 2020.- El dirigente estatal del Partido Acci\u00f3n Nacional (PAN), Rosendo Joaqu\u00edn Guzm\u00e1n Avil\u00e9s, dejo en clar\u00f3 que es importante que todos los candidatos cumplan con los requisitos legales [&hellip;]<\/p>\n","protected":false},"author":1,"featured_media":169200,"comment_status":"open","ping_status":"open","sticky":false,"template":"","format":"standard","meta":{"footnotes":""},"categories":[7],"tags":[],"class_list":["post-169199","post","type-post","status-publish","format-standard","has-post-thumbnail","hentry","category-veracruz","entry","has-media"],"jetpack_featured_media_url":"http:\/\/vertienteglobal.com\/wp-content\/uploads\/2020\/11\/1128874.jpg","_links":{"self":[{"href":"http:\/\/vertienteglobal.com\/index.php?rest_route=\/wp\/v2\/posts\/169199","targetHints":{"allow":["GET"]}}],"collection":[{"href":"http:\/\/vertienteglobal.com\/index.php?rest_route=\/wp\/v2\/posts"}],"about":[{"href":"http:\/\/vertienteglobal.com\/index.php?rest_route=\/wp\/v2\/types\/post"}],"author":[{"embeddable":true,"href":"http:\/\/vertienteglobal.com\/index.php?rest_route=\/wp\/v2\/users\/1"}],"replies":[{"embeddable":true,"href":"http:\/\/vertienteglobal.com\/index.php?rest_route=%2Fwp%2Fv2%2Fcomments&post=169199"}],"version-history":[{"count":0,"href":"http:\/\/vertienteglobal.com\/index.php?rest_route=\/wp\/v2\/posts\/169199\/revisions"}],"wp:featuredmedia":[{"embeddable":true,"href":"http:\/\/vertienteglobal.com\/index.php?rest_route=\/wp\/v2\/media\/169200"}],"wp:attachment":[{"href":"http:\/\/vertienteglobal.com\/index.php?rest_route=%2Fwp%2Fv2%2Fmedia&parent=169199"}],"wp:term":[{"taxonomy":"category","embeddable":true,"href":"http:\/\/vertienteglobal.com\/index.php?rest_route=%2Fwp%2Fv2%2Fcategories&post=169199"},{"taxonomy":"post_tag","embeddable":true,"href":"http:\/\/vertienteglobal.com\/index.php?rest_route=%2Fwp%2Fv2%2Ftags&post=169199"}],"curies":[{"name":"wp","href":"https:\/\/api.w.org\/{rel}","templated":true}]}}