{"id":169085,"date":"2020-11-01T14:34:21","date_gmt":"2020-11-01T20:34:21","guid":{"rendered":"http:\/\/vertienteglobal.com\/?p=169085"},"modified":"2020-11-02T14:36:49","modified_gmt":"2020-11-02T20:36:49","slug":"ayuntamiento-de-tulum-lamenta-hechos-de-violencia-en-vagalume","status":"publish","type":"post","link":"http:\/\/vertienteglobal.com\/?p=169085","title":{"rendered":"Ayuntamiento de Tulum lamenta hechos de violencia en Vagalume"},"content":{"rendered":"\n<div class=\"twitterbutton\" style=\"float: right; padding-left: 5px;\"><a href=\"http:\/\/twitter.com\/share\" class=\"twitter-share-button\" data-count=\"horizontal\" data-text=\"Ayuntamiento de Tulum lamenta hechos de violencia en Vagalume\" data-via=\"https:\/\/twitter.com\/VertienteGloba1\" data-url=\"http:\/\/vertienteglobal.com\/?p=169085\" data-lang=\"es\" data-related=\"Informaci\u00f3n general:S\u00edguenos para que est\u00e9ss informado\"><\/a><\/div>\n<figure class=\"wp-block-image size-large\"><img loading=\"lazy\" decoding=\"async\" width=\"1024\" height=\"682\" src=\"http:\/\/vertienteglobal.com\/wp-content\/uploads\/2020\/11\/IMG-20201101-WA0035-1024x682.jpg\" alt=\"\" class=\"wp-image-169086\" srcset=\"http:\/\/vertienteglobal.com\/wp-content\/uploads\/2020\/11\/IMG-20201101-WA0035-1024x682.jpg 1024w, http:\/\/vertienteglobal.com\/wp-content\/uploads\/2020\/11\/IMG-20201101-WA0035-300x200.jpg 300w, http:\/\/vertienteglobal.com\/wp-content\/uploads\/2020\/11\/IMG-20201101-WA0035-150x100.jpg 150w, http:\/\/vertienteglobal.com\/wp-content\/uploads\/2020\/11\/IMG-20201101-WA0035-768x512.jpg 768w, http:\/\/vertienteglobal.com\/wp-content\/uploads\/2020\/11\/IMG-20201101-WA0035.jpg 1280w\" sizes=\"auto, (max-width: 1024px) 100vw, 1024px\" \/><\/figure>\n\n\n\n<p>(Redacci\u00f3n)<\/p>\n\n\n\n<p>Se dar\u00e1 seguimiento a las investigaciones que realizar\u00e1n las autoridades estatales para esclarecer el caso<\/p>\n\n\n\n<p>Tulum, Quintana Roo, 1 de noviembre de 2020.- Ante los hechos de violencia registrados la noche de este 31 de octubre en el Club de Playa Vagalume, donde dos personas fallecieron y tres resultaron heridas, el Ayuntamiento de Tulum, encabezado por el Presidente Municipal Victor Mas Tah, lamenta lo acontecido y dar\u00e1 seguimiento a las investigaciones para el esclarecimiento del caso.<\/p>\n\n\n\n<p>Las autoridades municipales llevaron a cabo la inspecci\u00f3n pertinente en el mencionado club, el cual se encontraba operando de manera normal con una afluencia de alrededor de 200 asistentes y siguiendo los protocolos sanitarios establecidos por las autoridades.<\/p>\n\n\n\n<p>Esta administraci\u00f3n reitera su compromiso con la seguridad y bienestar de las familias tulumnenses y los visitantes, por lo que seguiremos trabajando de la mano del Gobierno de Quintana Roo para atender sus necesidades y evitar que este tipo de hechos afecte a residentes y turistas.<\/p>\n\n\n\n<p>Se estar\u00e1 dando seguimiento de la investigaci\u00f3n que realice la Fiscal\u00eda General del Estado para el esclarecimiento de este caso.<\/p>\n","protected":false},"excerpt":{"rendered":"<p>(Redacci\u00f3n) Se dar\u00e1 seguimiento a las investigaciones que realizar\u00e1n las autoridades estatales para esclarecer el caso Tulum, Quintana Roo, 1 de noviembre de 2020.- Ante los hechos de violencia registrados la noche de este 31 de octubre en el Club de Playa Vagalume, donde dos personas fallecieron y tres resultaron heridas, el Ayuntamiento de Tulum, [&hellip;]<\/p>\n","protected":false},"author":1,"featured_media":169086,"comment_status":"open","ping_status":"open","sticky":false,"template":"","format":"standard","meta":{"footnotes":""},"categories":[3],"tags":[],"class_list":["post-169085","post","type-post","status-publish","format-standard","has-post-thumbnail","hentry","category-quintana-roo","entry","has-media"],"jetpack_featured_media_url":"http:\/\/vertienteglobal.com\/wp-content\/uploads\/2020\/11\/IMG-20201101-WA0035.jpg","_links":{"self":[{"href":"http:\/\/vertienteglobal.com\/index.php?rest_route=\/wp\/v2\/posts\/169085","targetHints":{"allow":["GET"]}}],"collection":[{"href":"http:\/\/vertienteglobal.com\/index.php?rest_route=\/wp\/v2\/posts"}],"about":[{"href":"http:\/\/vertienteglobal.com\/index.php?rest_route=\/wp\/v2\/types\/post"}],"author":[{"embeddable":true,"href":"http:\/\/vertienteglobal.com\/index.php?rest_route=\/wp\/v2\/users\/1"}],"replies":[{"embeddable":true,"href":"http:\/\/vertienteglobal.com\/index.php?rest_route=%2Fwp%2Fv2%2Fcomments&post=169085"}],"version-history":[{"count":0,"href":"http:\/\/vertienteglobal.com\/index.php?rest_route=\/wp\/v2\/posts\/169085\/revisions"}],"wp:featuredmedia":[{"embeddable":true,"href":"http:\/\/vertienteglobal.com\/index.php?rest_route=\/wp\/v2\/media\/169086"}],"wp:attachment":[{"href":"http:\/\/vertienteglobal.com\/index.php?rest_route=%2Fwp%2Fv2%2Fmedia&parent=169085"}],"wp:term":[{"taxonomy":"category","embeddable":true,"href":"http:\/\/vertienteglobal.com\/index.php?rest_route=%2Fwp%2Fv2%2Fcategories&post=169085"},{"taxonomy":"post_tag","embeddable":true,"href":"http:\/\/vertienteglobal.com\/index.php?rest_route=%2Fwp%2Fv2%2Ftags&post=169085"}],"curies":[{"name":"wp","href":"https:\/\/api.w.org\/{rel}","templated":true}]}}