{"id":169069,"date":"2020-11-01T15:00:00","date_gmt":"2020-11-01T21:00:00","guid":{"rendered":"http:\/\/vertienteglobal.com\/?p=169069"},"modified":"2020-11-01T18:00:49","modified_gmt":"2020-11-02T00:00:49","slug":"cancelacion-de-vuelos-de-interjet-fue-por-falta-de-pago-de-turbosina-asa","status":"publish","type":"post","link":"http:\/\/vertienteglobal.com\/?p=169069","title":{"rendered":"Cancelaci\u00f3n de vuelos de Interjet fue por falta de pago de turbosina: ASA"},"content":{"rendered":"\n<div class=\"twitterbutton\" style=\"float: right; padding-left: 5px;\"><a href=\"http:\/\/twitter.com\/share\" class=\"twitter-share-button\" data-count=\"horizontal\" data-text=\"Cancelaci\u00f3n de vuelos de Interjet fue por falta de pago de turbosina: ASA\" data-via=\"https:\/\/twitter.com\/VertienteGloba1\" data-url=\"http:\/\/vertienteglobal.com\/?p=169069\" data-lang=\"es\" data-related=\"Informaci\u00f3n general:S\u00edguenos para que est\u00e9ss informado\"><\/a><\/div>\n<figure class=\"wp-block-image size-large\"><img loading=\"lazy\" decoding=\"async\" width=\"1024\" height=\"683\" src=\"http:\/\/vertienteglobal.com\/wp-content\/uploads\/2020\/11\/123795.jpg\" alt=\"\" class=\"wp-image-169070\" srcset=\"http:\/\/vertienteglobal.com\/wp-content\/uploads\/2020\/11\/123795.jpg 1024w, http:\/\/vertienteglobal.com\/wp-content\/uploads\/2020\/11\/123795-300x200.jpg 300w, http:\/\/vertienteglobal.com\/wp-content\/uploads\/2020\/11\/123795-150x100.jpg 150w, http:\/\/vertienteglobal.com\/wp-content\/uploads\/2020\/11\/123795-768x512.jpg 768w\" sizes=\"auto, (max-width: 1024px) 100vw, 1024px\" \/><\/figure>\n\n\n\n<p>(Redacci\u00f3n)<\/p>\n\n\n\n<p>ASA explic\u00f3 que Interjet adquiere el combustible mediante la opci\u00f3n de pre pago, lo cual debi\u00f3 haber realizado un d\u00eda antes de este domingo<\/p>\n\n\n\n<p>Ciudad de M\u00e9xico a 01 de noviembre de 2020.-Aeropuertos y Servicios Auxiliares (ASA) dio a conocer que la cancelaci\u00f3n de todos los vuelos de Interjet fue porque la empresa no hizo el pago para comprar la turbosina que utilizan los aviones como combustible.<\/p>\n\n\n\n<p>Y es que Diario Milenio se\u00f1al\u00f3 que la aerol\u00ednea no habr\u00eda pagado el energ\u00e9tico y por ello no recibi\u00f3 el suministro para los vuelos programados de este 1 de noviembre.<\/p>\n\n\n\n<p>ASA explic\u00f3 que Interjet adquiere el combustible mediante la opci\u00f3n de pre pago, lo cual debi\u00f3 haber realizado un d\u00eda antes de este domingo.<\/p>\n\n\n\n<p>La empresa dio a conocer durante esta ma\u00f1ana la cancelaci\u00f3n de sus vuelos, pero no especific\u00f3 las causas de esta decisi\u00f3n.<\/p>\n\n\n\n<p>Dichos vuelos ser\u00e1n reprogramados a partir del martes 3 de noviembre. (Fuente: Milenio)<\/p>\n","protected":false},"excerpt":{"rendered":"<p>(Redacci\u00f3n) ASA explic\u00f3 que Interjet adquiere el combustible mediante la opci\u00f3n de pre pago, lo cual debi\u00f3 haber realizado un d\u00eda antes de este domingo Ciudad de M\u00e9xico a 01 de noviembre de 2020.-Aeropuertos y Servicios Auxiliares (ASA) dio a conocer que la cancelaci\u00f3n de todos los vuelos de Interjet fue porque la empresa no [&hellip;]<\/p>\n","protected":false},"author":1,"featured_media":169070,"comment_status":"open","ping_status":"open","sticky":false,"template":"","format":"standard","meta":{"footnotes":""},"categories":[8],"tags":[],"class_list":["post-169069","post","type-post","status-publish","format-standard","has-post-thumbnail","hentry","category-pais","entry","has-media"],"jetpack_featured_media_url":"http:\/\/vertienteglobal.com\/wp-content\/uploads\/2020\/11\/123795.jpg","_links":{"self":[{"href":"http:\/\/vertienteglobal.com\/index.php?rest_route=\/wp\/v2\/posts\/169069","targetHints":{"allow":["GET"]}}],"collection":[{"href":"http:\/\/vertienteglobal.com\/index.php?rest_route=\/wp\/v2\/posts"}],"about":[{"href":"http:\/\/vertienteglobal.com\/index.php?rest_route=\/wp\/v2\/types\/post"}],"author":[{"embeddable":true,"href":"http:\/\/vertienteglobal.com\/index.php?rest_route=\/wp\/v2\/users\/1"}],"replies":[{"embeddable":true,"href":"http:\/\/vertienteglobal.com\/index.php?rest_route=%2Fwp%2Fv2%2Fcomments&post=169069"}],"version-history":[{"count":0,"href":"http:\/\/vertienteglobal.com\/index.php?rest_route=\/wp\/v2\/posts\/169069\/revisions"}],"wp:featuredmedia":[{"embeddable":true,"href":"http:\/\/vertienteglobal.com\/index.php?rest_route=\/wp\/v2\/media\/169070"}],"wp:attachment":[{"href":"http:\/\/vertienteglobal.com\/index.php?rest_route=%2Fwp%2Fv2%2Fmedia&parent=169069"}],"wp:term":[{"taxonomy":"category","embeddable":true,"href":"http:\/\/vertienteglobal.com\/index.php?rest_route=%2Fwp%2Fv2%2Fcategories&post=169069"},{"taxonomy":"post_tag","embeddable":true,"href":"http:\/\/vertienteglobal.com\/index.php?rest_route=%2Fwp%2Fv2%2Ftags&post=169069"}],"curies":[{"name":"wp","href":"https:\/\/api.w.org\/{rel}","templated":true}]}}