{"id":169057,"date":"2020-10-30T22:33:33","date_gmt":"2020-10-31T04:33:33","guid":{"rendered":"http:\/\/vertienteglobal.com\/?p=169057"},"modified":"2020-11-01T17:37:36","modified_gmt":"2020-11-01T23:37:36","slug":"facebook-lanza-version-modo-oscuro-para-su-app-movil","status":"publish","type":"post","link":"http:\/\/vertienteglobal.com\/?p=169057","title":{"rendered":"Facebook lanza versi\u00f3n &#8216;modo oscuro&#8217; para su app m\u00f3vil"},"content":{"rendered":"\n<div class=\"twitterbutton\" style=\"float: right; padding-left: 5px;\"><a href=\"http:\/\/twitter.com\/share\" class=\"twitter-share-button\" data-count=\"horizontal\" data-text=\"Facebook lanza versi\u00f3n &#8216;modo oscuro&#8217; para su app m\u00f3vil\" data-via=\"https:\/\/twitter.com\/VertienteGloba1\" data-url=\"http:\/\/vertienteglobal.com\/?p=169057\" data-lang=\"es\" data-related=\"Informaci\u00f3n general:S\u00edguenos para que est\u00e9ss informado\"><\/a><\/div>\n<figure class=\"wp-block-image size-large\"><img loading=\"lazy\" decoding=\"async\" width=\"1024\" height=\"559\" src=\"http:\/\/vertienteglobal.com\/wp-content\/uploads\/2020\/11\/1128373.jpg\" alt=\"\" class=\"wp-image-169058\" srcset=\"http:\/\/vertienteglobal.com\/wp-content\/uploads\/2020\/11\/1128373.jpg 1024w, http:\/\/vertienteglobal.com\/wp-content\/uploads\/2020\/11\/1128373-300x164.jpg 300w, http:\/\/vertienteglobal.com\/wp-content\/uploads\/2020\/11\/1128373-150x82.jpg 150w, http:\/\/vertienteglobal.com\/wp-content\/uploads\/2020\/11\/1128373-768x419.jpg 768w\" sizes=\"auto, (max-width: 1024px) 100vw, 1024px\" \/><\/figure>\n\n\n\n<p>(Redacci\u00f3n)<\/p>\n\n\n\n<p>Recuerda que debes tener un dispositivo con sistema operativo Android 10 o superior para hacer el cambio<\/p>\n\n\n\n<p>Ciudad de M\u00e9xico, a 30 de octubre de 2020.-Finalmente, Facebook lanz\u00f3 la versi\u00f3n &#8216;modo oscuro&#8217; en su aplicaci\u00f3n para dispositivos m\u00f3viles con el sistema operativo Android, esto para mejorar la experiencia de sus usuarios ayud\u00e1ndoles a cuidar su vista y la bater\u00eda de su celular mientras navegan en la red social.<\/p>\n\n\n\n<p>\u00bfC\u00f3mo activar el modo oscuro en la app de Facebook?<\/p>\n\n\n\n<p>Para activar el modo oscuro desde tu celular solamente debes seguir estos sencillos pasos:<\/p>\n\n\n\n<p>Entra a la opci\u00f3n &#8216;Configuraci\u00f3n y privacidad&#8217; desde el men\u00fa principal de la aplicaci\u00f3n de Facebook<br>Localiza el apartado de &#8216;Modo oscuro&#8217;.<\/p>\n\n\n\n<p>Aseg\u00farate de activar la barra de selecci\u00f3n Listo.<\/p>\n\n\n\n<p>Ahora la imagen de tu app cambiar\u00e1 para ayudarte a cuidar tu vista y la bater\u00eda de tu tel\u00e9fono.<\/p>\n\n\n\n<p>Recuerda que debes tener un dispositivo con sistema operativo Android 10 o superior para hacer el cambio. (Fuente:Milenio)<\/p>\n","protected":false},"excerpt":{"rendered":"<p>(Redacci\u00f3n) Recuerda que debes tener un dispositivo con sistema operativo Android 10 o superior para hacer el cambio Ciudad de M\u00e9xico, a 30 de octubre de 2020.-Finalmente, Facebook lanz\u00f3 la versi\u00f3n &#8216;modo oscuro&#8217; en su aplicaci\u00f3n para dispositivos m\u00f3viles con el sistema operativo Android, esto para mejorar la experiencia de sus usuarios ayud\u00e1ndoles a cuidar [&hellip;]<\/p>\n","protected":false},"author":1,"featured_media":169058,"comment_status":"open","ping_status":"open","sticky":false,"template":"","format":"standard","meta":{"footnotes":""},"categories":[8],"tags":[],"class_list":["post-169057","post","type-post","status-publish","format-standard","has-post-thumbnail","hentry","category-pais","entry","has-media"],"jetpack_featured_media_url":"http:\/\/vertienteglobal.com\/wp-content\/uploads\/2020\/11\/1128373.jpg","_links":{"self":[{"href":"http:\/\/vertienteglobal.com\/index.php?rest_route=\/wp\/v2\/posts\/169057","targetHints":{"allow":["GET"]}}],"collection":[{"href":"http:\/\/vertienteglobal.com\/index.php?rest_route=\/wp\/v2\/posts"}],"about":[{"href":"http:\/\/vertienteglobal.com\/index.php?rest_route=\/wp\/v2\/types\/post"}],"author":[{"embeddable":true,"href":"http:\/\/vertienteglobal.com\/index.php?rest_route=\/wp\/v2\/users\/1"}],"replies":[{"embeddable":true,"href":"http:\/\/vertienteglobal.com\/index.php?rest_route=%2Fwp%2Fv2%2Fcomments&post=169057"}],"version-history":[{"count":0,"href":"http:\/\/vertienteglobal.com\/index.php?rest_route=\/wp\/v2\/posts\/169057\/revisions"}],"wp:featuredmedia":[{"embeddable":true,"href":"http:\/\/vertienteglobal.com\/index.php?rest_route=\/wp\/v2\/media\/169058"}],"wp:attachment":[{"href":"http:\/\/vertienteglobal.com\/index.php?rest_route=%2Fwp%2Fv2%2Fmedia&parent=169057"}],"wp:term":[{"taxonomy":"category","embeddable":true,"href":"http:\/\/vertienteglobal.com\/index.php?rest_route=%2Fwp%2Fv2%2Fcategories&post=169057"},{"taxonomy":"post_tag","embeddable":true,"href":"http:\/\/vertienteglobal.com\/index.php?rest_route=%2Fwp%2Fv2%2Ftags&post=169057"}],"curies":[{"name":"wp","href":"https:\/\/api.w.org\/{rel}","templated":true}]}}