{"id":168719,"date":"2020-10-26T17:01:50","date_gmt":"2020-10-26T23:01:50","guid":{"rendered":"http:\/\/vertienteglobal.com\/?p=168719"},"modified":"2020-10-27T11:02:48","modified_gmt":"2020-10-27T17:02:48","slug":"lleva-cecilia-patron-a-la-camara-de-diputados-sentir-de-la-sociedad-yucateca","status":"publish","type":"post","link":"http:\/\/vertienteglobal.com\/?p=168719","title":{"rendered":"Lleva Cecilia Patr\u00f3n a la C\u00e1mara de Diputados sentir de la sociedad yucateca"},"content":{"rendered":"\n<div class=\"twitterbutton\" style=\"float: right; padding-left: 5px;\"><a href=\"http:\/\/twitter.com\/share\" class=\"twitter-share-button\" data-count=\"horizontal\" data-text=\"Lleva Cecilia Patr\u00f3n a la C\u00e1mara de Diputados sentir de la sociedad yucateca\" data-via=\"https:\/\/twitter.com\/VertienteGloba1\" data-url=\"http:\/\/vertienteglobal.com\/?p=168719\" data-lang=\"es\" data-related=\"Informaci\u00f3n general:S\u00edguenos para que est\u00e9ss informado\"><\/a><\/div>\n<figure class=\"wp-block-image size-large\"><img loading=\"lazy\" decoding=\"async\" width=\"600\" height=\"341\" src=\"http:\/\/vertienteglobal.com\/wp-content\/uploads\/2020\/10\/IMG_20201027_115506.jpg\" alt=\"\" class=\"wp-image-168720\" srcset=\"http:\/\/vertienteglobal.com\/wp-content\/uploads\/2020\/10\/IMG_20201027_115506.jpg 600w, http:\/\/vertienteglobal.com\/wp-content\/uploads\/2020\/10\/IMG_20201027_115506-300x171.jpg 300w, http:\/\/vertienteglobal.com\/wp-content\/uploads\/2020\/10\/IMG_20201027_115506-150x85.jpg 150w\" sizes=\"auto, (max-width: 600px) 100vw, 600px\" \/><\/figure>\n\n\n\n<p>(Redacci\u00f3n)<\/p>\n\n\n\n<p>La intervenci\u00f3n fue para presentar de manera conjunta cinco reservas con respecto de Las modificaciones que se pretenden imponer en la Ley del Impuesto Sobre la Renta, que ponen en grave riesgo a las organizaciones independientes que cobran vida desde y para la solidaridad, actuando en autonom\u00eda frente al \u00e1mbito pol\u00edtico, de gobierno y de mercado<\/p>\n\n\n\n<p>Ciudad de M\u00e9xico a 26 de octubre de 2020.- La diputada federal, Cecilia Patr\u00f3n protagoniz\u00f3 en la C\u00e1mara de Diputados varias intervenciones la semana pasada a fin de representar y exponer el clamor de la sociedad yucateca ante temas que atentan contra el desarrollo y crecimiento tanto social como econ\u00f3mico.<\/p>\n\n\n\n<p>Y es que por un lado, el golpe que la bancada de Morena pretende asestar contra las organizaciones civiles, agrupaciones de ciudadanos sin fines de lucro que trabajan en favor de sectores desfavorecidos y por el bien com\u00fan y por otro, la dif\u00edcil situaci\u00f3n de la industria, especialmente la restaurantera ante la nula atenci\u00f3n del gobierno federal.<\/p>\n\n\n\n<p>\u201cTanta sociedad como sea posible y tanto gobierno como sea necesario\u201d record\u00f3 la diputada yucateca al citar a Manuel Clouthier \u201cMaqu\u00edo\u201d, al iniciar su discurso ante el pleno del recinto parlamentario.<\/p>\n\n\n\n<p>La intervenci\u00f3n fue para presentar de manera conjunta cinco reservas con respecto de Las modificaciones que se pretenden imponer en la Ley del Impuesto Sobre la Renta, que ponen en grave riesgo a las organizaciones independientes que cobran vida desde y para la solidaridad, actuando en autonom\u00eda frente al \u00e1mbito pol\u00edtico, de gobierno y de mercado.<\/p>\n\n\n\n<p>Dijo que la sociedad civil organizada ha logrado sensibilizar a diferentes sectores de la comunidad y visibilizar problemas cotidianos que afectan el bienestar, as\u00ed como el dise\u00f1o de pol\u00edticas p\u00fablicas.<\/p>\n\n\n\n<p>Esto es as\u00ed porque crean ciclos virtuosos entre actividades lucrativas y no lucrativas, colocando temas en la arena p\u00fablica, como por ejemplo la violencia familiar en los a\u00f1os 90, tema que se visibiliz\u00f3, abord\u00f3 y legisl\u00f3 con el impulso de la sociedad civil en pro del bienestar de las mujeres y de la generalidad social. En el a\u00f1o 2018 se identificaban poco m\u00e1s de 606 organizaciones trabajando con mujeres, en aspectos de defensa y promoci\u00f3n de derechos humanos.<\/p>\n\n\n\n<p>En M\u00e9xico, la participaci\u00f3n de la Sociedad Civil en temas de poblaci\u00f3n, desarrollo, medio ambiente, derechos humanos, seguridad, atenci\u00f3n a v\u00edctimas, combate a la pobreza y muchos otros temas es fundamental, y muchas subsisten gracias a las donaciones que son deducibles de impuestos. Pero para este gobierno no es suficiente.<\/p>\n\n\n\n<p>A\u00fan ante las embestidas del gobierno estas agrupaciones han seguido en fines sociales enfrentando una situaci\u00f3n estructural de bajos ingresos. Hoy nuevamente buscan atentar contra ellas mediante diversas reformas a la Ley del Impuesto Sobre la Renta.<\/p>\n\n\n\n<p>\u201cCon este proyecto, dijo, se prev\u00e9 la revocaci\u00f3n de autorizaciones cuando estas organizaciones obtengan ingresos distintos a sus fines por m\u00e1s del 50%. Esto es simplemente rid\u00edculo, por poner un ejemplo: supongamos que es una AC dedicada a apoyar a ni\u00f1as y ni\u00f1os con desnutrici\u00f3n \u00bfSi este es su fin, de qu\u00e9 manera podr\u00eda obtener recursos a partir de ah\u00ed? \u00a1Es al rev\u00e9s! el m\u00e9rito vendr\u00eda de conseguir recursos para realizar su fin y tener una infancia mexicana mejor nutrida.<\/p>\n\n\n\n<p>Este proyecto enviado por el ejecutivo federal, no incentiva la inversi\u00f3n ni la recuperaci\u00f3n, ni mucho menos el crecimiento econ\u00f3mico.<\/p>\n\n\n\n<p>No atiende la crisis de empleos, castiga al contribuyente y a figuras socialmente importantes como lo son las organizaciones de la sociedad civil.<\/p>\n\n\n\n<p>Es por ello que en esta serie de reservas se busca la protecci\u00f3n y operatividad de la sociedad civil, con criterios de transparencia y en favor de la sociedad.<\/p>\n\n\n\n<p>Por otro lado, la legisladora yucateca tambi\u00e9n llev\u00f3 al Congreso de la Uni\u00f3n la situaci\u00f3n de la industria restaurantera, que representa una gran fuente de empleo para cocineros, meseros, garroteros, cajeros, personal administrativo, entre otros, por lo cual es un sector important\u00edsimo en nuestro pa\u00eds.<\/p>\n\n\n\n<p>\u201cLa importancia de la industria no es menor, por lo que esto representa para la sociedad mexicana y porque da sustento y empleo a millones, debe ser cuidado por nosotros los representantes populares, adem\u00e1s la industria restaurantera contribuye de manera significativa al crecimiento econ\u00f3mico de M\u00e9xico.<\/p>\n\n\n\n<p>\u201cA lo largo del pa\u00eds el 58% de estos establecimientos cuentan con participaci\u00f3n femenina y en el 55% de los casos estas mujeres resultan el \u00fanico sost\u00e9n de su hogar.<\/p>\n\n\n\n<p>Este giro empresarial en M\u00e9xico adem\u00e1s de ser de las mayores empleadoras a nivel nacional con 6 de cada 10 es una de las principales fuentes de autoempleo.<\/p>\n\n\n\n<p>\u201cLamentablemente por la pandemia del COVID-19 miles de establecimientos han sido obligados a suspender sus servicios a s\u00f3lo dar alimentos para llevar lo que disminuyeron los ingresos sustancialmente y las afectaciones en este sector a\u00fan contin\u00faan el d\u00eda de hoy.<\/p>\n\n\n\n<p>Es de lamentarse que el Gobierno federal que deber\u00eda velar por ellos por su importancia social, no lo est\u00e9 haciendo, vengo a ser la voz de esos meseros y garroteros, es necesario y urgente atender a este sector por su importante relevancia para la sociedad y la econom\u00eda de nuestro pa\u00eds, debemos impulsar medidas fiscales de beneficio a los ciudadanos de cuidado al empleo y protecci\u00f3n al talento empresarial mexicano.<\/p>\n\n\n\n<p>\u201cLes pido acompa\u00f1amiento para apoyarlos, para dar protecci\u00f3n econ\u00f3mica a las familias mexicanas que representan el sector restaurantero para todo el pa\u00eds, debemos dar incentivos fiscales al consumo restaurantero alentar el consumo y con esto facilitar la recuperaci\u00f3n econ\u00f3mica durante plena crisis econ\u00f3mica sanitaria, ahora es cuando m\u00e1s debemos escuchar las voces de las peque\u00f1as medianas y grandes empresarias y empresarios de este pa\u00eds, para que todas y todos los que forman la industria de los restaurantes salgan adelante, s\u00ed se puede\u201d, concluy\u00f3.<\/p>\n","protected":false},"excerpt":{"rendered":"<p>(Redacci\u00f3n) La intervenci\u00f3n fue para presentar de manera conjunta cinco reservas con respecto de Las modificaciones que se pretenden imponer en la Ley del Impuesto Sobre la Renta, que ponen en grave riesgo a las organizaciones independientes que cobran vida desde y para la solidaridad, actuando en autonom\u00eda frente al \u00e1mbito pol\u00edtico, de gobierno y [&hellip;]<\/p>\n","protected":false},"author":1,"featured_media":168720,"comment_status":"open","ping_status":"open","sticky":false,"template":"","format":"standard","meta":{"footnotes":""},"categories":[2],"tags":[],"class_list":["post-168719","post","type-post","status-publish","format-standard","has-post-thumbnail","hentry","category-yucatan","entry","has-media"],"jetpack_featured_media_url":"http:\/\/vertienteglobal.com\/wp-content\/uploads\/2020\/10\/IMG_20201027_115506.jpg","_links":{"self":[{"href":"http:\/\/vertienteglobal.com\/index.php?rest_route=\/wp\/v2\/posts\/168719","targetHints":{"allow":["GET"]}}],"collection":[{"href":"http:\/\/vertienteglobal.com\/index.php?rest_route=\/wp\/v2\/posts"}],"about":[{"href":"http:\/\/vertienteglobal.com\/index.php?rest_route=\/wp\/v2\/types\/post"}],"author":[{"embeddable":true,"href":"http:\/\/vertienteglobal.com\/index.php?rest_route=\/wp\/v2\/users\/1"}],"replies":[{"embeddable":true,"href":"http:\/\/vertienteglobal.com\/index.php?rest_route=%2Fwp%2Fv2%2Fcomments&post=168719"}],"version-history":[{"count":0,"href":"http:\/\/vertienteglobal.com\/index.php?rest_route=\/wp\/v2\/posts\/168719\/revisions"}],"wp:featuredmedia":[{"embeddable":true,"href":"http:\/\/vertienteglobal.com\/index.php?rest_route=\/wp\/v2\/media\/168720"}],"wp:attachment":[{"href":"http:\/\/vertienteglobal.com\/index.php?rest_route=%2Fwp%2Fv2%2Fmedia&parent=168719"}],"wp:term":[{"taxonomy":"category","embeddable":true,"href":"http:\/\/vertienteglobal.com\/index.php?rest_route=%2Fwp%2Fv2%2Fcategories&post=168719"},{"taxonomy":"post_tag","embeddable":true,"href":"http:\/\/vertienteglobal.com\/index.php?rest_route=%2Fwp%2Fv2%2Ftags&post=168719"}],"curies":[{"name":"wp","href":"https:\/\/api.w.org\/{rel}","templated":true}]}}