{"id":168667,"date":"2020-10-25T10:19:00","date_gmt":"2020-10-25T16:19:00","guid":{"rendered":"http:\/\/vertienteglobal.com\/?p=168667"},"modified":"2020-10-25T12:49:29","modified_gmt":"2020-10-25T18:49:29","slug":"favorece-cambio-a-la-ley-acceso-a-las-playas-de-tulum","status":"publish","type":"post","link":"http:\/\/vertienteglobal.com\/?p=168667","title":{"rendered":"Favorece cambio a la Ley, acceso a las playas de Tulum"},"content":{"rendered":"\n<div class=\"twitterbutton\" style=\"float: right; padding-left: 5px;\"><a href=\"http:\/\/twitter.com\/share\" class=\"twitter-share-button\" data-count=\"horizontal\" data-text=\"Favorece cambio a la Ley, acceso a las playas de Tulum\" data-via=\"https:\/\/twitter.com\/VertienteGloba1\" data-url=\"http:\/\/vertienteglobal.com\/?p=168667\" data-lang=\"es\" data-related=\"Informaci\u00f3n general:S\u00edguenos para que est\u00e9ss informado\"><\/a><\/div>\n<figure class=\"wp-block-image size-large\"><img loading=\"lazy\" decoding=\"async\" width=\"1024\" height=\"683\" src=\"http:\/\/vertienteglobal.com\/wp-content\/uploads\/2020\/10\/IMG-20201025-WA0001-1024x683.jpg\" alt=\"\" class=\"wp-image-168668\" srcset=\"http:\/\/vertienteglobal.com\/wp-content\/uploads\/2020\/10\/IMG-20201025-WA0001-1024x683.jpg 1024w, http:\/\/vertienteglobal.com\/wp-content\/uploads\/2020\/10\/IMG-20201025-WA0001-300x200.jpg 300w, http:\/\/vertienteglobal.com\/wp-content\/uploads\/2020\/10\/IMG-20201025-WA0001-150x100.jpg 150w, http:\/\/vertienteglobal.com\/wp-content\/uploads\/2020\/10\/IMG-20201025-WA0001-768x512.jpg 768w, http:\/\/vertienteglobal.com\/wp-content\/uploads\/2020\/10\/IMG-20201025-WA0001.jpg 1079w\" sizes=\"auto, (max-width: 1024px) 100vw, 1024px\" \/><\/figure>\n\n\n\n<p>(Antonio Rivera)<\/p>\n\n\n\n<p>Respalda trabajo jur\u00eddico del gobierno municipal para aperturar m\u00e1s accesos al mar<\/p>\n\n\n\n<p>Tulum, Quintana Roo, a 25 de octubre, 2020.- El presidente municipal de Tulum, Victor Mas Tah, manifest\u00f3 benepl\u00e1cito por las adiciones realizadas a la Ley General de Bienes Nacionales, con la finalidad de garantizar el libre acceso y tr\u00e1nsito en las playas, reciente medida adoptada por el gobierno federal en favor de los mexicanos.<\/p>\n\n\n\n<p>En este sentido dijo que \u201cestaremos muy atentos para que se cumpla con esta disposici\u00f3n para que las playas p\u00fablicas tengan acceso libre ya que hemos estado pendiente de la apertura de las mismas para que la poblaci\u00f3n de Tulum y los visitantes puedan disfrutar de los atractivos naturales de que goza el municipio a lo largo de m\u00e1s de cien kil\u00f3metros de costa\u201d.<\/p>\n\n\n\n<p>En un tema tan importante para los tulumnense, sostuvo que adquiri\u00f3 el compromiso para seguir haciendo toda la parte legal que lleve a la apertura de ventanas al mar \u201ctenemos tres ya aperturadas, una de ellas en Bah\u00eda Punta Solim\u00e1n tenemos un acceso al mar, un \u00e1rea publica para todos, donde se ubica una playa denominada Playa Balam\u201d, para ello, el ayuntamiento cuenta con un acuerdo de destino. Las otras son Playa A\u2019ak, en Punta Piedra y un tercer acceso se ubica en Playa Ixchel ubicada en la cuarta etapa de Tankah.<\/p>\n\n\n\n<p>Desde que inici\u00f3 la administraci\u00f3n se le ha dado seguimiento a un procedimiento jur\u00eddico para que un acceso al mar sea algo que quede para siempre afirm\u00f3 el edil y destac\u00f3 que las anteriores administraciones, lejos de que hayan rescatado espacios, estos dejaron de ser de los tulumnenses y de los mexicanos lo que complica recuperar todas las ventanas al mar, no obstante, se hace el trabajo jur\u00eddico para lograrlo, refiere el mun\u00edcipe Mas Tah.<\/p>\n\n\n\n<p>Se espera que los cambios a la citada ley y en especial al Art\u00edculo 127 aplicado para el caso de que no existan v\u00edas p\u00fablicas o accesos desde la v\u00eda p\u00fablica, los propietarios de terrenos colindantes con la zona federal mar\u00edtimo terrestre deber\u00e1n permitir el libre acceso a la misma, as\u00ed como a las playas mar\u00edtimas, con la intervenci\u00f3n de la Secretar\u00eda de Medio Ambiente y Recursos Naturales (Semarnat) y apego al reglamento de la misma ley.<\/p>\n\n\n\n<p>Al respecto, la publicaci\u00f3n en el Diario Oficial de la Federaci\u00f3n del pasado 21 de octubre, fija la intervenci\u00f3n de la Semarnat para convenir \u201ccon los propietarios alguna compensaci\u00f3n en los t\u00e9rminos que fije el reglamento. Dichos accesos ser\u00e1n considerados servidumbre, en t\u00e9rminos de la fracci\u00f3n VIII del art\u00edculo 143 de esta Ley\u201d.<\/p>\n\n\n\n<p>Las adiciones al Art\u00edculo 154 mencionan sanciones \u201ccon multa de entre tres mil y hasta doce mil veces la Unidad de Medida y Actualizaci\u00f3n vigente a los propietarios de terrenos colindantes con la zona federal mar\u00edtimo terrestre o los titulares de concesiones, permisos, autorizaciones y acuerdos de destino respecto del aprovechamiento de la zona federal mar\u00edtimo terrestre que por cualquier medio o acto impidan, inhiban, restrinjan, obstaculicen o condicionen el acceso a la zona federal mar\u00edtimo terrestre y a las playas mar\u00edtimas\u201d.<\/p>\n\n\n\n<p>Para el caso de titulares de concesiones, permisos, autorizaciones y acuerdos de destino respecto del aprovechamiento de la zona federal mar\u00edtimo terrestre, en caso de reincidencia, adem\u00e1s de la sanci\u00f3n se\u00f1alada en el p\u00e1rrafo anterior, se revocar\u00e1 la concesi\u00f3n, autorizaci\u00f3n o permiso, observando en lo conducente, lo dispuesto en el art\u00edculo 18 de esta Ley, de acuerdo con lo publicado en el Peri\u00f3dico Oficial de la Federaci\u00f3n.<\/p>\n\n\n\n<figure class=\"wp-block-image size-large\"><img loading=\"lazy\" decoding=\"async\" width=\"1024\" height=\"683\" src=\"http:\/\/vertienteglobal.com\/wp-content\/uploads\/2020\/10\/IMG-20201025-WA0002-1024x683.jpg\" alt=\"\" class=\"wp-image-168669\" srcset=\"http:\/\/vertienteglobal.com\/wp-content\/uploads\/2020\/10\/IMG-20201025-WA0002-1024x683.jpg 1024w, http:\/\/vertienteglobal.com\/wp-content\/uploads\/2020\/10\/IMG-20201025-WA0002-300x200.jpg 300w, http:\/\/vertienteglobal.com\/wp-content\/uploads\/2020\/10\/IMG-20201025-WA0002-150x100.jpg 150w, http:\/\/vertienteglobal.com\/wp-content\/uploads\/2020\/10\/IMG-20201025-WA0002-768x512.jpg 768w, http:\/\/vertienteglobal.com\/wp-content\/uploads\/2020\/10\/IMG-20201025-WA0002.jpg 1080w\" sizes=\"auto, (max-width: 1024px) 100vw, 1024px\" \/><\/figure>\n","protected":false},"excerpt":{"rendered":"<p>(Antonio Rivera) Respalda trabajo jur\u00eddico del gobierno municipal para aperturar m\u00e1s accesos al mar Tulum, Quintana Roo, a 25 de octubre, 2020.- El presidente municipal de Tulum, Victor Mas Tah, manifest\u00f3 benepl\u00e1cito por las adiciones realizadas a la Ley General de Bienes Nacionales, con la finalidad de garantizar el libre acceso y tr\u00e1nsito en las [&hellip;]<\/p>\n","protected":false},"author":1,"featured_media":168668,"comment_status":"open","ping_status":"open","sticky":false,"template":"","format":"standard","meta":{"footnotes":""},"categories":[3],"tags":[],"class_list":["post-168667","post","type-post","status-publish","format-standard","has-post-thumbnail","hentry","category-quintana-roo","entry","has-media"],"jetpack_featured_media_url":"http:\/\/vertienteglobal.com\/wp-content\/uploads\/2020\/10\/IMG-20201025-WA0001.jpg","_links":{"self":[{"href":"http:\/\/vertienteglobal.com\/index.php?rest_route=\/wp\/v2\/posts\/168667","targetHints":{"allow":["GET"]}}],"collection":[{"href":"http:\/\/vertienteglobal.com\/index.php?rest_route=\/wp\/v2\/posts"}],"about":[{"href":"http:\/\/vertienteglobal.com\/index.php?rest_route=\/wp\/v2\/types\/post"}],"author":[{"embeddable":true,"href":"http:\/\/vertienteglobal.com\/index.php?rest_route=\/wp\/v2\/users\/1"}],"replies":[{"embeddable":true,"href":"http:\/\/vertienteglobal.com\/index.php?rest_route=%2Fwp%2Fv2%2Fcomments&post=168667"}],"version-history":[{"count":0,"href":"http:\/\/vertienteglobal.com\/index.php?rest_route=\/wp\/v2\/posts\/168667\/revisions"}],"wp:featuredmedia":[{"embeddable":true,"href":"http:\/\/vertienteglobal.com\/index.php?rest_route=\/wp\/v2\/media\/168668"}],"wp:attachment":[{"href":"http:\/\/vertienteglobal.com\/index.php?rest_route=%2Fwp%2Fv2%2Fmedia&parent=168667"}],"wp:term":[{"taxonomy":"category","embeddable":true,"href":"http:\/\/vertienteglobal.com\/index.php?rest_route=%2Fwp%2Fv2%2Fcategories&post=168667"},{"taxonomy":"post_tag","embeddable":true,"href":"http:\/\/vertienteglobal.com\/index.php?rest_route=%2Fwp%2Fv2%2Ftags&post=168667"}],"curies":[{"name":"wp","href":"https:\/\/api.w.org\/{rel}","templated":true}]}}