{"id":168498,"date":"2020-10-23T11:36:00","date_gmt":"2020-10-23T16:36:00","guid":{"rendered":"http:\/\/vertienteglobal.com\/?p=168498"},"modified":"2020-10-23T15:37:23","modified_gmt":"2020-10-23T20:37:23","slug":"participa-fiscal-de-veracruz-en-lanzamiento-del-micrositio-del-sistema-de-justicia-en-mexico","status":"publish","type":"post","link":"http:\/\/vertienteglobal.com\/?p=168498","title":{"rendered":"Participa Fiscal de Veracruz en lanzamiento del micrositio del \u201cSistema de Justicia en M\u00e9xico\u201d"},"content":{"rendered":"\n<div class=\"twitterbutton\" style=\"float: right; padding-left: 5px;\"><a href=\"http:\/\/twitter.com\/share\" class=\"twitter-share-button\" data-count=\"horizontal\" data-text=\"Participa Fiscal de Veracruz en lanzamiento del micrositio del \u201cSistema de Jus...\" data-via=\"https:\/\/twitter.com\/VertienteGloba1\" data-url=\"http:\/\/vertienteglobal.com\/?p=168498\" data-lang=\"es\" data-related=\"Informaci\u00f3n general:S\u00edguenos para que est\u00e9ss informado\"><\/a><\/div>\n<figure class=\"wp-block-image size-large\"><img loading=\"lazy\" decoding=\"async\" width=\"1024\" height=\"683\" src=\"http:\/\/vertienteglobal.com\/wp-content\/uploads\/2020\/10\/1127182.jpg\" alt=\"\" class=\"wp-image-168499\" srcset=\"http:\/\/vertienteglobal.com\/wp-content\/uploads\/2020\/10\/1127182.jpg 1024w, http:\/\/vertienteglobal.com\/wp-content\/uploads\/2020\/10\/1127182-300x200.jpg 300w, http:\/\/vertienteglobal.com\/wp-content\/uploads\/2020\/10\/1127182-150x100.jpg 150w, http:\/\/vertienteglobal.com\/wp-content\/uploads\/2020\/10\/1127182-768x512.jpg 768w\" sizes=\"auto, (max-width: 1024px) 100vw, 1024px\" \/><\/figure>\n\n\n\n<p>(Redacci\u00f3n)<\/p>\n\n\n\n<p>En esta reuni\u00f3n virtual participaron procuradores y fiscales de las distintas entidades del pa\u00eds, con el objetivo de que los operadores del sistema de justicia, legisladores, p\u00fablico en general, academia, medios de comunicaci\u00f3n y organizaciones de la sociedad civil, tengan acceso a informaci\u00f3n relevante con respecto al Sistema de Justicia en M\u00e9xico<\/p>\n\n\n\n<p>Xalapa, Veracruz, a 23 de octubre de 2020.- La Fiscal General de Veracriz, Ver\u00f3nica Hern\u00e1ndez Giadans, particip\u00f3 en el lanzamiento del micrositio del lanzamiento del \u00abSistema de Justicia en M\u00e9xico\u00bb, donde tambi\u00e9n se cont\u00f3 con la participaci\u00f3n de la secretaria de Gobernaci\u00f3n, Olga S\u00e1nchez Cordero.<\/p>\n\n\n\n<p>Aqui el comunicado:<\/p>\n\n\n\n<p>La Fiscal General del Estado, Ver\u00f3nica Hern\u00e1ndez Giad\u00e1ns particip\u00f3 en una videoconferencia con la Secretaria de Gobernaci\u00f3n, Olga S\u00e1nchez Cordero, para el lanzamiento del micrositio del \u201cSistema de Justicia en M\u00e9xico\u201d.<\/p>\n\n\n\n<p>En esta reuni\u00f3n virtual participaron procuradores y fiscales de las distintas entidades del pa\u00eds, con el objetivo de que los operadores del sistema de justicia, legisladores, p\u00fablico en general, academia, medios de comunicaci\u00f3n y organizaciones de la sociedad civil, tengan acceso a informaci\u00f3n relevante con respecto al Sistema de Justicia en M\u00e9xico.<\/p>\n\n\n\n<p>La sesi\u00f3n permiti\u00f3 un intercambio de opiniones y participaci\u00f3n, sobre la experiencia en cada entidad, adem\u00e1s de que fueron presentados los resultados del Modelo de Evaluaci\u00f3n y Seguimiento de la Consolidaci\u00f3n del Sistema de Justicia Penal, compuesto de 10 indicadores estrat\u00e9gicos aprobados en el Consejo Nacional de Seguridad P\u00fablica.<\/p>\n\n\n\n<p>De igual forma se presentaron los avances de dicho sistema, por temas y por su estructura en cada entidad del pa\u00eds.<br>(Fuente y Foto:FGE)<\/p>\n","protected":false},"excerpt":{"rendered":"<p>(Redacci\u00f3n) En esta reuni\u00f3n virtual participaron procuradores y fiscales de las distintas entidades del pa\u00eds, con el objetivo de que los operadores del sistema de justicia, legisladores, p\u00fablico en general, academia, medios de comunicaci\u00f3n y organizaciones de la sociedad civil, tengan acceso a informaci\u00f3n relevante con respecto al Sistema de Justicia en M\u00e9xico Xalapa, Veracruz, [&hellip;]<\/p>\n","protected":false},"author":1,"featured_media":168499,"comment_status":"open","ping_status":"open","sticky":false,"template":"","format":"standard","meta":{"footnotes":""},"categories":[7],"tags":[],"class_list":["post-168498","post","type-post","status-publish","format-standard","has-post-thumbnail","hentry","category-veracruz","entry","has-media"],"jetpack_featured_media_url":"http:\/\/vertienteglobal.com\/wp-content\/uploads\/2020\/10\/1127182.jpg","_links":{"self":[{"href":"http:\/\/vertienteglobal.com\/index.php?rest_route=\/wp\/v2\/posts\/168498","targetHints":{"allow":["GET"]}}],"collection":[{"href":"http:\/\/vertienteglobal.com\/index.php?rest_route=\/wp\/v2\/posts"}],"about":[{"href":"http:\/\/vertienteglobal.com\/index.php?rest_route=\/wp\/v2\/types\/post"}],"author":[{"embeddable":true,"href":"http:\/\/vertienteglobal.com\/index.php?rest_route=\/wp\/v2\/users\/1"}],"replies":[{"embeddable":true,"href":"http:\/\/vertienteglobal.com\/index.php?rest_route=%2Fwp%2Fv2%2Fcomments&post=168498"}],"version-history":[{"count":0,"href":"http:\/\/vertienteglobal.com\/index.php?rest_route=\/wp\/v2\/posts\/168498\/revisions"}],"wp:featuredmedia":[{"embeddable":true,"href":"http:\/\/vertienteglobal.com\/index.php?rest_route=\/wp\/v2\/media\/168499"}],"wp:attachment":[{"href":"http:\/\/vertienteglobal.com\/index.php?rest_route=%2Fwp%2Fv2%2Fmedia&parent=168498"}],"wp:term":[{"taxonomy":"category","embeddable":true,"href":"http:\/\/vertienteglobal.com\/index.php?rest_route=%2Fwp%2Fv2%2Fcategories&post=168498"},{"taxonomy":"post_tag","embeddable":true,"href":"http:\/\/vertienteglobal.com\/index.php?rest_route=%2Fwp%2Fv2%2Ftags&post=168498"}],"curies":[{"name":"wp","href":"https:\/\/api.w.org\/{rel}","templated":true}]}}