{"id":168335,"date":"2020-10-21T20:19:00","date_gmt":"2020-10-22T01:19:00","guid":{"rendered":"http:\/\/vertienteglobal.com\/?p=168335"},"modified":"2020-10-21T20:19:31","modified_gmt":"2020-10-22T01:19:31","slug":"reportan-fallas-de-instagram-en-mas-de-10-paises","status":"publish","type":"post","link":"http:\/\/vertienteglobal.com\/?p=168335","title":{"rendered":"Reportan fallas de Instagram en m\u00e1s de 10 pa\u00edses"},"content":{"rendered":"\n<div class=\"twitterbutton\" style=\"float: right; padding-left: 5px;\"><a href=\"http:\/\/twitter.com\/share\" class=\"twitter-share-button\" data-count=\"horizontal\" data-text=\"Reportan fallas de Instagram en m\u00e1s de 10 pa\u00edses\" data-via=\"https:\/\/twitter.com\/VertienteGloba1\" data-url=\"http:\/\/vertienteglobal.com\/?p=168335\" data-lang=\"es\" data-related=\"Informaci\u00f3n general:S\u00edguenos para que est\u00e9ss informado\"><\/a><\/div>\n<figure class=\"wp-block-image size-large\"><img loading=\"lazy\" decoding=\"async\" width=\"1024\" height=\"683\" src=\"http:\/\/vertienteglobal.com\/wp-content\/uploads\/2020\/10\/122701.jpg\" alt=\"\" class=\"wp-image-168336\" srcset=\"http:\/\/vertienteglobal.com\/wp-content\/uploads\/2020\/10\/122701.jpg 1024w, http:\/\/vertienteglobal.com\/wp-content\/uploads\/2020\/10\/122701-300x200.jpg 300w, http:\/\/vertienteglobal.com\/wp-content\/uploads\/2020\/10\/122701-150x100.jpg 150w, http:\/\/vertienteglobal.com\/wp-content\/uploads\/2020\/10\/122701-768x512.jpg 768w\" sizes=\"auto, (max-width: 1024px) 100vw, 1024px\" \/><\/figure>\n\n\n\n<p>(Redacci\u00f3n)<\/p>\n\n\n\n<p>Los pa\u00edses m\u00e1s afectados fueron Estados Unidos, Per\u00fa, Brasil, Argentina, Inglaterra, Australia, Grecia, Holanda, Portugal, Chile y M\u00e9xico<\/p>\n\n\n\n<p>Ciudad de M\u00e9xico a 21 de octubre de 2020.- De acuerdo al portal DownDetector, la aplicaci\u00f3n Instagram registr\u00f3 una ca\u00edda a nivel mundial, ya que miles de usuarios han reportado que no pueden actualizar su feed de noticias, compartir fotos o entrar a la plataforma.<\/p>\n\n\n\n<p>Y es que los pa\u00edses m\u00e1s afectados fueron Estados Unidos, Per\u00fa, Brasil, Argentina, Inglaterra, Australia, Grecia, Holanda, Portugal, Chile y M\u00e9xico.<\/p>\n\n\n\n<p>Seg\u00fan medios especializados, el punto m\u00e1ximo de las fallas se registr\u00f3 a las 17:45 en horario de M\u00e9xico. Sin embargo, hasta el momento no se sabe las causas de las afectaciones. (Fuente: Milenio)<\/p>\n","protected":false},"excerpt":{"rendered":"<p>(Redacci\u00f3n) Los pa\u00edses m\u00e1s afectados fueron Estados Unidos, Per\u00fa, Brasil, Argentina, Inglaterra, Australia, Grecia, Holanda, Portugal, Chile y M\u00e9xico Ciudad de M\u00e9xico a 21 de octubre de 2020.- De acuerdo al portal DownDetector, la aplicaci\u00f3n Instagram registr\u00f3 una ca\u00edda a nivel mundial, ya que miles de usuarios han reportado que no pueden actualizar su feed [&hellip;]<\/p>\n","protected":false},"author":1,"featured_media":168336,"comment_status":"open","ping_status":"open","sticky":false,"template":"","format":"standard","meta":{"footnotes":""},"categories":[8],"tags":[],"class_list":["post-168335","post","type-post","status-publish","format-standard","has-post-thumbnail","hentry","category-pais","entry","has-media"],"jetpack_featured_media_url":"http:\/\/vertienteglobal.com\/wp-content\/uploads\/2020\/10\/122701.jpg","_links":{"self":[{"href":"http:\/\/vertienteglobal.com\/index.php?rest_route=\/wp\/v2\/posts\/168335","targetHints":{"allow":["GET"]}}],"collection":[{"href":"http:\/\/vertienteglobal.com\/index.php?rest_route=\/wp\/v2\/posts"}],"about":[{"href":"http:\/\/vertienteglobal.com\/index.php?rest_route=\/wp\/v2\/types\/post"}],"author":[{"embeddable":true,"href":"http:\/\/vertienteglobal.com\/index.php?rest_route=\/wp\/v2\/users\/1"}],"replies":[{"embeddable":true,"href":"http:\/\/vertienteglobal.com\/index.php?rest_route=%2Fwp%2Fv2%2Fcomments&post=168335"}],"version-history":[{"count":0,"href":"http:\/\/vertienteglobal.com\/index.php?rest_route=\/wp\/v2\/posts\/168335\/revisions"}],"wp:featuredmedia":[{"embeddable":true,"href":"http:\/\/vertienteglobal.com\/index.php?rest_route=\/wp\/v2\/media\/168336"}],"wp:attachment":[{"href":"http:\/\/vertienteglobal.com\/index.php?rest_route=%2Fwp%2Fv2%2Fmedia&parent=168335"}],"wp:term":[{"taxonomy":"category","embeddable":true,"href":"http:\/\/vertienteglobal.com\/index.php?rest_route=%2Fwp%2Fv2%2Fcategories&post=168335"},{"taxonomy":"post_tag","embeddable":true,"href":"http:\/\/vertienteglobal.com\/index.php?rest_route=%2Fwp%2Fv2%2Ftags&post=168335"}],"curies":[{"name":"wp","href":"https:\/\/api.w.org\/{rel}","templated":true}]}}