{"id":167960,"date":"2020-10-15T21:46:00","date_gmt":"2020-10-16T02:46:00","guid":{"rendered":"http:\/\/vertienteglobal.com\/?p=167960"},"modified":"2020-10-15T22:35:50","modified_gmt":"2020-10-16T03:35:50","slug":"seguimos-trabajando-para-cerrarle-el-paso-a-la-impunidad-gobernador-de-veracruz","status":"publish","type":"post","link":"http:\/\/vertienteglobal.com\/?p=167960","title":{"rendered":"Seguimos trabajando para cerrarle el paso a la impunidad: Gobernador de Veracruz"},"content":{"rendered":"\n<div class=\"twitterbutton\" style=\"float: right; padding-left: 5px;\"><a href=\"http:\/\/twitter.com\/share\" class=\"twitter-share-button\" data-count=\"horizontal\" data-text=\"Seguimos trabajando para cerrarle el paso a la impunidad: Gobernador de Veracruz\" data-via=\"https:\/\/twitter.com\/VertienteGloba1\" data-url=\"http:\/\/vertienteglobal.com\/?p=167960\" data-lang=\"es\" data-related=\"Informaci\u00f3n general:S\u00edguenos para que est\u00e9ss informado\"><\/a><\/div>\n<figure class=\"wp-block-image size-large\"><img loading=\"lazy\" decoding=\"async\" width=\"1024\" height=\"683\" src=\"http:\/\/vertienteglobal.com\/wp-content\/uploads\/2020\/10\/1125924-1.jpg\" alt=\"\" class=\"wp-image-167961\" srcset=\"http:\/\/vertienteglobal.com\/wp-content\/uploads\/2020\/10\/1125924-1.jpg 1024w, http:\/\/vertienteglobal.com\/wp-content\/uploads\/2020\/10\/1125924-1-300x200.jpg 300w, http:\/\/vertienteglobal.com\/wp-content\/uploads\/2020\/10\/1125924-1-150x100.jpg 150w, http:\/\/vertienteglobal.com\/wp-content\/uploads\/2020\/10\/1125924-1-768x512.jpg 768w\" sizes=\"auto, (max-width: 1024px) 100vw, 1024px\" \/><\/figure>\n\n\n\n<p>(Redacci\u00f3n)<\/p>\n\n\n\n<p>Seguimos trabajando para implementar medidas para cerrarle el paso a la impunidad\u201d, escribi\u00f3 Garc\u00eda Jim\u00e9nez en su cuenta de Twitter<\/p>\n\n\n\n<p>Xalapa, Veracruz, a 15 de octubre de 2020.- El gobernador de Veracruz, Cuitl\u00e1huac Garc\u00eda, afirm\u00f3 que contin\u00faan trabajando para cerrarle el paso a la impunidad en la entidad.<\/p>\n\n\n\n<p>Y es que este jueves el gobernador presidi\u00f3 la sesi\u00f3n de la Coordinaci\u00f3n Estatal para la Construcci\u00f3n de la Paz, para evaluar y dar seguimiento a los operativos de seguridad y protecci\u00f3n civil en distintos puntos del estado.<\/p>\n\n\n\n<p>En esta reuni\u00f3n participaron los secretarios de Seguridad P\u00fablica, de Gobernaci\u00f3n, de Protecci\u00f3n Civil, as\u00ed como representantes de las Fuerzas Armadas.<\/p>\n\n\n\n<p>\u201cContinuamos atendiendo todos los temas. Esta ma\u00f1ana sesionamos en la Coordinaci\u00f3n Estatal para la Construcci\u00f3n de la Paz, en donde evaluamos y damos seguimiento a los operativos de Seguridad y Protecci\u00f3n Civil, realizados en las distintas regiones de nuestro estado.<\/p>\n\n\n\n<p>As\u00ed mismo, seguimos trabajando para implementar medidas para cerrarle el paso a la impunidad\u201d, escribi\u00f3 Garc\u00eda Jim\u00e9nez en su cuenta de Twitter.<\/p>\n","protected":false},"excerpt":{"rendered":"<p>(Redacci\u00f3n) Seguimos trabajando para implementar medidas para cerrarle el paso a la impunidad\u201d, escribi\u00f3 Garc\u00eda Jim\u00e9nez en su cuenta de Twitter Xalapa, Veracruz, a 15 de octubre de 2020.- El gobernador de Veracruz, Cuitl\u00e1huac Garc\u00eda, afirm\u00f3 que contin\u00faan trabajando para cerrarle el paso a la impunidad en la entidad. Y es que este jueves el [&hellip;]<\/p>\n","protected":false},"author":1,"featured_media":167961,"comment_status":"open","ping_status":"open","sticky":false,"template":"","format":"standard","meta":{"footnotes":""},"categories":[7],"tags":[],"class_list":["post-167960","post","type-post","status-publish","format-standard","has-post-thumbnail","hentry","category-veracruz","entry","has-media"],"jetpack_featured_media_url":"http:\/\/vertienteglobal.com\/wp-content\/uploads\/2020\/10\/1125924-1.jpg","_links":{"self":[{"href":"http:\/\/vertienteglobal.com\/index.php?rest_route=\/wp\/v2\/posts\/167960","targetHints":{"allow":["GET"]}}],"collection":[{"href":"http:\/\/vertienteglobal.com\/index.php?rest_route=\/wp\/v2\/posts"}],"about":[{"href":"http:\/\/vertienteglobal.com\/index.php?rest_route=\/wp\/v2\/types\/post"}],"author":[{"embeddable":true,"href":"http:\/\/vertienteglobal.com\/index.php?rest_route=\/wp\/v2\/users\/1"}],"replies":[{"embeddable":true,"href":"http:\/\/vertienteglobal.com\/index.php?rest_route=%2Fwp%2Fv2%2Fcomments&post=167960"}],"version-history":[{"count":0,"href":"http:\/\/vertienteglobal.com\/index.php?rest_route=\/wp\/v2\/posts\/167960\/revisions"}],"wp:featuredmedia":[{"embeddable":true,"href":"http:\/\/vertienteglobal.com\/index.php?rest_route=\/wp\/v2\/media\/167961"}],"wp:attachment":[{"href":"http:\/\/vertienteglobal.com\/index.php?rest_route=%2Fwp%2Fv2%2Fmedia&parent=167960"}],"wp:term":[{"taxonomy":"category","embeddable":true,"href":"http:\/\/vertienteglobal.com\/index.php?rest_route=%2Fwp%2Fv2%2Fcategories&post=167960"},{"taxonomy":"post_tag","embeddable":true,"href":"http:\/\/vertienteglobal.com\/index.php?rest_route=%2Fwp%2Fv2%2Ftags&post=167960"}],"curies":[{"name":"wp","href":"https:\/\/api.w.org\/{rel}","templated":true}]}}