{"id":167922,"date":"2020-10-15T19:21:00","date_gmt":"2020-10-16T00:21:00","guid":{"rendered":"http:\/\/vertienteglobal.com\/?p=167922"},"modified":"2020-10-15T20:01:03","modified_gmt":"2020-10-16T01:01:03","slug":"aumentaran-un-5-70-los-salarios-de-los-trabajadores-del-imss","status":"publish","type":"post","link":"http:\/\/vertienteglobal.com\/?p=167922","title":{"rendered":"Aumentar\u00e1n un 5.70% los salarios de los trabajadores del IMSS"},"content":{"rendered":"\n<div class=\"twitterbutton\" style=\"float: right; padding-left: 5px;\"><a href=\"http:\/\/twitter.com\/share\" class=\"twitter-share-button\" data-count=\"horizontal\" data-text=\"Aumentar\u00e1n un 5.70% los salarios de los trabajadores del IMSS\" data-via=\"https:\/\/twitter.com\/VertienteGloba1\" data-url=\"http:\/\/vertienteglobal.com\/?p=167922\" data-lang=\"es\" data-related=\"Informaci\u00f3n general:S\u00edguenos para que est\u00e9ss informado\"><\/a><\/div>\n<figure class=\"wp-block-image size-large\"><img loading=\"lazy\" decoding=\"async\" width=\"1024\" height=\"683\" src=\"http:\/\/vertienteglobal.com\/wp-content\/uploads\/2020\/10\/122107.jpg\" alt=\"\" class=\"wp-image-167923\" srcset=\"http:\/\/vertienteglobal.com\/wp-content\/uploads\/2020\/10\/122107.jpg 1024w, http:\/\/vertienteglobal.com\/wp-content\/uploads\/2020\/10\/122107-300x200.jpg 300w, http:\/\/vertienteglobal.com\/wp-content\/uploads\/2020\/10\/122107-150x100.jpg 150w, http:\/\/vertienteglobal.com\/wp-content\/uploads\/2020\/10\/122107-768x512.jpg 768w\" sizes=\"auto, (max-width: 1024px) 100vw, 1024px\" \/><\/figure>\n\n\n\n<p>(Redacci\u00f3n)<\/p>\n\n\n\n<p>Se increment\u00f3 la plantilla en 10,794 nuevas plazas, la mitad destinada al programa de Unidades M\u00e9dicas de Tiempo Completo para mejorar los tiempos en consultas de especialidad y cirug\u00edas programadas<\/p>\n\n\n\n<p>Ciudad de Mexico a 15 de octubre de 2020.- El Instituto Mexicano del Seguro Social (IMSS) firm\u00f3 el acuerdo de incremento salarial con el Sindicato Nacional de Trabajadores del Seguro Social (SNTSS) el cual representa un aumento global del 5.70% por arriba de la inflaci\u00f3n y que estar\u00e1 vigente a partir del 16 de octubre y hasta el pr\u00f3ximo a\u00f1o.<\/p>\n\n\n\n<p>Dado que los trabajadores del Seguro Social se encuentran en la primera l\u00ednea de batalla contra el Covid-19, el director general del IMSS, Zo\u00e9 Robledo, dijo que uno de los ejes del Instituto es mejorar en las condiciones laborales de los trabajadores.<\/p>\n\n\n\n<p>Destac\u00f3 que previo a la pandemia, se increment\u00f3 la plantilla en 10,794 nuevas plazas, la mitad destinada al programa de Unidades M\u00e9dicas de Tiempo Completo para mejorar los tiempos en consultas de especialidad y cirug\u00edas programadas.<\/p>\n\n\n\n<p>&#8216;Se ha demostrado este a\u00f1o que los trabajadores de la salud, y en particular los del Seguro Social, han dado muestras de su calidad, valent\u00eda y compromiso con la instituci\u00f3n y tambi\u00e9n con la poblaci\u00f3n mexicana&#8217;, afirm\u00f3.<\/p>\n\n\n\n<p>Asimismo, la Secretaria del Trabajo, Luisa Mar\u00eda Alcalde, destac\u00f3 que con la firma del convenio se da muestra de lo que se puede lograr cuando la negociaci\u00f3n colectiva significa concertaci\u00f3n y relaciones laborales modernas, basadas en el di\u00e1logo y en la colaboraci\u00f3n, gracias a la cual se ha podido construir una relaci\u00f3n basada en la confianza entre autoridades y trabajadores.<br>(Fuente:El Heraldo de M\u00e9xico)<\/p>\n","protected":false},"excerpt":{"rendered":"<p>(Redacci\u00f3n) Se increment\u00f3 la plantilla en 10,794 nuevas plazas, la mitad destinada al programa de Unidades M\u00e9dicas de Tiempo Completo para mejorar los tiempos en consultas de especialidad y cirug\u00edas programadas Ciudad de Mexico a 15 de octubre de 2020.- El Instituto Mexicano del Seguro Social (IMSS) firm\u00f3 el acuerdo de incremento salarial con el [&hellip;]<\/p>\n","protected":false},"author":1,"featured_media":167923,"comment_status":"open","ping_status":"open","sticky":false,"template":"","format":"standard","meta":{"footnotes":""},"categories":[8],"tags":[],"class_list":["post-167922","post","type-post","status-publish","format-standard","has-post-thumbnail","hentry","category-pais","entry","has-media"],"jetpack_featured_media_url":"http:\/\/vertienteglobal.com\/wp-content\/uploads\/2020\/10\/122107.jpg","_links":{"self":[{"href":"http:\/\/vertienteglobal.com\/index.php?rest_route=\/wp\/v2\/posts\/167922","targetHints":{"allow":["GET"]}}],"collection":[{"href":"http:\/\/vertienteglobal.com\/index.php?rest_route=\/wp\/v2\/posts"}],"about":[{"href":"http:\/\/vertienteglobal.com\/index.php?rest_route=\/wp\/v2\/types\/post"}],"author":[{"embeddable":true,"href":"http:\/\/vertienteglobal.com\/index.php?rest_route=\/wp\/v2\/users\/1"}],"replies":[{"embeddable":true,"href":"http:\/\/vertienteglobal.com\/index.php?rest_route=%2Fwp%2Fv2%2Fcomments&post=167922"}],"version-history":[{"count":0,"href":"http:\/\/vertienteglobal.com\/index.php?rest_route=\/wp\/v2\/posts\/167922\/revisions"}],"wp:featuredmedia":[{"embeddable":true,"href":"http:\/\/vertienteglobal.com\/index.php?rest_route=\/wp\/v2\/media\/167923"}],"wp:attachment":[{"href":"http:\/\/vertienteglobal.com\/index.php?rest_route=%2Fwp%2Fv2%2Fmedia&parent=167922"}],"wp:term":[{"taxonomy":"category","embeddable":true,"href":"http:\/\/vertienteglobal.com\/index.php?rest_route=%2Fwp%2Fv2%2Fcategories&post=167922"},{"taxonomy":"post_tag","embeddable":true,"href":"http:\/\/vertienteglobal.com\/index.php?rest_route=%2Fwp%2Fv2%2Ftags&post=167922"}],"curies":[{"name":"wp","href":"https:\/\/api.w.org\/{rel}","templated":true}]}}