{"id":167827,"date":"2020-10-14T19:24:00","date_gmt":"2020-10-15T00:24:00","guid":{"rendered":"http:\/\/vertienteglobal.com\/?p=167827"},"modified":"2020-10-14T21:05:07","modified_gmt":"2020-10-15T02:05:07","slug":"viable-el-100-por-ciento-de-ocupacion-hotelera-en-cancun-durante-diciembre","status":"publish","type":"post","link":"http:\/\/vertienteglobal.com\/?p=167827","title":{"rendered":"Viable el 100 por ciento de ocupaci\u00f3n hotelera en Canc\u00fan durante diciembre"},"content":{"rendered":"\n<div class=\"twitterbutton\" style=\"float: right; padding-left: 5px;\"><a href=\"http:\/\/twitter.com\/share\" class=\"twitter-share-button\" data-count=\"horizontal\" data-text=\"Viable el 100 por ciento de ocupaci\u00f3n hotelera en Canc\u00fan durante diciembre\" data-via=\"https:\/\/twitter.com\/VertienteGloba1\" data-url=\"http:\/\/vertienteglobal.com\/?p=167827\" data-lang=\"es\" data-related=\"Informaci\u00f3n general:S\u00edguenos para que est\u00e9ss informado\"><\/a><\/div>\n<figure class=\"wp-block-image size-large\"><img loading=\"lazy\" decoding=\"async\" width=\"900\" height=\"600\" src=\"http:\/\/vertienteglobal.com\/wp-content\/uploads\/2020\/10\/terminal-1-e1602712554196.jpg\" alt=\"\" class=\"wp-image-167828\" srcset=\"http:\/\/vertienteglobal.com\/wp-content\/uploads\/2020\/10\/terminal-1-e1602712554196.jpg 900w, http:\/\/vertienteglobal.com\/wp-content\/uploads\/2020\/10\/terminal-1-e1602712554196-300x200.jpg 300w, http:\/\/vertienteglobal.com\/wp-content\/uploads\/2020\/10\/terminal-1-e1602712554196-150x100.jpg 150w, http:\/\/vertienteglobal.com\/wp-content\/uploads\/2020\/10\/terminal-1-e1602712554196-768x512.jpg 768w\" sizes=\"auto, (max-width: 900px) 100vw, 900px\" \/><\/figure>\n\n\n\n<p>(Redaccion)<\/p>\n\n\n\n<p>L\u00f3pez Reyes record\u00f3 que el mercado canadiense tambi\u00e9n comenz\u00f3 a reactivarse hace unas semanas, con uno o dos vuelos, n\u00famero que seguramente en unas semanas comenzar\u00e1 a subir, luego de que la&nbsp;aerol\u00ednea canadiense Sunwing Airlines&nbsp;anunci\u00f3 que en breve estar\u00eda volando a hacia Canc\u00fan<\/p>\n\n\n\n<p>Canc\u00fan, Quintana Roo a 14 de octubre de 2020.- El director de Turismo en el municipio de Benito Ju\u00e1rez,&nbsp;Francisco L\u00f3pez Reyes, sostuvp que si en diciembre Quintana Roo lograra alcanzar el verde en el sem\u00e1foro epidemiol\u00f3gico, gracias a la presencia del turismo nacional, el que est\u00e1 llegando de Estados Unidos, el colombiano, argentino y brasile\u00f1o, las probabilidades de alcanzar ocupaciones del 80, 90 e, incluso, 100 por ciento, son muy viables.<\/p>\n\n\n\n<p>Y es que record\u00f3 que el pasado domingo 4 de octubre se reportaron 291 operaciones en el&nbsp;Aeropuerto Internacional de Canc\u00fan, la cifra m\u00e1s alta registrada hasta el momento que no ha bajado de 200 cada d\u00eda.<\/p>\n\n\n\n<p>Explic\u00f3: \u00abPara dar una idea de lo que eso representa, Rep\u00fablica Dominicana, nuestro principal competidor, reporta entre 40 y 50 operaciones por semana.<\/p>\n\n\n\n<p>Afirm\u00f3: \u00abEsa diferencia no s\u00f3lo es con destinos del Caribe, ya que Canc\u00fan tiene una de las mejores reactivaciones de todo el mundo. En otros destinos que reabrieron al turismo sus \u00edndices de contagios de coronavirus subieron y aqu\u00ed no ha pasado eso.<\/p>\n\n\n\n<p>Creo que la gran noticia es la situaci\u00f3n que estamos registrando y el paulatino y constante crecimiento\u201d, refiri\u00f3.<\/p>\n\n\n\n<p>L\u00f3pez Reyes record\u00f3 que el mercado canadiense tambi\u00e9n comenz\u00f3 a reactivarse hace unas semanas, con uno o dos vuelos, n\u00famero que seguramente en unas semanas comenzar\u00e1 a subir, luego de que la&nbsp;aerol\u00ednea canadiense Sunwing Airlines&nbsp;anunci\u00f3 que en breve estar\u00eda volando a hacia Canc\u00fan.<\/p>\n\n\n\n<p>Por ultimo, agreg\u00f3 que para seguir en este camino y alcanzar los porcentajes previstos para el cierre del 2020, no se debe bajar la guardia en cuanto a los protocolos y lineamientos de seguridad sanitaria entre la poblaci\u00f3n y los diferentes prestadores de servicios tur\u00edsticos de Canc\u00fan y los dem\u00e1s destinos del Caribe Mexicano.<\/p>\n\n\n\n<figure class=\"wp-block-image size-large\"><img loading=\"lazy\" decoding=\"async\" width=\"900\" height=\"600\" src=\"http:\/\/vertienteglobal.com\/wp-content\/uploads\/2020\/10\/terminal-2-e1602712507704.jpg\" alt=\"\" class=\"wp-image-167829\" srcset=\"http:\/\/vertienteglobal.com\/wp-content\/uploads\/2020\/10\/terminal-2-e1602712507704.jpg 900w, http:\/\/vertienteglobal.com\/wp-content\/uploads\/2020\/10\/terminal-2-e1602712507704-300x200.jpg 300w, http:\/\/vertienteglobal.com\/wp-content\/uploads\/2020\/10\/terminal-2-e1602712507704-150x100.jpg 150w, http:\/\/vertienteglobal.com\/wp-content\/uploads\/2020\/10\/terminal-2-e1602712507704-768x512.jpg 768w\" sizes=\"auto, (max-width: 900px) 100vw, 900px\" \/><\/figure>\n","protected":false},"excerpt":{"rendered":"<p>(Redaccion) L\u00f3pez Reyes record\u00f3 que el mercado canadiense tambi\u00e9n comenz\u00f3 a reactivarse hace unas semanas, con uno o dos vuelos, n\u00famero que seguramente en unas semanas comenzar\u00e1 a subir, luego de que la&nbsp;aerol\u00ednea canadiense Sunwing Airlines&nbsp;anunci\u00f3 que en breve estar\u00eda volando a hacia Canc\u00fan Canc\u00fan, Quintana Roo a 14 de octubre de 2020.- El director [&hellip;]<\/p>\n","protected":false},"author":1,"featured_media":167828,"comment_status":"open","ping_status":"open","sticky":false,"template":"","format":"standard","meta":{"footnotes":""},"categories":[3],"tags":[],"class_list":["post-167827","post","type-post","status-publish","format-standard","has-post-thumbnail","hentry","category-quintana-roo","entry","has-media"],"jetpack_featured_media_url":"http:\/\/vertienteglobal.com\/wp-content\/uploads\/2020\/10\/terminal-1-e1602712554196.jpg","_links":{"self":[{"href":"http:\/\/vertienteglobal.com\/index.php?rest_route=\/wp\/v2\/posts\/167827","targetHints":{"allow":["GET"]}}],"collection":[{"href":"http:\/\/vertienteglobal.com\/index.php?rest_route=\/wp\/v2\/posts"}],"about":[{"href":"http:\/\/vertienteglobal.com\/index.php?rest_route=\/wp\/v2\/types\/post"}],"author":[{"embeddable":true,"href":"http:\/\/vertienteglobal.com\/index.php?rest_route=\/wp\/v2\/users\/1"}],"replies":[{"embeddable":true,"href":"http:\/\/vertienteglobal.com\/index.php?rest_route=%2Fwp%2Fv2%2Fcomments&post=167827"}],"version-history":[{"count":0,"href":"http:\/\/vertienteglobal.com\/index.php?rest_route=\/wp\/v2\/posts\/167827\/revisions"}],"wp:featuredmedia":[{"embeddable":true,"href":"http:\/\/vertienteglobal.com\/index.php?rest_route=\/wp\/v2\/media\/167828"}],"wp:attachment":[{"href":"http:\/\/vertienteglobal.com\/index.php?rest_route=%2Fwp%2Fv2%2Fmedia&parent=167827"}],"wp:term":[{"taxonomy":"category","embeddable":true,"href":"http:\/\/vertienteglobal.com\/index.php?rest_route=%2Fwp%2Fv2%2Fcategories&post=167827"},{"taxonomy":"post_tag","embeddable":true,"href":"http:\/\/vertienteglobal.com\/index.php?rest_route=%2Fwp%2Fv2%2Ftags&post=167827"}],"curies":[{"name":"wp","href":"https:\/\/api.w.org\/{rel}","templated":true}]}}