{"id":167763,"date":"2020-10-13T21:24:25","date_gmt":"2020-10-14T02:24:25","guid":{"rendered":"http:\/\/vertienteglobal.com\/?p=167763"},"modified":"2020-10-14T09:07:59","modified_gmt":"2020-10-14T14:07:59","slug":"seguimos-abriendo-mas-actividades-para-recuperar-empleos-pero-sin-bajar-la-guardia-ante-el-covid-19-carlos-joaquin","status":"publish","type":"post","link":"http:\/\/vertienteglobal.com\/?p=167763","title":{"rendered":"Seguimos abriendo m\u00e1s actividades para recuperar empleos, pero sin bajar la guardia ante el Covid-19: Carlos Joaqu\u00edn"},"content":{"rendered":"\n<div class=\"twitterbutton\" style=\"float: right; padding-left: 5px;\"><a href=\"http:\/\/twitter.com\/share\" class=\"twitter-share-button\" data-count=\"horizontal\" data-text=\"Seguimos abriendo m\u00e1s actividades para recuperar empleos, pero sin bajar la gua...\" data-via=\"https:\/\/twitter.com\/VertienteGloba1\" data-url=\"http:\/\/vertienteglobal.com\/?p=167763\" data-lang=\"es\" data-related=\"Informaci\u00f3n general:S\u00edguenos para que est\u00e9ss informado\"><\/a><\/div>\n<p>\ufffc<\/p>\n\n\n\n<figure class=\"wp-block-image size-large\"><img loading=\"lazy\" decoding=\"async\" width=\"1024\" height=\"682\" src=\"http:\/\/vertienteglobal.com\/wp-content\/uploads\/2020\/10\/1-1024x682.jpg\" alt=\"\" class=\"wp-image-167764\" srcset=\"http:\/\/vertienteglobal.com\/wp-content\/uploads\/2020\/10\/1-1024x682.jpg 1024w, http:\/\/vertienteglobal.com\/wp-content\/uploads\/2020\/10\/1-300x200.jpg 300w, http:\/\/vertienteglobal.com\/wp-content\/uploads\/2020\/10\/1-150x100.jpg 150w, http:\/\/vertienteglobal.com\/wp-content\/uploads\/2020\/10\/1-768x511.jpg 768w, http:\/\/vertienteglobal.com\/wp-content\/uploads\/2020\/10\/1.jpg 1280w\" sizes=\"auto, (max-width: 1024px) 100vw, 1024px\" \/><\/figure>\n\n\n\n<p>(Redaccion)<\/p>\n\n\n\n<p>El gobernador de Quintana Roo anunci\u00f3 un relanzamiento de los programas preventivos ante el relajamiento de las medidas de higiene<\/p>\n\n\n\n<p>Al hacer un resumen de las actividades de recuperaci\u00f3n tras el paso de \u201cDelta\u201d expres\u00f3 que ser disciplinados permitir\u00e1 avanzar m\u00e1s r\u00e1pido en la reactivaci\u00f3n econ\u00f3mica<\/p>\n\n\n\n<p>Chetumal, Quintana Roo a 13 de octibre de 2020.- El gobernador Carlos Joaqu\u00edn expres\u00f3 hoy que paulatinamente se seguir\u00e1n abriendo m\u00e1s actividades, como los museos, que generan ingresos para las personas, pero advirti\u00f3 que es muy importante no relajar las medidas preventivas porque el Covid-19 no se ha ido.<\/p>\n\n\n\n<p>Todav\u00eda estamos en etapa de contagio de Covid-19, el coronavirus est\u00e1 ah\u00ed, no se ha ido y durante los recorridos que he tenido por los municipios me he dado cuenta de un relajamiento de las medidas preventivas\u201d explic\u00f3 el gobernador de Quintana Roo.<\/p>\n\n\n\n<p>Durante el programa Enlace Ciudadano que se transmite por el Sistema Quintanarroense de Comunicaci\u00f3n Social y las redes sociales de la Coordinaci\u00f3n General de Comunicaci\u00f3n el titular del Ejecutivo manifest\u00f3 que cuidar la salud representa salvar la vida de nuestra gente.<\/p>\n\n\n\n<p>Al hacer un resumen de las actividades realizadas durante el fin de semana para escuchar y atender a la gente de los municipios afectados por el hurac\u00e1n \u201cDelta\u201d, Carlos Joaqu\u00edn llam\u00f3 a no bajar la guardia ante el tema del Covid-19.<\/p>\n\n\n\n<p>Anunci\u00f3 un relanzamiento de los programas preventivos, que contemplas los h\u00e1bitos para la higiene, como son la participaci\u00f3n de los Enlaces Ciudadanos, de los j\u00f3venes con chalecos y gorras amarillas; mantener la instalaci\u00f3n de los filtros sanitarios, evitar aglomeraciones, m\u00e9dico en tu chamba y m\u00e9dico en tu casa.<\/p>\n\n\n\n<p>Carlos Joaqu\u00edn reiter\u00f3 que Quintana Roo es un estado que genera empleo, crecimiento social, desarrollo econ\u00f3mico, y queremos que siga as\u00ed con la reapertura gradual, ordenada y responsable de las actividades econ\u00f3micas.<\/p>\n\n\n\n<p>Llam\u00f3 a ser disciplinados para recuperar Quintana Roo, con equilibrio entre el cuidado de la salud y la recuperaci\u00f3n econ\u00f3mica, para fortalecer la econom\u00eda, para tener dinero en el bolsillo, para mejorar la calidad de vida que es el objetivo de las familias que han llegado a Quintana Roo.<\/p>\n\n\n\n<p>A lo largo del programa, Carlos Joaqu\u00edn destac\u00f3 la participaci\u00f3n de la gente en las labores de recuperaci\u00f3n de da\u00f1os tras el paso del hurac\u00e1n \u201cDelta\u201d, como en el corte de \u00e1rboles, de retirar obst\u00e1culos para abrir la vialidad.<\/p>\n\n\n\n<p>Agradeci\u00f3 a todos quienes han participado en las tareas de restablecimiento de las actividades cotidianas en los municipios afectados.<\/p>\n\n\n\n<p>Sobre el Tren Maya afirm\u00f3 que representa una inversi\u00f3n importante para Quintana Roo, porque va a generar desarrollo econ\u00f3mico y desarrollo social.<\/p>\n\n\n\n<p>Este martes, el gobernador Carlos Joaqu\u00edn dio a conocer que el reconocimiento Nobleza Obliga es para Arturo Izquierdo Aguilar, polic\u00eda de Benito Ju\u00e1rez que perdi\u00f3 la vida por Covid-19 en cumplimiento de su deber.<\/p>\n\n\n\n<p>Asimismo, inform\u00f3 del ranking de las 10 colonias con mayor n\u00famero de casos activos de Covid-19 y en primer lugar se encuentra la colonia Proterritorio, de Chetumal, con 10 casos.<\/p>\n\n\n\n<p>En este ranking se encuentran cinco colonias de Benito Ju\u00e1rez, cuatro de Oth\u00f3n P. Blanco y una de Tulum.<\/p>\n","protected":false},"excerpt":{"rendered":"<p>\ufffc (Redaccion) El gobernador de Quintana Roo anunci\u00f3 un relanzamiento de los programas preventivos ante el relajamiento de las medidas de higiene Al hacer un resumen de las actividades de recuperaci\u00f3n tras el paso de \u201cDelta\u201d expres\u00f3 que ser disciplinados permitir\u00e1 avanzar m\u00e1s r\u00e1pido en la reactivaci\u00f3n econ\u00f3mica Chetumal, Quintana Roo a 13 de octibre [&hellip;]<\/p>\n","protected":false},"author":1,"featured_media":167764,"comment_status":"open","ping_status":"open","sticky":false,"template":"","format":"standard","meta":{"footnotes":""},"categories":[3],"tags":[],"class_list":["post-167763","post","type-post","status-publish","format-standard","has-post-thumbnail","hentry","category-quintana-roo","entry","has-media"],"jetpack_featured_media_url":"http:\/\/vertienteglobal.com\/wp-content\/uploads\/2020\/10\/1.jpg","_links":{"self":[{"href":"http:\/\/vertienteglobal.com\/index.php?rest_route=\/wp\/v2\/posts\/167763","targetHints":{"allow":["GET"]}}],"collection":[{"href":"http:\/\/vertienteglobal.com\/index.php?rest_route=\/wp\/v2\/posts"}],"about":[{"href":"http:\/\/vertienteglobal.com\/index.php?rest_route=\/wp\/v2\/types\/post"}],"author":[{"embeddable":true,"href":"http:\/\/vertienteglobal.com\/index.php?rest_route=\/wp\/v2\/users\/1"}],"replies":[{"embeddable":true,"href":"http:\/\/vertienteglobal.com\/index.php?rest_route=%2Fwp%2Fv2%2Fcomments&post=167763"}],"version-history":[{"count":0,"href":"http:\/\/vertienteglobal.com\/index.php?rest_route=\/wp\/v2\/posts\/167763\/revisions"}],"wp:featuredmedia":[{"embeddable":true,"href":"http:\/\/vertienteglobal.com\/index.php?rest_route=\/wp\/v2\/media\/167764"}],"wp:attachment":[{"href":"http:\/\/vertienteglobal.com\/index.php?rest_route=%2Fwp%2Fv2%2Fmedia&parent=167763"}],"wp:term":[{"taxonomy":"category","embeddable":true,"href":"http:\/\/vertienteglobal.com\/index.php?rest_route=%2Fwp%2Fv2%2Fcategories&post=167763"},{"taxonomy":"post_tag","embeddable":true,"href":"http:\/\/vertienteglobal.com\/index.php?rest_route=%2Fwp%2Fv2%2Ftags&post=167763"}],"curies":[{"name":"wp","href":"https:\/\/api.w.org\/{rel}","templated":true}]}}