{"id":167759,"date":"2020-10-13T19:49:36","date_gmt":"2020-10-14T00:49:36","guid":{"rendered":"http:\/\/vertienteglobal.com\/?p=167759"},"modified":"2020-10-14T09:02:18","modified_gmt":"2020-10-14T14:02:18","slug":"reconoce-el-gobierno-de-cancun-apoyo-del-transporte-publico-en-huracan-delta","status":"publish","type":"post","link":"http:\/\/vertienteglobal.com\/?p=167759","title":{"rendered":"Reconoce el gobierno de Cancun apoyo del transporte publico en huracan Delta"},"content":{"rendered":"\n<div class=\"twitterbutton\" style=\"float: right; padding-left: 5px;\"><a href=\"http:\/\/twitter.com\/share\" class=\"twitter-share-button\" data-count=\"horizontal\" data-text=\"Reconoce el gobierno de Cancun apoyo del transporte publico en huracan Delta\" data-via=\"https:\/\/twitter.com\/VertienteGloba1\" data-url=\"http:\/\/vertienteglobal.com\/?p=167759\" data-lang=\"es\" data-related=\"Informaci\u00f3n general:S\u00edguenos para que est\u00e9ss informado\"><\/a><\/div>\n<figure class=\"wp-block-image size-large\"><img loading=\"lazy\" decoding=\"async\" width=\"1024\" height=\"682\" src=\"http:\/\/vertienteglobal.com\/wp-content\/uploads\/2020\/10\/01-2-scaled-1-1024x682.jpg\" alt=\"\" class=\"wp-image-167760\" srcset=\"http:\/\/vertienteglobal.com\/wp-content\/uploads\/2020\/10\/01-2-scaled-1-1024x682.jpg 1024w, http:\/\/vertienteglobal.com\/wp-content\/uploads\/2020\/10\/01-2-scaled-1-300x200.jpg 300w, http:\/\/vertienteglobal.com\/wp-content\/uploads\/2020\/10\/01-2-scaled-1-150x100.jpg 150w, http:\/\/vertienteglobal.com\/wp-content\/uploads\/2020\/10\/01-2-scaled-1-768x512.jpg 768w, http:\/\/vertienteglobal.com\/wp-content\/uploads\/2020\/10\/01-2-scaled-1-1536x1024.jpg 1536w, http:\/\/vertienteglobal.com\/wp-content\/uploads\/2020\/10\/01-2-scaled-1.jpg 1700w\" sizes=\"auto, (max-width: 1024px) 100vw, 1024px\" \/><\/figure>\n\n\n\n<p>(Redaccion)<\/p>\n\n\n\n<p>La Primera Autoridad Municipal expres\u00f3 su gratitud por la inmensa val\u00eda y contribuci\u00f3n del sector de transporte p\u00fablico durante la contingencia por el hurac\u00e1n Delta hace una semana, ya que se pusieron la camiseta con el gobierno municipal para ayudar en el traslado de cientos de personas, con el fin de resguardarse ante el inminente impacto<\/p>\n\n\n\n<p>Canc\u00fan, Quintana Roo, a 13 de octubre de 2020.- Concesionarios y operadores de transporte p\u00fablico municipal fueron reconocidos p\u00fablicamente por el Ayuntamiento de Benito Ju\u00e1rez por el apoyo brindado en el hurac\u00e1n Delta, ya que facilitaron la evacuaci\u00f3n de turistas hacia los refugios y reestablecieron prontamente el servicio para la ciudadan\u00eda en general a pocas horas del impacto del fen\u00f3meno hidrometeorol\u00f3gico.<br>&nbsp;<br>El evento fue realizado en el encierro de la empresa Autocar en la Supermanzana 93, el cual estuvo encabezado por la Presidente Municipal Mara Lezama, quien fue acompa\u00f1ada por el director general de Transportaci\u00f3n Tur\u00edstica Urbana de Canc\u00fan, Vicente Andr\u00e9s Noya Cruz; el gerente de Maya Caribe, Marco Castillo Ceballos; el representante legal de la Cooperativa Bonfil, Marco L\u00f3pez Duarte; el secretario general del sindicato de Turic\u00fan, Humberto Jim\u00e9nez Alessio; el director general de Transporte y Vialidad, Rodrigo Alc\u00e1zar Urrutia; el regidor Pablo Guti\u00e9rrez Fern\u00e1ndez, entre otras autoridades.<br>&nbsp;<br>A nombre de los benitojuarenses, la Primera Autoridad Municipal expres\u00f3 su gratitud por la inmensa val\u00eda y contribuci\u00f3n del sector de transporte p\u00fablico durante la contingencia por el hurac\u00e1n Delta hace una semana, ya que se pusieron la camiseta con el gobierno municipal para ayudar en el traslado de cientos de personas, con el fin de resguardarse ante el inminente impacto.<br>&nbsp;<br>\u201cEl transporte p\u00fablico ha sido uno de los principales motores de la reactivaci\u00f3n econ\u00f3mica y social en el municipio de Benito Ju\u00e1rez pues pr\u00e1cticamente no detuvo sus operaciones en t\u00e9rminos reales. Todas y todos ustedes actuaron con disciplina y sincron\u00eda, demostraron log\u00edstica y coordinaci\u00f3n, pero sobre todo pudimos ver una inmensa vocaci\u00f3n de servicio y amor por su ciudad\u201d, expres\u00f3.<br>&nbsp;<br>Agreg\u00f3 que en la parte oficial, el estado de fuerza de los tres \u00f3rdenes de gobierno que se tuvo fue de mil 814 elementos de varias instituciones, pero a ellos se debe sumar el personal en materia de transporte que hizo lo propio cuando Canc\u00fan m\u00e1s los necesit\u00f3.<br>&nbsp;<br>\u201cAunque civiles, el transporte p\u00fablico municipal debe ser considerado, a partir de este instante, como parte del estado de fuerza con el que cuenta el municipio de Benito Ju\u00e1rez\u201d, dijo.<\/p>\n\n\n\n<p>Como ejemplo de su labor, puntualiz\u00f3 que 40 camiones evacuaron la zona hotelera y el mismo tanto hizo lo propio en el centro de la ciudad, por lo que en menos de 24 horas ayudaron a regresar a los viajeros a sus centros de hospedaje; de igual forma, la noche previa del hurac\u00e1n, el servicio sigui\u00f3 funcionando hasta las 20:00 horas para la zona hotelera y a las 21:00 horas en el centro de Canc\u00fan, y se fue reestableciendo desde el d\u00eda siguiente de Delta en un 30 por ciento y a 48 horas de su paso, en un 100 por ciento en la ciudad.<br>\u00a0<br>\u201cHan trabajado todos los d\u00edas sin descanso, con pandemia o sin pandemia, con hurac\u00e1n o sin hurac\u00e1n, con agua, con vientos y tenemos que agradec\u00e9rselos\u201d, enfatiz\u00f3.<br>\u00a0<br>Por su parte, el director general de Autocar, Santiago Carrillo S\u00e1nchez, manifest\u00f3 que con la experiencia el hurac\u00e1n Wilma, reaccionaron mucho m\u00e1s r\u00e1pido y son un ejemplo a nivel nacional y mundial de comunidad, por haber evacuado a los turistas en un trabajo coordinado y haber apoyado en el traslado de personas en diferentes colonias hacia refugios, con una suma de m\u00e1s de tres mil colaboradores de las concesionarias del transporte p\u00fablico.<br>\u00a0<br>De manera rec\u00edproca durante la convivencia con el personal, el coordinador del Sindicato de las L\u00edneas del Transporte de la Rep\u00fablica Mexicana, Arnulfo Garc\u00eda Velo, le entreg\u00f3 a la Presidente Municipal un reconocimiento por su trabajo antes, durante y despu\u00e9s del embate de Delta.<\/p>\n\n\n\n<figure class=\"wp-block-image size-large\"><img loading=\"lazy\" decoding=\"async\" width=\"1024\" height=\"682\" src=\"http:\/\/vertienteglobal.com\/wp-content\/uploads\/2020\/10\/03-1-scaled-1-1024x682.jpg\" alt=\"\" class=\"wp-image-167761\" srcset=\"http:\/\/vertienteglobal.com\/wp-content\/uploads\/2020\/10\/03-1-scaled-1-1024x682.jpg 1024w, http:\/\/vertienteglobal.com\/wp-content\/uploads\/2020\/10\/03-1-scaled-1-300x200.jpg 300w, http:\/\/vertienteglobal.com\/wp-content\/uploads\/2020\/10\/03-1-scaled-1-150x100.jpg 150w, http:\/\/vertienteglobal.com\/wp-content\/uploads\/2020\/10\/03-1-scaled-1-768x512.jpg 768w, http:\/\/vertienteglobal.com\/wp-content\/uploads\/2020\/10\/03-1-scaled-1-1536x1024.jpg 1536w, http:\/\/vertienteglobal.com\/wp-content\/uploads\/2020\/10\/03-1-scaled-1.jpg 1700w\" sizes=\"auto, (max-width: 1024px) 100vw, 1024px\" \/><\/figure>\n","protected":false},"excerpt":{"rendered":"<p>(Redaccion) La Primera Autoridad Municipal expres\u00f3 su gratitud por la inmensa val\u00eda y contribuci\u00f3n del sector de transporte p\u00fablico durante la contingencia por el hurac\u00e1n Delta hace una semana, ya que se pusieron la camiseta con el gobierno municipal para ayudar en el traslado de cientos de personas, con el fin de resguardarse ante el [&hellip;]<\/p>\n","protected":false},"author":1,"featured_media":167760,"comment_status":"open","ping_status":"open","sticky":false,"template":"","format":"standard","meta":{"footnotes":""},"categories":[3],"tags":[],"class_list":["post-167759","post","type-post","status-publish","format-standard","has-post-thumbnail","hentry","category-quintana-roo","entry","has-media"],"jetpack_featured_media_url":"http:\/\/vertienteglobal.com\/wp-content\/uploads\/2020\/10\/01-2-scaled-1.jpg","_links":{"self":[{"href":"http:\/\/vertienteglobal.com\/index.php?rest_route=\/wp\/v2\/posts\/167759","targetHints":{"allow":["GET"]}}],"collection":[{"href":"http:\/\/vertienteglobal.com\/index.php?rest_route=\/wp\/v2\/posts"}],"about":[{"href":"http:\/\/vertienteglobal.com\/index.php?rest_route=\/wp\/v2\/types\/post"}],"author":[{"embeddable":true,"href":"http:\/\/vertienteglobal.com\/index.php?rest_route=\/wp\/v2\/users\/1"}],"replies":[{"embeddable":true,"href":"http:\/\/vertienteglobal.com\/index.php?rest_route=%2Fwp%2Fv2%2Fcomments&post=167759"}],"version-history":[{"count":0,"href":"http:\/\/vertienteglobal.com\/index.php?rest_route=\/wp\/v2\/posts\/167759\/revisions"}],"wp:featuredmedia":[{"embeddable":true,"href":"http:\/\/vertienteglobal.com\/index.php?rest_route=\/wp\/v2\/media\/167760"}],"wp:attachment":[{"href":"http:\/\/vertienteglobal.com\/index.php?rest_route=%2Fwp%2Fv2%2Fmedia&parent=167759"}],"wp:term":[{"taxonomy":"category","embeddable":true,"href":"http:\/\/vertienteglobal.com\/index.php?rest_route=%2Fwp%2Fv2%2Fcategories&post=167759"},{"taxonomy":"post_tag","embeddable":true,"href":"http:\/\/vertienteglobal.com\/index.php?rest_route=%2Fwp%2Fv2%2Ftags&post=167759"}],"curies":[{"name":"wp","href":"https:\/\/api.w.org\/{rel}","templated":true}]}}