{"id":167630,"date":"2020-10-12T16:12:22","date_gmt":"2020-10-12T21:12:22","guid":{"rendered":"http:\/\/vertienteglobal.com\/?p=167630"},"modified":"2020-10-12T16:12:22","modified_gmt":"2020-10-12T21:12:22","slug":"advierten-contagio-de-covid-19-con-cepillo","status":"publish","type":"post","link":"http:\/\/vertienteglobal.com\/?p=167630","title":{"rendered":"Advierten contagio de COVID-19 con cepillo"},"content":{"rendered":"\n<div class=\"twitterbutton\" style=\"float: right; padding-left: 5px;\"><a href=\"http:\/\/twitter.com\/share\" class=\"twitter-share-button\" data-count=\"horizontal\" data-text=\"Advierten contagio de COVID-19 con cepillo\" data-via=\"https:\/\/twitter.com\/VertienteGloba1\" data-url=\"http:\/\/vertienteglobal.com\/?p=167630\" data-lang=\"es\" data-related=\"Informaci\u00f3n general:S\u00edguenos para que est\u00e9ss informado\"><\/a><\/div>\n<figure class=\"wp-block-image size-large\"><img loading=\"lazy\" decoding=\"async\" width=\"1024\" height=\"683\" src=\"http:\/\/vertienteglobal.com\/wp-content\/uploads\/2020\/10\/1125365.jpg\" alt=\"\" class=\"wp-image-167631\" srcset=\"http:\/\/vertienteglobal.com\/wp-content\/uploads\/2020\/10\/1125365.jpg 1024w, http:\/\/vertienteglobal.com\/wp-content\/uploads\/2020\/10\/1125365-300x200.jpg 300w, http:\/\/vertienteglobal.com\/wp-content\/uploads\/2020\/10\/1125365-150x100.jpg 150w, http:\/\/vertienteglobal.com\/wp-content\/uploads\/2020\/10\/1125365-768x512.jpg 768w\" sizes=\"auto, (max-width: 1024px) 100vw, 1024px\" \/><\/figure>\n\n\n\n<p>(Redacci\u00f3n)<\/p>\n\n\n\n<p>Inform\u00f3 que los cepillos dentales en pandemia del COVID-19 deben ser guardados con una cubierta individual en sitios o contenedores separados para evitar la contaminaci\u00f3n cruzada, ya que no sabemos si podemos o no ser enfermos asintom\u00e1ticos<\/p>\n\n\n\n<p>Ciudad de Mexico a 12 de octubre de 2020.- La especialista en odontopediatr\u00eda del Instituto Polit\u00e9cnico Nacional (IPN), Nancy Arzate Mora, advirti\u00f3 de contagio de COVID-19 con el cepillo dental.<\/p>\n\n\n\n<p>Y es que detall\u00f3 que debido a que los microorganismos pueden alojarse en las cerdas del cepillo dental, si alguna persona desconoce que est\u00e1 infectada del virus puede contagiar a sus familiares a trav\u00e9s de este artefacto.<\/p>\n\n\n\n<p>Por lo anterior, la especialista del Centro Interdisciplinario de Ciencias de la Salud (CICS), Unidad Santo Tom\u00e1s, recomienda no colocar juntos los cepillos dentales en una casa en un solo contenedor.<\/p>\n\n\n\n<p>Inform\u00f3 que los cepillos dentales en pandemia del COVID-19 deben ser guardados con una cubierta individual en sitios o contenedores separados para evitar la contaminaci\u00f3n cruzada, ya que no sabemos si podemos o no ser enfermos asintom\u00e1ticos.<\/p>\n","protected":false},"excerpt":{"rendered":"<p>(Redacci\u00f3n) Inform\u00f3 que los cepillos dentales en pandemia del COVID-19 deben ser guardados con una cubierta individual en sitios o contenedores separados para evitar la contaminaci\u00f3n cruzada, ya que no sabemos si podemos o no ser enfermos asintom\u00e1ticos Ciudad de Mexico a 12 de octubre de 2020.- La especialista en odontopediatr\u00eda del Instituto Polit\u00e9cnico Nacional [&hellip;]<\/p>\n","protected":false},"author":1,"featured_media":167631,"comment_status":"open","ping_status":"open","sticky":false,"template":"","format":"standard","meta":{"footnotes":""},"categories":[8],"tags":[],"class_list":["post-167630","post","type-post","status-publish","format-standard","has-post-thumbnail","hentry","category-pais","entry","has-media"],"jetpack_featured_media_url":"http:\/\/vertienteglobal.com\/wp-content\/uploads\/2020\/10\/1125365.jpg","_links":{"self":[{"href":"http:\/\/vertienteglobal.com\/index.php?rest_route=\/wp\/v2\/posts\/167630","targetHints":{"allow":["GET"]}}],"collection":[{"href":"http:\/\/vertienteglobal.com\/index.php?rest_route=\/wp\/v2\/posts"}],"about":[{"href":"http:\/\/vertienteglobal.com\/index.php?rest_route=\/wp\/v2\/types\/post"}],"author":[{"embeddable":true,"href":"http:\/\/vertienteglobal.com\/index.php?rest_route=\/wp\/v2\/users\/1"}],"replies":[{"embeddable":true,"href":"http:\/\/vertienteglobal.com\/index.php?rest_route=%2Fwp%2Fv2%2Fcomments&post=167630"}],"version-history":[{"count":0,"href":"http:\/\/vertienteglobal.com\/index.php?rest_route=\/wp\/v2\/posts\/167630\/revisions"}],"wp:featuredmedia":[{"embeddable":true,"href":"http:\/\/vertienteglobal.com\/index.php?rest_route=\/wp\/v2\/media\/167631"}],"wp:attachment":[{"href":"http:\/\/vertienteglobal.com\/index.php?rest_route=%2Fwp%2Fv2%2Fmedia&parent=167630"}],"wp:term":[{"taxonomy":"category","embeddable":true,"href":"http:\/\/vertienteglobal.com\/index.php?rest_route=%2Fwp%2Fv2%2Fcategories&post=167630"},{"taxonomy":"post_tag","embeddable":true,"href":"http:\/\/vertienteglobal.com\/index.php?rest_route=%2Fwp%2Fv2%2Ftags&post=167630"}],"curies":[{"name":"wp","href":"https:\/\/api.w.org\/{rel}","templated":true}]}}