{"id":167247,"date":"2020-10-06T08:49:00","date_gmt":"2020-10-06T13:49:00","guid":{"rendered":"http:\/\/vertienteglobal.com\/?p=167247"},"modified":"2020-10-06T19:28:41","modified_gmt":"2020-10-07T00:28:41","slug":"van-en-camino-cinco-mil-militares-para-hacer-frente-a-delta-en-quintana-roo","status":"publish","type":"post","link":"http:\/\/vertienteglobal.com\/?p=167247","title":{"rendered":"Van en camino cinco mil militares para hacer frente a \u2018Delta\u2019 en Quintana Roo"},"content":{"rendered":"\n<div class=\"twitterbutton\" style=\"float: right; padding-left: 5px;\"><a href=\"http:\/\/twitter.com\/share\" class=\"twitter-share-button\" data-count=\"horizontal\" data-text=\"Van en camino cinco mil militares para hacer frente a \u2018Delta\u2019 en Quintana Ro...\" data-via=\"https:\/\/twitter.com\/VertienteGloba1\" data-url=\"http:\/\/vertienteglobal.com\/?p=167247\" data-lang=\"es\" data-related=\"Informaci\u00f3n general:S\u00edguenos para que est\u00e9ss informado\"><\/a><\/div>\n<figure class=\"wp-block-image size-large\"><img loading=\"lazy\" decoding=\"async\" width=\"884\" height=\"530\" src=\"http:\/\/vertienteglobal.com\/wp-content\/uploads\/2020\/10\/3.jpeg\" alt=\"\" class=\"wp-image-167248\" srcset=\"http:\/\/vertienteglobal.com\/wp-content\/uploads\/2020\/10\/3.jpeg 884w, http:\/\/vertienteglobal.com\/wp-content\/uploads\/2020\/10\/3-300x180.jpeg 300w, http:\/\/vertienteglobal.com\/wp-content\/uploads\/2020\/10\/3-150x90.jpeg 150w, http:\/\/vertienteglobal.com\/wp-content\/uploads\/2020\/10\/3-768x460.jpeg 768w\" sizes=\"auto, (max-width: 884px) 100vw, 884px\" \/><\/figure>\n\n\n\n<p>&nbsp;(Redaccion)<\/p>\n\n\n\n<p>Informo que cinco mil militares se desplazar\u00e1n a Yucat\u00e1n y Quintana Roo para implementar el Plan DN-III de apoyo a la poblaci\u00f3n civil<\/p>\n\n\n\n<p>Ciudad de Mexico a 0 de octubre de 2020.-&nbsp;Ante la presencia en el Mar Caribe del hurac\u00e1n Delta, el secretario de Marina, Jos\u00e9 Rafael Ojeda Dur\u00e1n y la coordinadora nacional de Protecci\u00f3n Civil, Laura Vel\u00e1zquez, salieron a Quintana Roo para seguir la evoluci\u00f3n del fen\u00f3meno y coordinar las acciones de prevenci\u00f3n, inform\u00f3 hoy el presidente Andr\u00e9s Manuel L\u00f3pez Obrador, public\u00f3&nbsp;La Jornada.<\/p>\n\n\n\n<p>Informo que cinco mil militares se desplazar\u00e1n a Yucat\u00e1n y Quintana Roo para implementar el Plan DN-III de apoyo a la poblaci\u00f3n civil.<\/p>\n\n\n\n<p>Y es que en la conferencia matutina, el mandatario expuso que ha estado en contacto con los gobernadores de Quintana Roo, Carlos Joaqu\u00edn Gonz\u00e1lez y de Yucat\u00e1n, Mauricio Vila, para coordinar acciones.<\/p>\n\n\n\n<p>L\u00f3pez Obrador llam\u00f3 a la poblaci\u00f3n a adoptar medidas de protecci\u00f3n personal, pero confi\u00f3 en que, dado que se estima que el hurac\u00e1n Delta llegue a costas mexicanas la madrugada del mi\u00e9rcoles, hay tiempo para adoptar las previsiones necesarias.<br>Estamos atentos, subray\u00f3, para lo que se necesite.<\/p>\n\n\n\n<p>\u201cHay coordinaci\u00f3n (con los gobernadores), pero es importante que la gente atienda las recomendaciones. En las partes bajas hay que salirse, hay que ir a refugios\u201d.<\/p>\n\n\n\n<p>Seg\u00fan las previsiones, el hurac\u00e1n \u201cva a azotar, va a pegar m\u00e1s fuerte en la noche, la madrugada del mi\u00e9rcoles. Entonces tenemos todo el d\u00eda para extremar precauciones\u201d, agreg\u00f3. (Fuente:&nbsp;La Jornada)<\/p>\n","protected":false},"excerpt":{"rendered":"<p>&nbsp;(Redaccion) Informo que cinco mil militares se desplazar\u00e1n a Yucat\u00e1n y Quintana Roo para implementar el Plan DN-III de apoyo a la poblaci\u00f3n civil Ciudad de Mexico a 0 de octubre de 2020.-&nbsp;Ante la presencia en el Mar Caribe del hurac\u00e1n Delta, el secretario de Marina, Jos\u00e9 Rafael Ojeda Dur\u00e1n y la coordinadora nacional de [&hellip;]<\/p>\n","protected":false},"author":1,"featured_media":167248,"comment_status":"open","ping_status":"open","sticky":false,"template":"","format":"standard","meta":{"footnotes":""},"categories":[3],"tags":[],"class_list":["post-167247","post","type-post","status-publish","format-standard","has-post-thumbnail","hentry","category-quintana-roo","entry","has-media"],"jetpack_featured_media_url":"http:\/\/vertienteglobal.com\/wp-content\/uploads\/2020\/10\/3.jpeg","_links":{"self":[{"href":"http:\/\/vertienteglobal.com\/index.php?rest_route=\/wp\/v2\/posts\/167247","targetHints":{"allow":["GET"]}}],"collection":[{"href":"http:\/\/vertienteglobal.com\/index.php?rest_route=\/wp\/v2\/posts"}],"about":[{"href":"http:\/\/vertienteglobal.com\/index.php?rest_route=\/wp\/v2\/types\/post"}],"author":[{"embeddable":true,"href":"http:\/\/vertienteglobal.com\/index.php?rest_route=\/wp\/v2\/users\/1"}],"replies":[{"embeddable":true,"href":"http:\/\/vertienteglobal.com\/index.php?rest_route=%2Fwp%2Fv2%2Fcomments&post=167247"}],"version-history":[{"count":0,"href":"http:\/\/vertienteglobal.com\/index.php?rest_route=\/wp\/v2\/posts\/167247\/revisions"}],"wp:featuredmedia":[{"embeddable":true,"href":"http:\/\/vertienteglobal.com\/index.php?rest_route=\/wp\/v2\/media\/167248"}],"wp:attachment":[{"href":"http:\/\/vertienteglobal.com\/index.php?rest_route=%2Fwp%2Fv2%2Fmedia&parent=167247"}],"wp:term":[{"taxonomy":"category","embeddable":true,"href":"http:\/\/vertienteglobal.com\/index.php?rest_route=%2Fwp%2Fv2%2Fcategories&post=167247"},{"taxonomy":"post_tag","embeddable":true,"href":"http:\/\/vertienteglobal.com\/index.php?rest_route=%2Fwp%2Fv2%2Ftags&post=167247"}],"curies":[{"name":"wp","href":"https:\/\/api.w.org\/{rel}","templated":true}]}}