{"id":167124,"date":"2020-10-04T18:42:00","date_gmt":"2020-10-04T23:42:00","guid":{"rendered":"http:\/\/vertienteglobal.com\/?p=167124"},"modified":"2020-10-04T20:13:48","modified_gmt":"2020-10-05T01:13:48","slug":"este-domingo-quintana-roo-rompio-record-con-291-operaciones-aereas-y-llego-el-vuelo-paris-cancun-de-airfrance-carlos-joaquin","status":"publish","type":"post","link":"http:\/\/vertienteglobal.com\/?p=167124","title":{"rendered":"Este domingo, Quintana Roo rompi\u00f3 r\u00e9cord con 291 operaciones a\u00e9reas y lleg\u00f3 el vuelo Par\u00eds-Canc\u00fan de Airfrance: Carlos Joaqu\u00edn"},"content":{"rendered":"\n<div class=\"twitterbutton\" style=\"float: right; padding-left: 5px;\"><a href=\"http:\/\/twitter.com\/share\" class=\"twitter-share-button\" data-count=\"horizontal\" data-text=\"Este domingo, Quintana Roo rompi\u00f3 r\u00e9cord con 291 operaciones a\u00e9reas y lleg\u00f3 ...\" data-via=\"https:\/\/twitter.com\/VertienteGloba1\" data-url=\"http:\/\/vertienteglobal.com\/?p=167124\" data-lang=\"es\" data-related=\"Informaci\u00f3n general:S\u00edguenos para que est\u00e9ss informado\"><\/a><\/div>\n<figure class=\"wp-block-image size-large\"><img loading=\"lazy\" decoding=\"async\" width=\"585\" height=\"390\" src=\"http:\/\/vertienteglobal.com\/wp-content\/uploads\/2020\/10\/a\u00e9reas-1-585x390-1.jpg\" alt=\"\" class=\"wp-image-167125\" srcset=\"http:\/\/vertienteglobal.com\/wp-content\/uploads\/2020\/10\/a\u00e9reas-1-585x390-1.jpg 585w, http:\/\/vertienteglobal.com\/wp-content\/uploads\/2020\/10\/a\u00e9reas-1-585x390-1-300x200.jpg 300w, http:\/\/vertienteglobal.com\/wp-content\/uploads\/2020\/10\/a\u00e9reas-1-585x390-1-150x100.jpg 150w\" sizes=\"auto, (max-width: 585px) 100vw, 585px\" \/><\/figure>\n\n\n\n<p>(Redaccion)<\/p>\n\n\n\n<p>Quintana Roo avanza en la recuperaci\u00f3n de su conectividad a\u00e9rea con Europa<\/p>\n\n\n\n<p>El gobernador de Quintana Roo expresa que el equilibrio entre el cuidado de la salud y la reactivaci\u00f3n permitir\u00e1 avanzar en crecimiento econ\u00f3mico<\/p>\n\n\n\n<p>Chetumal, Quintana Roo a 04 de octubre de 2020.- El gobernador Carlos Joaqu\u00edn expres\u00f3 que, para avanzar m\u00e1s r\u00e1pido en la recuperaci\u00f3n de Quintana Roo, hay mucho trabajo qu\u00e9 hacer en bien de la poblaci\u00f3n, pero sobre todo en el cuidado de la salud para lograr el equilibrio que permita salvar vidas y aumentar el crecimiento econ\u00f3mico.<\/p>\n\n\n\n<p>Este domingo, Carlos Joaqu\u00edn dio dos buenas noticias: \u201cRecibimos de nuevo el vuelo Par\u00eds-Canc\u00fan, de Airfrance. Una de las rutas m\u00e1s exitosas, desde Europa, regresa despu\u00e9s de la pandemia. Adem\u00e1s, rompimos r\u00e9cord este domingo con 291 operaciones a\u00e9reas. Vamos avanzando juntos en la reactivaci\u00f3n de Quintana Roo.\u201d<\/p>\n\n\n\n<p>Quintana Roo.\u201d<\/p>\n\n\n\n<p>El gobernador de Quintana Roo celebr\u00f3 que, en estos d\u00edas, el Aeropuerto Internacional de Canc\u00fan est\u00e9 recibiendo vuelos de Europa, como el de la aerol\u00ednea Lufthansa, que lleg\u00f3 al estado el uno de octubre, despu\u00e9s de que se hab\u00eda dejado de funcionar desde hace seis a\u00f1os.<\/p>\n\n\n\n<p>Carlos Joaqu\u00edn precis\u00f3 que, en el caso de Lufthansa, una aerol\u00ednea muy prestigiada y con mucho reconocimiento mundial, no se trata de un reinicio de operaciones, sino de la inauguraci\u00f3n de los vuelos al aeropuerto de Canc\u00fan. Empezar\u00e1 con dos veces a la semana e ir\u00e1 incrementando las frecuencias.<\/p>\n\n\n\n<p>Este domingo cuatro de octubre, se reanudaron los vuelos entre Par\u00eds y Canc\u00fan con la llegada de la aerol\u00ednea Air France.<\/p>\n\n\n\n<p>El s\u00e1bado tres de octubre, regres\u00f3 al Aeropuerto Internacional de Canc\u00fan el vuelo SWISS LX8024, operado por Edelweiss, el cual comienza con una operaci\u00f3n semanal los d\u00edas s\u00e1bados para conectar a Quintana Roo con Z\u00farich. Se prev\u00e9 un aumento de frecuencias para finales de a\u00f1o.<\/p>\n\n\n\n<p>El viernes dos, Volaris retom\u00f3 la operaci\u00f3n de la ruta Ciudad de M\u00e9xico\u2013Cozumel, con dos frecuencias semanales, los viernes y domingos.<\/p>\n\n\n\n<p>El gobernador Carlos Joaqu\u00edn inform\u00f3 que, este s\u00e1bado, el Aeropuerto Internacional de Canc\u00fan registr\u00f3 cerca de 260 vuelos y solamente siete cancelaciones ante la tormenta tropical \u201cGamma\u201d.<\/p>\n\n\n\n<p>La recuperaci\u00f3n de las actividades tur\u00edsticas, motor de la econom\u00eda de Quintana Roo, se refleja en las estad\u00edsticas de la Secretar\u00eda Estatal de Turismo.<\/p>\n\n\n\n<p>Hasta el pasado viernes, se ten\u00eda una ocupaci\u00f3n hotelera del 32.8 por ciento en Canc\u00fan, 26.1 por ciento en la Riviera Maya, 33 por ciento en Cozumel y 21.7 por ciento en Gran Costa Maya<br>Hab\u00eda m\u00e1s de 41 mil turistas en el estado.<\/p>\n\n\n\n<p>Para el cuidado de la salud, con la aplicaci\u00f3n de protocolos sanitarios que le dieron a Quintana Roo el sello Global Safety Stamp por el Consejo Mundial de Viajes y Turismo (WTTC), ya hay seis mil 971 empresas registradas en la Certificaci\u00f3n Tur\u00edstica (CPPSIT).<\/p>\n\n\n\n<p>Para continuar con el cuidado de la salud, el gobernador Carlos Joaqu\u00edn inform\u00f3 que habr\u00e1 un relanzamiento de programas de ayuda y apoyo para evitar contagios de covid-19, para habituar m\u00e1s a la gente en las acciones preventivas.<\/p>\n\n\n\n<p>\u201cHoy m\u00e1s que nunca es cuando m\u00e1s cuidado y atenci\u00f3n debemos de tener, menos relajamiento porque hay m\u00e1s gente en la calle, porque hay m\u00e1s gente que est\u00e1 llegando de visita y de turismo, y eso, sin duda, obliga a un mayor cuidado de la salud\u201d, explic\u00f3 el gobernador de Quintana Roo.<\/p>\n\n\n\n<p>Record\u00f3 que, del cinco al 11 de octubre, Quintana Roo permanecer\u00e1 en color amarillo en el sem\u00e1foro epidemi\u00f3logo estatal.<\/p>\n\n\n\n<figure class=\"wp-block-image size-large\"><img loading=\"lazy\" decoding=\"async\" width=\"585\" height=\"390\" src=\"http:\/\/vertienteglobal.com\/wp-content\/uploads\/2020\/10\/a\u00e9reas-3-585x390-1.jpg\" alt=\"\" class=\"wp-image-167126\" srcset=\"http:\/\/vertienteglobal.com\/wp-content\/uploads\/2020\/10\/a\u00e9reas-3-585x390-1.jpg 585w, http:\/\/vertienteglobal.com\/wp-content\/uploads\/2020\/10\/a\u00e9reas-3-585x390-1-300x200.jpg 300w, http:\/\/vertienteglobal.com\/wp-content\/uploads\/2020\/10\/a\u00e9reas-3-585x390-1-150x100.jpg 150w\" sizes=\"auto, (max-width: 585px) 100vw, 585px\" \/><\/figure>\n\n\n\n<figure class=\"wp-block-image size-large\"><img loading=\"lazy\" decoding=\"async\" width=\"585\" height=\"420\" src=\"http:\/\/vertienteglobal.com\/wp-content\/uploads\/2020\/10\/a\u00e9reas-2-585x420-1.jpg\" alt=\"\" class=\"wp-image-167127\" srcset=\"http:\/\/vertienteglobal.com\/wp-content\/uploads\/2020\/10\/a\u00e9reas-2-585x420-1.jpg 585w, http:\/\/vertienteglobal.com\/wp-content\/uploads\/2020\/10\/a\u00e9reas-2-585x420-1-300x215.jpg 300w, http:\/\/vertienteglobal.com\/wp-content\/uploads\/2020\/10\/a\u00e9reas-2-585x420-1-150x108.jpg 150w\" sizes=\"auto, (max-width: 585px) 100vw, 585px\" \/><\/figure>\n","protected":false},"excerpt":{"rendered":"<p>(Redaccion) Quintana Roo avanza en la recuperaci\u00f3n de su conectividad a\u00e9rea con Europa El gobernador de Quintana Roo expresa que el equilibrio entre el cuidado de la salud y la reactivaci\u00f3n permitir\u00e1 avanzar en crecimiento econ\u00f3mico Chetumal, Quintana Roo a 04 de octubre de 2020.- El gobernador Carlos Joaqu\u00edn expres\u00f3 que, para avanzar m\u00e1s r\u00e1pido [&hellip;]<\/p>\n","protected":false},"author":1,"featured_media":167125,"comment_status":"open","ping_status":"open","sticky":false,"template":"","format":"standard","meta":{"footnotes":""},"categories":[3],"tags":[],"class_list":["post-167124","post","type-post","status-publish","format-standard","has-post-thumbnail","hentry","category-quintana-roo","entry","has-media"],"jetpack_featured_media_url":"http:\/\/vertienteglobal.com\/wp-content\/uploads\/2020\/10\/a\u00e9reas-1-585x390-1.jpg","_links":{"self":[{"href":"http:\/\/vertienteglobal.com\/index.php?rest_route=\/wp\/v2\/posts\/167124","targetHints":{"allow":["GET"]}}],"collection":[{"href":"http:\/\/vertienteglobal.com\/index.php?rest_route=\/wp\/v2\/posts"}],"about":[{"href":"http:\/\/vertienteglobal.com\/index.php?rest_route=\/wp\/v2\/types\/post"}],"author":[{"embeddable":true,"href":"http:\/\/vertienteglobal.com\/index.php?rest_route=\/wp\/v2\/users\/1"}],"replies":[{"embeddable":true,"href":"http:\/\/vertienteglobal.com\/index.php?rest_route=%2Fwp%2Fv2%2Fcomments&post=167124"}],"version-history":[{"count":0,"href":"http:\/\/vertienteglobal.com\/index.php?rest_route=\/wp\/v2\/posts\/167124\/revisions"}],"wp:featuredmedia":[{"embeddable":true,"href":"http:\/\/vertienteglobal.com\/index.php?rest_route=\/wp\/v2\/media\/167125"}],"wp:attachment":[{"href":"http:\/\/vertienteglobal.com\/index.php?rest_route=%2Fwp%2Fv2%2Fmedia&parent=167124"}],"wp:term":[{"taxonomy":"category","embeddable":true,"href":"http:\/\/vertienteglobal.com\/index.php?rest_route=%2Fwp%2Fv2%2Fcategories&post=167124"},{"taxonomy":"post_tag","embeddable":true,"href":"http:\/\/vertienteglobal.com\/index.php?rest_route=%2Fwp%2Fv2%2Ftags&post=167124"}],"curies":[{"name":"wp","href":"https:\/\/api.w.org\/{rel}","templated":true}]}}