{"id":167113,"date":"2020-10-04T10:49:00","date_gmt":"2020-10-04T15:49:00","guid":{"rendered":"http:\/\/vertienteglobal.com\/?p=167113"},"modified":"2020-10-04T20:08:15","modified_gmt":"2020-10-05T01:08:15","slug":"chichen-itza-cerrado-este-domingo-por-afectaciones-de-gamma","status":"publish","type":"post","link":"http:\/\/vertienteglobal.com\/?p=167113","title":{"rendered":"Chich\u00e9n Itz\u00e1, cerrado este domingo por afectaciones de \u00abGamma\u00bb"},"content":{"rendered":"\n<div class=\"twitterbutton\" style=\"float: right; padding-left: 5px;\"><a href=\"http:\/\/twitter.com\/share\" class=\"twitter-share-button\" data-count=\"horizontal\" data-text=\"Chich\u00e9n Itz\u00e1, cerrado este domingo por afectaciones de \u00abGamma\u00bb\" data-via=\"https:\/\/twitter.com\/VertienteGloba1\" data-url=\"http:\/\/vertienteglobal.com\/?p=167113\" data-lang=\"es\" data-related=\"Informaci\u00f3n general:S\u00edguenos para que est\u00e9ss informado\"><\/a><\/div>\n<figure class=\"wp-block-image size-large\"><img loading=\"lazy\" decoding=\"async\" width=\"800\" height=\"600\" src=\"http:\/\/vertienteglobal.com\/wp-content\/uploads\/2020\/10\/3545_2_587-1.jpg\" alt=\"\" class=\"wp-image-167114\" srcset=\"http:\/\/vertienteglobal.com\/wp-content\/uploads\/2020\/10\/3545_2_587-1.jpg 800w, http:\/\/vertienteglobal.com\/wp-content\/uploads\/2020\/10\/3545_2_587-1-300x225.jpg 300w, http:\/\/vertienteglobal.com\/wp-content\/uploads\/2020\/10\/3545_2_587-1-150x113.jpg 150w, http:\/\/vertienteglobal.com\/wp-content\/uploads\/2020\/10\/3545_2_587-1-768x576.jpg 768w\" sizes=\"auto, (max-width: 800px) 100vw, 800px\" \/><\/figure>\n\n\n\n<p>(Redaccion)<\/p>\n\n\n\n<p>Afirm\u00f3 que esta decisi\u00f3n se tom\u00f3 en coordinaci\u00f3n con el director del Instituto Nacional de Antropolog\u00eda e Historia (INAH) en el sitio, Marco Antonio Santos Ram\u00edrez, debido a que las lluvias y vientos ocasionaron la ca\u00edda de \u00e1rboles y ramas en los senderos, as\u00ed como encharcamientos<\/p>\n\n\n\n<p>M\u00e9rida, Yucat\u00e1n, 4 de octubre de 2020.- Este domingo, el parador tur\u00edstico y la zona arqueol\u00f3gica de Chich\u00e9n Itz\u00e1 no abrir\u00e1n sus puertas al p\u00fablico a consecuencia de las afectaciones que ocasion\u00f3 en la regi\u00f3n la tormenta \u00abGamma\u00bb, inform\u00f3 el director del Patronato de las Unidades de Servicios Culturales y Tur\u00edsticos del Estado (Cultur), Mauricio D\u00edaz Montalvo.<\/p>\n\n\n\n<p>Afirm\u00f3 que esta decisi\u00f3n se tom\u00f3 en coordinaci\u00f3n con el director del Instituto Nacional de Antropolog\u00eda e Historia (INAH) en el sitio, Marco Antonio Santos Ram\u00edrez, debido a que las lluvias y vientos ocasionaron la ca\u00edda de \u00e1rboles y ramas en los senderos, as\u00ed como encharcamientos.<\/p>\n\n\n\n<p>Adem\u00e1s, la zona se qued\u00f3 sin energ\u00eda el\u00e9ctrica, lo que impide su buen funcionamiento.<\/p>\n\n\n\n<p>Coincidimos con el INAH de que por encima de todo est\u00e1 la seguridad de nuestros visitantes.<\/p>\n\n\n\n<p>Estaremos monitoreando todos los d\u00edas el estado de las condiciones f\u00edsicas del sitio por el paso de la tormenta y de la reconexi\u00f3n del suministro el\u00e9ctrico, a fin informar el momento de la reapertura, se reiter\u00f3.<\/p>\n","protected":false},"excerpt":{"rendered":"<p>(Redaccion) Afirm\u00f3 que esta decisi\u00f3n se tom\u00f3 en coordinaci\u00f3n con el director del Instituto Nacional de Antropolog\u00eda e Historia (INAH) en el sitio, Marco Antonio Santos Ram\u00edrez, debido a que las lluvias y vientos ocasionaron la ca\u00edda de \u00e1rboles y ramas en los senderos, as\u00ed como encharcamientos M\u00e9rida, Yucat\u00e1n, 4 de octubre de 2020.- Este [&hellip;]<\/p>\n","protected":false},"author":1,"featured_media":167114,"comment_status":"open","ping_status":"open","sticky":false,"template":"","format":"standard","meta":{"footnotes":""},"categories":[2],"tags":[],"class_list":["post-167113","post","type-post","status-publish","format-standard","has-post-thumbnail","hentry","category-yucatan","entry","has-media"],"jetpack_featured_media_url":"http:\/\/vertienteglobal.com\/wp-content\/uploads\/2020\/10\/3545_2_587-1.jpg","_links":{"self":[{"href":"http:\/\/vertienteglobal.com\/index.php?rest_route=\/wp\/v2\/posts\/167113","targetHints":{"allow":["GET"]}}],"collection":[{"href":"http:\/\/vertienteglobal.com\/index.php?rest_route=\/wp\/v2\/posts"}],"about":[{"href":"http:\/\/vertienteglobal.com\/index.php?rest_route=\/wp\/v2\/types\/post"}],"author":[{"embeddable":true,"href":"http:\/\/vertienteglobal.com\/index.php?rest_route=\/wp\/v2\/users\/1"}],"replies":[{"embeddable":true,"href":"http:\/\/vertienteglobal.com\/index.php?rest_route=%2Fwp%2Fv2%2Fcomments&post=167113"}],"version-history":[{"count":0,"href":"http:\/\/vertienteglobal.com\/index.php?rest_route=\/wp\/v2\/posts\/167113\/revisions"}],"wp:featuredmedia":[{"embeddable":true,"href":"http:\/\/vertienteglobal.com\/index.php?rest_route=\/wp\/v2\/media\/167114"}],"wp:attachment":[{"href":"http:\/\/vertienteglobal.com\/index.php?rest_route=%2Fwp%2Fv2%2Fmedia&parent=167113"}],"wp:term":[{"taxonomy":"category","embeddable":true,"href":"http:\/\/vertienteglobal.com\/index.php?rest_route=%2Fwp%2Fv2%2Fcategories&post=167113"},{"taxonomy":"post_tag","embeddable":true,"href":"http:\/\/vertienteglobal.com\/index.php?rest_route=%2Fwp%2Fv2%2Ftags&post=167113"}],"curies":[{"name":"wp","href":"https:\/\/api.w.org\/{rel}","templated":true}]}}