{"id":167078,"date":"2020-10-03T16:50:00","date_gmt":"2020-10-03T21:50:00","guid":{"rendered":"http:\/\/vertienteglobal.com\/?p=167078"},"modified":"2020-10-03T19:07:59","modified_gmt":"2020-10-04T00:07:59","slug":"respuesta-coordinada-en-amplio-operativo-ante-tormenta-gemma-en-tulum-victor-mas-tah","status":"publish","type":"post","link":"http:\/\/vertienteglobal.com\/?p=167078","title":{"rendered":"Respuesta coordinada en amplio operativo ante tormenta Gemma en Tulum: V\u00edctor M\u00e1s Tah"},"content":{"rendered":"\n<div class=\"twitterbutton\" style=\"float: right; padding-left: 5px;\"><a href=\"http:\/\/twitter.com\/share\" class=\"twitter-share-button\" data-count=\"horizontal\" data-text=\"Respuesta coordinada en amplio operativo ante tormenta Gemma en Tulum: V\u00edctor M...\" data-via=\"https:\/\/twitter.com\/VertienteGloba1\" data-url=\"http:\/\/vertienteglobal.com\/?p=167078\" data-lang=\"es\" data-related=\"Informaci\u00f3n general:S\u00edguenos para que est\u00e9ss informado\"><\/a><\/div>\n<figure class=\"wp-block-image size-large\"><img loading=\"lazy\" decoding=\"async\" width=\"960\" height=\"720\" src=\"http:\/\/vertienteglobal.com\/wp-content\/uploads\/2020\/10\/20201003_190215.jpg\" alt=\"\" class=\"wp-image-167079\" srcset=\"http:\/\/vertienteglobal.com\/wp-content\/uploads\/2020\/10\/20201003_190215.jpg 960w, http:\/\/vertienteglobal.com\/wp-content\/uploads\/2020\/10\/20201003_190215-300x225.jpg 300w, http:\/\/vertienteglobal.com\/wp-content\/uploads\/2020\/10\/20201003_190215-150x113.jpg 150w, http:\/\/vertienteglobal.com\/wp-content\/uploads\/2020\/10\/20201003_190215-768x576.jpg 768w\" sizes=\"auto, (max-width: 960px) 100vw, 960px\" \/><\/figure>\n\n\n\n<p>(Antonio Rivera)<\/p>\n\n\n\n<p>El edil particip\u00f3 en las brigadas organizadas para atender las necesidades de la poblaci\u00f3n, y se reportaron ca\u00edda de algunos \u00e1rboles, derivado de la lluvia, en varias zonas de la ciudad, cortes de energ\u00eda el\u00e9ctrica como afectaci\u00f3n por los \u00e1rboles, y asimismo, hubo fallas en el servicio de telefon\u00eda celular, sin representar graves problemas<\/p>\n\n\n\n<p>Tulum, Quintana Roo a 03 de octubre, 2020.- Albergues y zonas afectadas por el paso de la tormenta tropical Gamma recorri\u00f3 y atendi\u00f3 el presidente municipal de Tulum, Victor Mas Tah, en un amplio operativo de ayuda a la poblaci\u00f3n desplegado en todo el municipio con la participaci\u00f3n de fuerzas armadas, Guardia Nacional, Polic\u00eda Quintana Roo y las dependencias que componen el Comit\u00e9 de Protecci\u00f3n Civil estatal y municipal.<\/p>\n\n\n\n<p>Durante el paso de la tormenta tropical Gamma por el municipio de Tulum, el edil particip\u00f3 en las brigadas organizadas para atender las necesidades de la poblaci\u00f3n, y se reportaron ca\u00edda de algunos \u00e1rboles, derivado de la lluvia, en varias zonas de la ciudad, cortes de energ\u00eda el\u00e9ctrica como afectaci\u00f3n por los \u00e1rboles, y asimismo, hubo fallas en el servicio de telefon\u00eda celular, sin representar graves problemas.<\/p>\n\n\n\n<p>El Comit\u00e9 de Protecci\u00f3n Civil para dar seguimiento a la tormenta tropical Gamma, que encabez\u00f3 el presidente municipal Victor Mas Tah, acompa\u00f1ado del Coordinador Estatal de Protecci\u00f3n Civil, Adri\u00e1n Mart\u00ednez Ortega, sesion\u00f3 para hacer un recuento de la situaci\u00f3n y realizar recorridos hacia la zona maya para determinar las condiciones de la poblaci\u00f3n en la zona rural del municipio.<\/p>\n\n\n\n<p>En esta reuni\u00f3n el mun\u00edcipe Victor Mas asegur\u00f3 que el trabajo coordinado que se lleva a cabo cumplir\u00e1 el objetivo de proteger a la ciudadan\u00eda y pidi\u00f3 a los habitantes de Tulum mantener la calma y no hacer compras de p\u00e1nico, y mantenerse atento a las indicaciones y la informaci\u00f3n de las autoridades.<\/p>\n\n\n\n<p>De acuerdo con los recorridos realizados a lo largo de esta jornada en la zona maya al mismo tiempo en Chemuyil y Akumal para prestar auxilio a quien lo necesite. personal de Seguridad Publica evacu\u00f3 de la colonia 2 de octubre a unas 40 personas entre adultos y menores.<\/p>\n\n\n\n<p>No hubo necesidad de abrir refugios en la zona maya del municipio, pero en la cabecera municipal cinco aulas del Colegio de Estudios Cient\u00edficos y Tecnol\u00f3gicos (Cecyte) de Tulum con capacidad para dar atenci\u00f3n a unas 99 personas con las medidas de sana distancia, fue habilitado.<\/p>\n\n\n\n<p>Hasta las 14.00 horas alrededor de 20 personas hab\u00edan ingresado al lugar.<br>Hubo cortes de energ\u00eda el\u00e9ctrica, aunque no fueron prolongados, ocasionados por ca\u00edda de ramas y el servicio fue restablecido de inmediato.<\/p>\n\n\n\n<p>Tambi\u00e9n hubo p\u00e9rdida de se\u00f1al de telefon\u00eda celular en algunas zonas del municipio y la cabecera municipal.<\/p>\n\n\n\n<p>En la telesecundaria Erick Paolo Mart\u00ednez se report\u00f3 ca\u00edda de un \u00e1rbol y esto origin\u00f3 ruptura de un ducto de gas que fue atendido de inmediato.<br>Las brigadas a cargo de los trabajos se ocuparon del desag\u00fce de las calles en colonias como Huracanes y Villas Tulum, donde se presentan los encharcamientos de hasta 50 cent\u00edmetros en las horas cr\u00edticas del paso de la tormenta tropical Gamma y no se reportaron personas lesionadas.<\/p>\n","protected":false},"excerpt":{"rendered":"<p>(Antonio Rivera) El edil particip\u00f3 en las brigadas organizadas para atender las necesidades de la poblaci\u00f3n, y se reportaron ca\u00edda de algunos \u00e1rboles, derivado de la lluvia, en varias zonas de la ciudad, cortes de energ\u00eda el\u00e9ctrica como afectaci\u00f3n por los \u00e1rboles, y asimismo, hubo fallas en el servicio de telefon\u00eda celular, sin representar graves [&hellip;]<\/p>\n","protected":false},"author":6,"featured_media":167079,"comment_status":"open","ping_status":"open","sticky":false,"template":"","format":"standard","meta":{"footnotes":""},"categories":[3],"tags":[],"class_list":["post-167078","post","type-post","status-publish","format-standard","has-post-thumbnail","hentry","category-quintana-roo","entry","has-media"],"jetpack_featured_media_url":"http:\/\/vertienteglobal.com\/wp-content\/uploads\/2020\/10\/20201003_190215.jpg","_links":{"self":[{"href":"http:\/\/vertienteglobal.com\/index.php?rest_route=\/wp\/v2\/posts\/167078","targetHints":{"allow":["GET"]}}],"collection":[{"href":"http:\/\/vertienteglobal.com\/index.php?rest_route=\/wp\/v2\/posts"}],"about":[{"href":"http:\/\/vertienteglobal.com\/index.php?rest_route=\/wp\/v2\/types\/post"}],"author":[{"embeddable":true,"href":"http:\/\/vertienteglobal.com\/index.php?rest_route=\/wp\/v2\/users\/6"}],"replies":[{"embeddable":true,"href":"http:\/\/vertienteglobal.com\/index.php?rest_route=%2Fwp%2Fv2%2Fcomments&post=167078"}],"version-history":[{"count":0,"href":"http:\/\/vertienteglobal.com\/index.php?rest_route=\/wp\/v2\/posts\/167078\/revisions"}],"wp:featuredmedia":[{"embeddable":true,"href":"http:\/\/vertienteglobal.com\/index.php?rest_route=\/wp\/v2\/media\/167079"}],"wp:attachment":[{"href":"http:\/\/vertienteglobal.com\/index.php?rest_route=%2Fwp%2Fv2%2Fmedia&parent=167078"}],"wp:term":[{"taxonomy":"category","embeddable":true,"href":"http:\/\/vertienteglobal.com\/index.php?rest_route=%2Fwp%2Fv2%2Fcategories&post=167078"},{"taxonomy":"post_tag","embeddable":true,"href":"http:\/\/vertienteglobal.com\/index.php?rest_route=%2Fwp%2Fv2%2Ftags&post=167078"}],"curies":[{"name":"wp","href":"https:\/\/api.w.org\/{rel}","templated":true}]}}