{"id":166993,"date":"2020-10-02T13:42:00","date_gmt":"2020-10-02T18:42:00","guid":{"rendered":"http:\/\/vertienteglobal.com\/?p=166993"},"modified":"2020-10-02T17:12:42","modified_gmt":"2020-10-02T22:12:42","slug":"la-luna-azul-y-la-super-luna-invisible-fenomenos-astronomicos-que-se-registraran-en-octubre-2020","status":"publish","type":"post","link":"http:\/\/vertienteglobal.com\/?p=166993","title":{"rendered":"La Luna azul y la S\u00faper Luna &#8216;invisible&#8217;; fen\u00f3menos astron\u00f3micos que se registrar\u00e1n en octubre 2020"},"content":{"rendered":"\n<div class=\"twitterbutton\" style=\"float: right; padding-left: 5px;\"><a href=\"http:\/\/twitter.com\/share\" class=\"twitter-share-button\" data-count=\"horizontal\" data-text=\"La Luna azul y la S\u00faper Luna &#8216;invisible&#8217;; fen\u00f3menos astron\u00f3micos ...\" data-via=\"https:\/\/twitter.com\/VertienteGloba1\" data-url=\"http:\/\/vertienteglobal.com\/?p=166993\" data-lang=\"es\" data-related=\"Informaci\u00f3n general:S\u00edguenos para que est\u00e9ss informado\"><\/a><\/div>\n<figure class=\"wp-block-image size-large\"><img loading=\"lazy\" decoding=\"async\" width=\"1024\" height=\"642\" src=\"http:\/\/vertienteglobal.com\/wp-content\/uploads\/2020\/10\/120650.jpg\" alt=\"\" class=\"wp-image-166994\" srcset=\"http:\/\/vertienteglobal.com\/wp-content\/uploads\/2020\/10\/120650.jpg 1024w, http:\/\/vertienteglobal.com\/wp-content\/uploads\/2020\/10\/120650-300x188.jpg 300w, http:\/\/vertienteglobal.com\/wp-content\/uploads\/2020\/10\/120650-150x94.jpg 150w, http:\/\/vertienteglobal.com\/wp-content\/uploads\/2020\/10\/120650-768x482.jpg 768w\" sizes=\"auto, (max-width: 1024px) 100vw, 1024px\" \/><\/figure>\n\n\n\n<p>(Redacci\u00f3n)<\/p>\n\n\n\n<p>Enterate cu\u00e1les son todos los fen\u00f3menos astron\u00f3micos que se podr\u00e1n apreciar en el cielo durante este mes y que no te querr\u00e1s perder<\/p>\n\n\n\n<p>Ciudad de Mexico a 02 de octubre de 2020.-Este mes de octubre se registrar\u00e1n fen\u00f3menos astron\u00f3micos espectaculares, como la Luna azul y la S\u00faper Luna&nbsp;&#8216;invisible&#8217;,&nbsp;as\u00ed como de la sorprendente oposici\u00f3n planetaria de Marte.<\/p>\n\n\n\n<p>Aqu\u00ed te decimos cu\u00e1les son todos los fen\u00f3menos astron\u00f3micos que se podr\u00e1n apreciar en el cielo durante este mes y que no te querr\u00e1s perder.<\/p>\n\n\n\n<p>Oposici\u00f3n de Marte \u2013 13 de octubre<\/p>\n\n\n\n<p>El planeta Marte estar\u00e1 en su oposici\u00f3n al Sol, por lo que la Tierra estar\u00e1 entre el Planeta Rojo y nuestro astro, por lo que el planeta vecino brillar\u00e1 en el cielo nocturno m\u00e1s que en ninguna otra noche del a\u00f1o y ser\u00e1 visible a simple vista desde cualquier parte del mundo.<\/p>\n\n\n\n<p>S\u00faper Luna invisible \u2013 16 de octubre<\/p>\n\n\n\n<p>La Luna Nueva ser\u00e1 la segunda m\u00e1s cercana a la Tierra en todo el a\u00f1o, fen\u00f3meno que es conocido como S\u00faper Luna; sin embargo, el cuerpo celeste&nbsp;&#8216;desaparecer\u00e1&#8217;&nbsp;del cielo nocturno debido a su fase en lo que ser\u00e1 un incre\u00edble fen\u00f3meno de gran belleza.<\/p>\n\n\n\n<p>En esta noche podr\u00e1s ver la Luna sin su brillo habitual.<\/p>\n\n\n\n<p>Luna azul \u2013 31 de octubre<\/p>\n\n\n\n<p>El fen\u00f3meno de la llamada Luna azul se refiere a la sucesi\u00f3n de dos Lunas llenas en el mismo mes, algo que sucede cada tres a\u00f1os.<\/p>\n\n\n\n<p>Siendo la del 1 de octubre la primera y el d\u00eda 31 la segunda.<\/p>\n\n\n\n<p>Ambas fechas la Luna se mostrar\u00e1 en su m\u00e1ximo esplendor, y aunque no reciba este nombre por su color, es un evento que tienes que apreciar en el cielo nocturno. (Fuente: Milenio)<\/p>\n","protected":false},"excerpt":{"rendered":"<p>(Redacci\u00f3n) Enterate cu\u00e1les son todos los fen\u00f3menos astron\u00f3micos que se podr\u00e1n apreciar en el cielo durante este mes y que no te querr\u00e1s perder Ciudad de Mexico a 02 de octubre de 2020.-Este mes de octubre se registrar\u00e1n fen\u00f3menos astron\u00f3micos espectaculares, como la Luna azul y la S\u00faper Luna&nbsp;&#8216;invisible&#8217;,&nbsp;as\u00ed como de la sorprendente oposici\u00f3n planetaria [&hellip;]<\/p>\n","protected":false},"author":1,"featured_media":166994,"comment_status":"open","ping_status":"open","sticky":false,"template":"","format":"standard","meta":{"footnotes":""},"categories":[8],"tags":[],"class_list":["post-166993","post","type-post","status-publish","format-standard","has-post-thumbnail","hentry","category-pais","entry","has-media"],"jetpack_featured_media_url":"http:\/\/vertienteglobal.com\/wp-content\/uploads\/2020\/10\/120650.jpg","_links":{"self":[{"href":"http:\/\/vertienteglobal.com\/index.php?rest_route=\/wp\/v2\/posts\/166993","targetHints":{"allow":["GET"]}}],"collection":[{"href":"http:\/\/vertienteglobal.com\/index.php?rest_route=\/wp\/v2\/posts"}],"about":[{"href":"http:\/\/vertienteglobal.com\/index.php?rest_route=\/wp\/v2\/types\/post"}],"author":[{"embeddable":true,"href":"http:\/\/vertienteglobal.com\/index.php?rest_route=\/wp\/v2\/users\/1"}],"replies":[{"embeddable":true,"href":"http:\/\/vertienteglobal.com\/index.php?rest_route=%2Fwp%2Fv2%2Fcomments&post=166993"}],"version-history":[{"count":0,"href":"http:\/\/vertienteglobal.com\/index.php?rest_route=\/wp\/v2\/posts\/166993\/revisions"}],"wp:featuredmedia":[{"embeddable":true,"href":"http:\/\/vertienteglobal.com\/index.php?rest_route=\/wp\/v2\/media\/166994"}],"wp:attachment":[{"href":"http:\/\/vertienteglobal.com\/index.php?rest_route=%2Fwp%2Fv2%2Fmedia&parent=166993"}],"wp:term":[{"taxonomy":"category","embeddable":true,"href":"http:\/\/vertienteglobal.com\/index.php?rest_route=%2Fwp%2Fv2%2Fcategories&post=166993"},{"taxonomy":"post_tag","embeddable":true,"href":"http:\/\/vertienteglobal.com\/index.php?rest_route=%2Fwp%2Fv2%2Ftags&post=166993"}],"curies":[{"name":"wp","href":"https:\/\/api.w.org\/{rel}","templated":true}]}}