{"id":166975,"date":"2020-10-01T22:24:22","date_gmt":"2020-10-02T03:24:22","guid":{"rendered":"http:\/\/vertienteglobal.com\/?p=166975"},"modified":"2020-10-02T17:04:27","modified_gmt":"2020-10-02T22:04:27","slug":"carlos-joaquin-exhorta-a-no-perder-el-camino-y-seguir-con-las-medidas-de-prevencion-para-avanzar-en-la-recuperacion-economica","status":"publish","type":"post","link":"http:\/\/vertienteglobal.com\/?p=166975","title":{"rendered":"Carlos Joaqu\u00edn exhorta a no perder el camino y seguir con las medidas de prevenci\u00f3n para avanzar en la recuperaci\u00f3n econ\u00f3mica"},"content":{"rendered":"\n<div class=\"twitterbutton\" style=\"float: right; padding-left: 5px;\"><a href=\"http:\/\/twitter.com\/share\" class=\"twitter-share-button\" data-count=\"horizontal\" data-text=\"Carlos Joaqu\u00edn exhorta a no perder el camino y seguir con las medidas de preven...\" data-via=\"https:\/\/twitter.com\/VertienteGloba1\" data-url=\"http:\/\/vertienteglobal.com\/?p=166975\" data-lang=\"es\" data-related=\"Informaci\u00f3n general:S\u00edguenos para que est\u00e9ss informado\"><\/a><\/div>\n<figure class=\"wp-block-image size-large\"><img loading=\"lazy\" decoding=\"async\" width=\"1024\" height=\"650\" src=\"http:\/\/vertienteglobal.com\/wp-content\/uploads\/2020\/10\/cjsemaforo-1024x650.jpg\" alt=\"\" class=\"wp-image-166976\" srcset=\"http:\/\/vertienteglobal.com\/wp-content\/uploads\/2020\/10\/cjsemaforo-1024x650.jpg 1024w, http:\/\/vertienteglobal.com\/wp-content\/uploads\/2020\/10\/cjsemaforo-300x190.jpg 300w, http:\/\/vertienteglobal.com\/wp-content\/uploads\/2020\/10\/cjsemaforo-150x95.jpg 150w, http:\/\/vertienteglobal.com\/wp-content\/uploads\/2020\/10\/cjsemaforo-768x487.jpg 768w, http:\/\/vertienteglobal.com\/wp-content\/uploads\/2020\/10\/cjsemaforo.jpg 1280w\" sizes=\"auto, (max-width: 1024px) 100vw, 1024px\" \/><\/figure>\n\n\n\n<p>(Redaccion)<\/p>\n\n\n\n<p>Del 5 al 11 de octubre Quintana Roo se mantiene en color amarillo<\/p>\n\n\n\n<p>Hay resultados en el plan Reactivemos Quintana Roo en el sector tur\u00edstico<\/p>\n\n\n\n<p>Canc\u00fan, Quintana Roo a 01 de octubre de 2020.- El gobernador Carlos Joaqu\u00edn anunci\u00f3 hoy que el sem\u00e1foro epidemiol\u00f3gico estatal del 5 al 11 de octubre se mantiene en el color amarillo en todo Quintana Roo.<\/p>\n\n\n\n<p>Sin embargo, advirti\u00f3 que en los \u00faltimos d\u00edas se tuvo un repunte en el riesgo de contagios a grado tal que llegamos a la frontera con el color naranja y se requiere fortalecer las medidas de prevenci\u00f3n y los nuevos h\u00e1bitos para el cuidado de la salud.<\/p>\n\n\n\n<p>Elgobernador de Quintana Roo explic\u00f3 que la reactivaci\u00f3n ordenada, gradual y responsable de las actividades productivas tiene resultados que se deben mantener para recuperar el crecimiento econ\u00f3mico y la generaci\u00f3n de empleos.<\/p>\n\n\n\n<p>Cit\u00f3 como ejemplo que este jueves se reanudaron los vuelos de la aerol\u00ednea Lufthansa, procedente de Frankfurt, Alemania.<\/p>\n\n\n\n<p>A bordo ven\u00edan 260 pasajeros procedentes de Alemania, Gran Breta\u00f1a, Ucrania, Italia, Espa\u00f1a, Suiza, Austria, Dinamarca, Noruega, Suecia, Grecia, Francia, Polonia, Croacia, Israel, Turqu\u00eda y Egipto.<\/p>\n\n\n\n<p>Lo anterior es resultado del trabajo en conjunto entre sociedad, gobierno e iniciativa privada por generar protocolos que generan confianza en los viajeros y que permiten fortalecer la actividad tur\u00edstica y la recuperaci\u00f3n econ\u00f3mica del estado.<\/p>\n\n\n\n<p>Carlos Joaqu\u00edn hizo de nuevo un llamado a los quintanarroenses para que incrementemos nuestras medidas de prevenci\u00f3n, de cuidado a la salud para que no tengamos m\u00e1s contagiados de Covid, para que podamos mantener los n\u00fameros en descenso como hemos venido haci\u00e9ndolo durante varias semanas ya que nos ha permitido llegar al color amarillo del sem\u00e1foro.<\/p>\n\n\n\n<p>El texto del mensaje es el siguiente:<\/p>\n\n\n\n<p>Ante cualquier situaci\u00f3n en la que perdamos este camino y este rumbo tendremos que volver al color naranja y eso significa menores niveles de ocupaci\u00f3n hotelera, menores niveles de ocupaci\u00f3n restaurantera, menor tama\u00f1o de nuestra recuperaci\u00f3n econ\u00f3mica, que es algo que no queremos.<\/p>\n\n\n\n<p>Hoy debemos de estar pensando en ese cuidado de la salud pero al mismo tiempo en c\u00f3mo crear m\u00e1s empleo, c\u00f3mo recuperar m\u00e1s vuelos, c\u00f3mo tener mayor ocupaci\u00f3n de nuestros hoteles, c\u00f3mo tener mayor derrama econ\u00f3mica que permitan entonces que Quintana Roo retome su camino de crecimiento econ\u00f3mico, de generaci\u00f3n y creaci\u00f3n de empleo que tanto necesitamos y que estoy seguro que ustedes saben bien es lo que hoy m\u00e1s requerimos.<\/p>\n\n\n\n<p>Por eso necesito del apoyo de todos ustedes, siendo proactivos, siendo parte incluyente de este proceso, el invitar a m\u00e1s gente a usar el cubrebocas, a lavarse las manos frecuentemente, a no tocarse la cara con las manos, a mantener la distancia de m\u00e1s de metro y medio entre personas, a evitar aglomeraciones, no vaya donde haya aglomeraciones, si va a subir al transporte que \u00e9ste cumpla con los objetivos, con las metas que no haya un mayor n\u00famero que permita un contagio adicional hay que tener mucho cuidado.<\/p>\n\n\n\n<p>Y hoy seguimos conviviendo con el coronavirus este no se ha ido, sigue estando ah\u00ed y hay que cuidarnos de \u00e9l, cuidarnos hoy con mayor fuerza porque hay m\u00e1s gente en la calle, hay m\u00e1s gente en los negocios, en las empresas, en los comercios, en los restaurantes, estamos yendo a m\u00e1s lugares nosotros, estamos recuperando mucho de lo que en la vida anterior a esta pandemia ten\u00edamos y eso obliga a que nos cuidemos m\u00e1s.<\/p>\n\n\n\n<p>Participemos cuidando a nuestra propia salud, cuidando a nuestras familias, cuidando a nuestra sociedad, y en nuestro trabajo a nuestros compa\u00f1eros de trabajo, a nuestros clientes, a los visitantes, a los turistas que llegan.<\/p>\n\n\n\n<p>Si nosotros nos cuidamos y los cuidamos a ellos estaremos trabajando en bien de la recuperaci\u00f3n econ\u00f3mica de tu familia, de tu casa, el tener m\u00e1s recursos en tu bolsillo, por eso es importante cuidar la salud y recuperar nuestra econom\u00eda.<\/p>\n\n\n\n<p>Pero lo tenemos que hacer juntos todos en forma solidaria y fuerte como s\u00f3lo los quintanarroenses sabemos hacerlo.<\/p>\n\n\n\n<p>As\u00ed que de nuevo les invito seamos parte incluyente de este cuidado de la salud y de nuestra recuperaci\u00f3n econ\u00f3mica y as\u00ed juntos saldremos adelante.<\/p>\n\n\n\n<p>Durante el programa Conexi\u00f3n Ciudadana, que se transmiti\u00f3 por el Sistema Quintanarroense de Comunicaci\u00f3n Social y las redes de la Coordinaci\u00f3n General de Comunicaci\u00f3n, el gobernador Carlos Joaqu\u00edn habl\u00f3 sobre las obras de agua potable que la CAPA realiza en la entidad, como por ejemplo la obra hist\u00f3rica de m\u00e1s de 248 millones de pesos en Cozumel.<\/p>\n\n\n\n<p>Otro tema fue la graduaci\u00f3n de 94 cadetes que concluyeron el curso de Formaci\u00f3n Inicial para Polic\u00eda Preventivo en Activo que viene a reforzar y fortalecer los esquemas de seguridad para enfrentar a la delincuencia.<\/p>\n\n\n\n<p>Asimismo, el gobernador Carlos Joaqu\u00edn afirm\u00f3 que el proyecto para la construcci\u00f3n de un aeropuerto en Canc\u00fan es complementario a los aeropuertos que existen en Quintana Roo y no representa competencia alguna para los de Canc\u00fan y Chetumal.<\/p>\n","protected":false},"excerpt":{"rendered":"<p>(Redaccion) Del 5 al 11 de octubre Quintana Roo se mantiene en color amarillo Hay resultados en el plan Reactivemos Quintana Roo en el sector tur\u00edstico Canc\u00fan, Quintana Roo a 01 de octubre de 2020.- El gobernador Carlos Joaqu\u00edn anunci\u00f3 hoy que el sem\u00e1foro epidemiol\u00f3gico estatal del 5 al 11 de octubre se mantiene en [&hellip;]<\/p>\n","protected":false},"author":1,"featured_media":166976,"comment_status":"open","ping_status":"open","sticky":false,"template":"","format":"standard","meta":{"footnotes":""},"categories":[3],"tags":[],"class_list":["post-166975","post","type-post","status-publish","format-standard","has-post-thumbnail","hentry","category-quintana-roo","entry","has-media"],"jetpack_featured_media_url":"http:\/\/vertienteglobal.com\/wp-content\/uploads\/2020\/10\/cjsemaforo.jpg","_links":{"self":[{"href":"http:\/\/vertienteglobal.com\/index.php?rest_route=\/wp\/v2\/posts\/166975","targetHints":{"allow":["GET"]}}],"collection":[{"href":"http:\/\/vertienteglobal.com\/index.php?rest_route=\/wp\/v2\/posts"}],"about":[{"href":"http:\/\/vertienteglobal.com\/index.php?rest_route=\/wp\/v2\/types\/post"}],"author":[{"embeddable":true,"href":"http:\/\/vertienteglobal.com\/index.php?rest_route=\/wp\/v2\/users\/1"}],"replies":[{"embeddable":true,"href":"http:\/\/vertienteglobal.com\/index.php?rest_route=%2Fwp%2Fv2%2Fcomments&post=166975"}],"version-history":[{"count":0,"href":"http:\/\/vertienteglobal.com\/index.php?rest_route=\/wp\/v2\/posts\/166975\/revisions"}],"wp:featuredmedia":[{"embeddable":true,"href":"http:\/\/vertienteglobal.com\/index.php?rest_route=\/wp\/v2\/media\/166976"}],"wp:attachment":[{"href":"http:\/\/vertienteglobal.com\/index.php?rest_route=%2Fwp%2Fv2%2Fmedia&parent=166975"}],"wp:term":[{"taxonomy":"category","embeddable":true,"href":"http:\/\/vertienteglobal.com\/index.php?rest_route=%2Fwp%2Fv2%2Fcategories&post=166975"},{"taxonomy":"post_tag","embeddable":true,"href":"http:\/\/vertienteglobal.com\/index.php?rest_route=%2Fwp%2Fv2%2Ftags&post=166975"}],"curies":[{"name":"wp","href":"https:\/\/api.w.org\/{rel}","templated":true}]}}