{"id":166919,"date":"2020-10-01T11:36:00","date_gmt":"2020-10-01T16:36:00","guid":{"rendered":"http:\/\/vertienteglobal.com\/?p=166919"},"modified":"2020-10-01T13:39:24","modified_gmt":"2020-10-01T18:39:24","slug":"cabildo-de-tulum-aprobo-actualizacion-de-valores-catastrales","status":"publish","type":"post","link":"http:\/\/vertienteglobal.com\/?p=166919","title":{"rendered":"Cabildo de Tulum aprob\u00f3 actualizaci\u00f3n de valores catastrales"},"content":{"rendered":"\n<div class=\"twitterbutton\" style=\"float: right; padding-left: 5px;\"><a href=\"http:\/\/twitter.com\/share\" class=\"twitter-share-button\" data-count=\"horizontal\" data-text=\"Cabildo de Tulum aprob\u00f3 actualizaci\u00f3n de valores catastrales\" data-via=\"https:\/\/twitter.com\/VertienteGloba1\" data-url=\"http:\/\/vertienteglobal.com\/?p=166919\" data-lang=\"es\" data-related=\"Informaci\u00f3n general:S\u00edguenos para que est\u00e9ss informado\"><\/a><\/div>\n<figure class=\"wp-block-image size-large\"><img loading=\"lazy\" decoding=\"async\" width=\"981\" height=\"519\" src=\"http:\/\/vertienteglobal.com\/wp-content\/uploads\/2020\/10\/20201001_133735.jpg\" alt=\"\" class=\"wp-image-166920\" srcset=\"http:\/\/vertienteglobal.com\/wp-content\/uploads\/2020\/10\/20201001_133735.jpg 981w, http:\/\/vertienteglobal.com\/wp-content\/uploads\/2020\/10\/20201001_133735-300x159.jpg 300w, http:\/\/vertienteglobal.com\/wp-content\/uploads\/2020\/10\/20201001_133735-150x79.jpg 150w, http:\/\/vertienteglobal.com\/wp-content\/uploads\/2020\/10\/20201001_133735-768x406.jpg 768w\" sizes=\"auto, (max-width: 981px) 100vw, 981px\" \/><\/figure>\n\n\n\n<p>(Antonio Rivera)<\/p>\n\n\n\n<p>Por mayor\u00eda el Cabildo aprob\u00f3 la actualizaci\u00f3n de las tablas de valores catastrales para el municipio de Tulum, luego de que por espacio de ocho a\u00f1os han permanecido sin cambios y de igual forma la Auditor\u00eda Superior del Estado de Quintana Roo (ASEQROO) observ\u00f3 la necesidad de actualizar las tablas de valores de modo que reflejen la situaci\u00f3n actual del municipio<\/p>\n\n\n\n<p>Tulum, Quintana Roo, a 1 de octubre, 2020.- El Cabildo aprob\u00f3 la Iniciativa de Decreto por el cual se expiden las Tablas de Valores Unitarios de Suelo y Construcci\u00f3n del Municipio de Tulum.<\/p>\n\n\n\n<p>Y es que por mayor\u00eda el Cabildo aprob\u00f3 la actualizaci\u00f3n de las tablas de valores catastrales para el municipio de Tulum, luego de que por espacio de ocho a\u00f1os han permanecido sin cambios y de igual forma la Auditor\u00eda Superior del Estado de Quintana Roo (ASEQROO) observ\u00f3 la necesidad de actualizar las tablas de valores de modo que reflejen la situaci\u00f3n actual del municipio.<\/p>\n\n\n\n<p>En la XXV sesi\u00f3n extraordinaria del cuerpo colegiado celebrada de manera virtual, con la presencia de diez regidores, fue aprobado este documento propuesto por el Consejo Catastral municipal integrado por un grupo multidisciplinario de profesionistas y especialistas, entre ellos, el Colegio de Valuadores del Estado de Quintana Roo.<\/p>\n\n\n\n<p>La propuesta del Colegio de Valuadores se llev\u00f3 a cabo luego de la revisi\u00f3n de planos y tablas de valores unitarios de suelo y construcciones vigentes para reducir las discrepancias entre el valor catastral y comercial.<\/p>\n\n\n\n<p>El Colegio de Valuadores del Estado de Quintana Roo llev\u00f3 a cabo los c\u00e1lculos para esta actualizaci\u00f3n, explic\u00f3 en entrevista posterior el secretario general del Ayuntamiento de Tulum, Enrique Rodr\u00edguez Luna.<br>\u201cCon esta actualizaci\u00f3n pretendemos que los valores catastrales sean homog\u00e9neos y proporcionales (que sea de manera equitativa por la propiedad que se tiene). Logrando que no exista una disparidad entre valor del inmueble y el pago de impuesto predial, en pocas palabras, que cada quien pague por lo que tiene de una manera justa\u201d, puntualiz\u00f3 Rodr\u00edguez Luna.<\/p>\n\n\n\n<p>Tambi\u00e9n recalc\u00f3 que este proyecto se ha realizado considerando la situaci\u00f3n actual debido a la pandemia, por lo que no estamos equiparando los valores catastrales al valor comercial, ya que la mayor\u00eda reflejar\u00e1 el 70% de este \u00faltimo, cuando mucho.<\/p>\n\n\n\n<p>\u201cAdem\u00e1s, nos enfocamos en los que menos tienen, por lo que estamos considerando bajar la tasa del impuesto predial del 1.7 al millar que actualmente se encuentra vigente hasta llegar a el 1 al millar para predios urbanos\u201d, agreg\u00f3.<\/p>\n\n\n\n<p>Con la aprobaci\u00f3n por parte del \u00f3rgano colegiado municipal, tambi\u00e9n se autoriz\u00f3 enviar a la XVI Legislatura esta iniciativa de decreto para el ejercicio fiscal 2021.<\/p>\n","protected":false},"excerpt":{"rendered":"<p>(Antonio Rivera) Por mayor\u00eda el Cabildo aprob\u00f3 la actualizaci\u00f3n de las tablas de valores catastrales para el municipio de Tulum, luego de que por espacio de ocho a\u00f1os han permanecido sin cambios y de igual forma la Auditor\u00eda Superior del Estado de Quintana Roo (ASEQROO) observ\u00f3 la necesidad de actualizar las tablas de valores de [&hellip;]<\/p>\n","protected":false},"author":1,"featured_media":166920,"comment_status":"open","ping_status":"open","sticky":false,"template":"","format":"standard","meta":{"footnotes":""},"categories":[3],"tags":[],"class_list":["post-166919","post","type-post","status-publish","format-standard","has-post-thumbnail","hentry","category-quintana-roo","entry","has-media"],"jetpack_featured_media_url":"http:\/\/vertienteglobal.com\/wp-content\/uploads\/2020\/10\/20201001_133735.jpg","_links":{"self":[{"href":"http:\/\/vertienteglobal.com\/index.php?rest_route=\/wp\/v2\/posts\/166919","targetHints":{"allow":["GET"]}}],"collection":[{"href":"http:\/\/vertienteglobal.com\/index.php?rest_route=\/wp\/v2\/posts"}],"about":[{"href":"http:\/\/vertienteglobal.com\/index.php?rest_route=\/wp\/v2\/types\/post"}],"author":[{"embeddable":true,"href":"http:\/\/vertienteglobal.com\/index.php?rest_route=\/wp\/v2\/users\/1"}],"replies":[{"embeddable":true,"href":"http:\/\/vertienteglobal.com\/index.php?rest_route=%2Fwp%2Fv2%2Fcomments&post=166919"}],"version-history":[{"count":0,"href":"http:\/\/vertienteglobal.com\/index.php?rest_route=\/wp\/v2\/posts\/166919\/revisions"}],"wp:featuredmedia":[{"embeddable":true,"href":"http:\/\/vertienteglobal.com\/index.php?rest_route=\/wp\/v2\/media\/166920"}],"wp:attachment":[{"href":"http:\/\/vertienteglobal.com\/index.php?rest_route=%2Fwp%2Fv2%2Fmedia&parent=166919"}],"wp:term":[{"taxonomy":"category","embeddable":true,"href":"http:\/\/vertienteglobal.com\/index.php?rest_route=%2Fwp%2Fv2%2Fcategories&post=166919"},{"taxonomy":"post_tag","embeddable":true,"href":"http:\/\/vertienteglobal.com\/index.php?rest_route=%2Fwp%2Fv2%2Ftags&post=166919"}],"curies":[{"name":"wp","href":"https:\/\/api.w.org\/{rel}","templated":true}]}}