{"id":166903,"date":"2020-09-30T21:19:13","date_gmt":"2020-10-01T02:19:13","guid":{"rendered":"http:\/\/vertienteglobal.com\/?p=166903"},"modified":"2020-10-01T13:29:54","modified_gmt":"2020-10-01T18:29:54","slug":"diputados-hacen-llamado-para-revisar-la-politica-del-turismo-en-yucatan","status":"publish","type":"post","link":"http:\/\/vertienteglobal.com\/?p=166903","title":{"rendered":"Diputados hacen llamado para revisar la pol\u00edtica del turismo en Yucat\u00e1n"},"content":{"rendered":"\n<div class=\"twitterbutton\" style=\"float: right; padding-left: 5px;\"><a href=\"http:\/\/twitter.com\/share\" class=\"twitter-share-button\" data-count=\"horizontal\" data-text=\"Diputados hacen llamado para revisar la pol\u00edtica del turismo en Yucat\u00e1n\" data-via=\"https:\/\/twitter.com\/VertienteGloba1\" data-url=\"http:\/\/vertienteglobal.com\/?p=166903\" data-lang=\"es\" data-related=\"Informaci\u00f3n general:S\u00edguenos para que est\u00e9ss informado\"><\/a><\/div>\n<figure class=\"wp-block-image size-large\"><img loading=\"lazy\" decoding=\"async\" width=\"600\" height=\"397\" src=\"http:\/\/vertienteglobal.com\/wp-content\/uploads\/2020\/10\/20201001_114207.jpg\" alt=\"\" class=\"wp-image-166904\" srcset=\"http:\/\/vertienteglobal.com\/wp-content\/uploads\/2020\/10\/20201001_114207.jpg 600w, http:\/\/vertienteglobal.com\/wp-content\/uploads\/2020\/10\/20201001_114207-300x199.jpg 300w, http:\/\/vertienteglobal.com\/wp-content\/uploads\/2020\/10\/20201001_114207-150x99.jpg 150w\" sizes=\"auto, (max-width: 600px) 100vw, 600px\" \/><\/figure>\n\n\n\n<p>(Redaccion)<\/p>\n\n\n\n<p>En la sesi\u00f3n ordinaria de este mi\u00e9rcoles, el diputado del PRI, Warnel May Escobar, pidi\u00f3 en tribuna que la ASEY investigue si el Ejecutivo estatal, a trav\u00e9s de la Secretar\u00eda de Turismo, no erog\u00f3 recursos para la visita de \u201cinfluencers\u201d a diferentes lugares de Yucat\u00e1n, para darle seguimiento a este tema \u201cque ha polarizado y enojado a la sociedad yucateca\u201d<\/p>\n\n\n\n<p>M\u00e9rida, Yucat\u00e1n, 30 de septiembre de 2020.- Legisladores de diferentes fuerzas pol\u00edticas hicieron un llamado al Gobierno del Estado para revisar la pol\u00edtica del turismo en Yucat\u00e1n, as\u00ed como a la Auditor\u00eda Superior del Estado (ASEY) para revisar el uso de recursos p\u00fablicos de la Secretar\u00eda estatal en la materia.<\/p>\n\n\n\n<p>Y es que en la sesi\u00f3n ordinaria de este mi\u00e9rcoles, el diputado del PRI, Warnel May Escobar, pidi\u00f3 en tribuna que la ASEY investigue si el Ejecutivo estatal, a trav\u00e9s de la Secretar\u00eda de Turismo, no erog\u00f3 recursos para la visita de \u201cinfluencers\u201d a diferentes lugares de Yucat\u00e1n, para darle seguimiento a este tema \u201cque ha polarizado y enojado a la sociedad yucateca\u201d.<\/p>\n\n\n\n<p>Lo anterior, al presentar una iniciativa para modificar la Ley para el Fomento y Desarrollo del Turismo del estado, para crear el Consejo de Promoci\u00f3n Tur\u00edstica de Yucat\u00e1n, como un ente descentralizado, que tuviera por objeto promover, impulsar y ejecutar programas de promoci\u00f3n de los destinos tur\u00edsticos del Estado, as\u00ed como reemplazar a los fideicomisos sectoriales.<\/p>\n\n\n\n<p>En el mismo sentido, el diputado del PRD, Alejandro Cuevas Mena, tambi\u00e9n se uni\u00f3 al llamado para que la ASEY, de acuerdo a sus atribuciones, revise y audite de manera particular la mencionada Secretar\u00eda, \u201cporque no es solamente este caso donde se gastan millones de pesos y luego dicen que fue gratis, tenemos a\u00fan denuncias de ciudadanos que compraron su boleto para el Festival de la Trova y no se les devuelve el dinero\u201d.<\/p>\n\n\n\n<p>Al mismo tiempo, solicit\u00f3 al Gobierno del Estado revisar cuidadosamente su pol\u00edtica de difusi\u00f3n y de promoci\u00f3n del estado, \u201cpara conocer qu\u00e9 queremos promover y qu\u00e9 mensaje queremos mandar hacia afuera\u201d.<\/p>\n\n\n\n<p>Aunado al tema, la diputada de Movimiento Ciudadano, Milagros Romero Bastarrachea, se sum\u00f3 a las opiniones vertidas \u201cporque los yucatecos, m\u00e1s que molestos, nos sentimos lastimados y ofendidos por la banalizaci\u00f3n de nuestra cultura\u201d.<\/p>\n\n\n\n<p>Por otro lado, la legisladora critic\u00f3 el recorte de programas federales que no se contemplan en el Presupuesto de Egresos de la Federaci\u00f3n (PEF) para 2021, en materia de investigaci\u00f3n, ciencia, cultura, cine, entre otros; adem\u00e1s que se reducir\u00e1n los recursos del Fondo Nacional de Desastres y desaparecer\u00e1n 282 fideicomisos.<\/p>\n\n\n\n<p>\u201cAntes ten\u00edamos estancias infantiles, medicamentos, comedores comunitarios, 300 cl\u00ednicas urbanas, la construcci\u00f3n de un aeropuerto de primera, gasolina, y eran corruptos y se robaban todo, y ahora que son tan honrados, no tenemos nada de eso\u201d, enfatiz\u00f3.<\/p>\n\n\n\n<p>Sobre este tema, el diputado de Nueva Alianza, Luis Aguilar Castillo, se\u00f1al\u00f3 que el programa de escuelas de tiempo completo tampoco est\u00e1 contemplado en el PEF del pr\u00f3ximo a\u00f1o, que afectar\u00eda a 4,659 trabajadores de la educaci\u00f3n en Yucat\u00e1n, por lo que pidi\u00f3 a los diputados federales trabajar para que se asigne este recurso.<\/p>\n\n\n\n<p>La coordinadora de la fracci\u00f3n de Movimiento Ciudadano (MC), Silvia L\u00f3pez Escoffi\u00e9 present\u00f3 una iniciativa para reformar la Ley de Gobierno del Poder Legislativo y su Reglamento, para que \u00e9l o la presidente de la Mesa Directiva rinda un informe de actividades legislativas en la primera quincena de junio, que deber\u00e1 estar a disposici\u00f3n de la ciudadan\u00eda a trav\u00e9s de la Gaceta Parlamentaria.<\/p>\n\n\n\n<p>\u201cDebe contener cuantitativa y cualitativa, las leyes de nueva creaci\u00f3n, reformas, adiciones, decretos aprobados, iniciativas aprobadas y pendientes, actividades realizadas de las Comisiones, actividades realizadas por la Diputaci\u00f3n Permanente, actividades realizados en coordinaci\u00f3n con el Poder Ejecutivo y con los Ayuntamientos, designaci\u00f3n o ratificaci\u00f3n de servidores p\u00fablicos, puntos de acuerdo, premios y reconocimientos otorgados, as\u00ed como mensajes emitidos por un representante de cada fracci\u00f3n legislativa\u201d, detall\u00f3.<\/p>\n\n\n\n<p>En su turno, el diputado del PRI, Marco Rodr\u00edguez Ruz, present\u00f3 una iniciativa que reforma diversos art\u00edculos de la Ley de los Trabajadores al Servicio del Estado y los Municipios, as\u00ed como de la Ley para la Protecci\u00f3n de los Derechos de las Personas con Discapacidad, respecto al trato especial hacia este sector vulnerable en el desarrollo de sus funciones para contemplar el m\u00e1ximo de horas laborables en horario diurno, evitando que presten trabajos en el horario nocturno y en la jornada mixta, as\u00ed como permisos para acudir a sus terapias entre otros derechos econ\u00f3micos.<\/p>\n\n\n\n<p>En otros temas, el coordinador de la fracci\u00f3n de Morena, Miguel Candila Noh, manifest\u00f3 que el Convenio de Conflicto Lim\u00edtrofe entre M\u00e9rida y Progreso, no tiene los requisitos necesarios para que se apruebe, porque se trata de 1,200 hect\u00e1reas de la capital yucateca al principal puerto del estado.<\/p>\n\n\n\n<p>En respuesta, la coordinadora de la fracci\u00f3n del PAN, Rosa Adriana D\u00edaz Lizama, le pidi\u00f3 al diputado que respete los procesos legislativos, porque dicho convenio a\u00fan se analiza en la comisi\u00f3n de Puntos Constitucionales y Gobernaci\u00f3n, al igual que se debe respetar la autonom\u00eda municipal.<\/p>\n\n\n\n<p>Su compa\u00f1ero de bancada, V\u00edctor S\u00e1nchez Roca, agreg\u00f3 que para este tema no hay ning\u00fan inter\u00e9s econ\u00f3mico, porque el hecho de ceder los terrenos no quiere decir que el municipio ser\u00e1 el due\u00f1o de los mismos, porque son terrenos ejidales que tienen propietarios.<\/p>\n\n\n\n<p>El coordinador de la fracci\u00f3n del PRI, Felipe Cervera Hern\u00e1ndez, reiter\u00f3 respetar el proceso legislativo, porque el tema no est\u00e1 a discusi\u00f3n y si alguien tiene pruebas de un acto indebido hay que presentarlas a la Comisi\u00f3n.<\/p>\n\n\n\n<p>En la Plenaria, se turn\u00f3 a la comisi\u00f3n de Justicia y Seguridad P\u00fablica, la iniciativa por el que se reforman y adicionan disposiciones a la Ley para la Protecci\u00f3n de los Derechos de los Adultos Mayores y adicionar disposiciones al C\u00f3digo Penal del estado, signada por MC.<\/p>\n\n\n\n<p>As\u00ed como la iniciativa por el que se reforma el t\u00edtulo sexto, capitulo \u00fanico y el t\u00edtulo vig\u00e9simo tercero, cap\u00edtulo \u00fanico del C\u00f3digo Penal del estado, signada por V\u00edctor S\u00e1nchez; adem\u00e1s de la iniciativa por el que se adiciona un p\u00e1rrafo, se reforma una fracci\u00f3n y se adicionan diversas fracciones al C\u00f3digo Penal del estado, en materia de tentativa de feminicidio, suscrita por Kathia Bolio Pinelo (PAN).<\/p>\n\n\n\n<p>A la comisi\u00f3n de Salud y Seguridad Social, se envi\u00f3 la iniciativa por el que se reforma la Ley de los Trabajadores al Servicio del estado y Municipios de Yucat\u00e1n, en materia de permiso por paternidad, signada por la diputada del PRI, Janice Escobedo Salazar.<\/p>\n\n\n\n<p>A la comisi\u00f3n de Puntos Constitucionales y Gobernaci\u00f3n, la iniciativa por el que se reforma la Ley de Gobierno del Poder Legislativo y su Reglamento, signada por la fracci\u00f3n del PRI; y a la comisi\u00f3n de Derechos Humanos, la iniciativa para crear la Ley para la Protecci\u00f3n, Apoyo y Promoci\u00f3n a la Lactancia Materna, suscrita por la diputada de Morena, F\u00e1tima Perera Salazar.<\/p>\n\n\n\n<p>En otros temas, se instruy\u00f3 distribuir a los 25 diputados los oficios suscritos por el Subprocurador Fiscal Federal de Asuntos Financieros, Hugo Guti\u00e9rrez Hern\u00e1ndez Rojas, y por el titular de la unidad de enlace de la Subsecretar\u00eda de Gobierno Federal, Jes\u00fas Salda\u00f1a Hern\u00e1ndez.<\/p>\n\n\n\n<p>Lo anterior, en respuesta al acuerdo aprobado por la LXII Legislatura, para exhortar a la Secretar\u00eda de Salud y de Hacienda Federal, as\u00ed como al Congreso de la Uni\u00f3n, para que lleve a cabo reformas, adiciones y asigne el presupuesto necesario para que todo el personal m\u00e9dico, de enfermer\u00eda, de intendencia que sea contratado de manera temporal espec\u00edficamente para enfrentar esta Pandemia y al personal de residentes m\u00e9dicos que hoy realizan su especialidad y afrontan con su trabajo esta enfermedad y concluyan su residencia se les garantice una base laboral de manera definitiva y otorg\u00e1ndose de forma gradual en el sistema de salud, respetando los escalafones establecidos en las diferentes instituciones.<\/p>\n\n\n\n<p>As\u00ed como otro oficio del titular de la unidad de enlace de la Subsecretar\u00eda de Gobierno Federal, referente a la respuesta al acuerdo, tambi\u00e9n avalado por esta soberan\u00eda, para exhortar respetuosamente al titular de la Secretar\u00eda de Salud del Gobierno Federal y al titular de la Secretar\u00eda de Salud de Yucat\u00e1n, para que realicen, en la medida de sus atribuciones, todas las acciones necesarias para garantizar el abastecimiento de medicamentos, pruebas de diagn\u00f3stico del Covid-19, equipo de hospital, material necesario y suficiente para doctoras y doctores, enfermeras y enfermeros y todo el personal en general que labora en hospitales p\u00fablicos e Institutos de salud de Yucat\u00e1n.<\/p>\n\n\n\n<p>De la misma manera, el oficio signado por la Secretaria de Educaci\u00f3n de Yucat\u00e1n, Loreto Villanueva Trujillo, en respuesta al acuerdo aprobado por la LXII Legislatura, para que el Congreso de Yucat\u00e1n exhorte al Gobierno del Estado, para que se realicen las gestiones necesarias y se retome en el estado, el Programa de Apoyo de Tecnolog\u00edas Educativas y de la Informaci\u00f3n, de acuerdo a la suficiencia presupuestal del estado, que consiste en dotar de equipos de c\u00f3mputo a maestros y maestras; a ni\u00f1as, ni\u00f1os y adolescentes de educaci\u00f3n b\u00e1sica, de manera gratuita, para elevar sus competencias pedag\u00f3gicas y favorecer el uso virtuoso de las Tecnolog\u00edas de la Informaci\u00f3n y la Comunicaci\u00f3n (TIC), plataformas virtuales, redes sociales e internet, incluyendo las medidas de protecci\u00f3n de datos.<\/p>\n\n\n\n<p>Tambi\u00e9n, se dieron a conocer oficios de los Ayuntamientos de Teabo, Suma, Cenotillo y Tizim\u00edn, los cuales remiten su segundo informe de gobierno municipal 2018-2021; y la diputada de Morena, Leticia Eu\u00e1n Mis, record\u00f3 el 52 aniversario de la masacre de Tlatelolco, en ciudad de M\u00e9xico.<\/p>\n\n\n\n<p>Para finalizar, se convoc\u00f3 a la siguiente sesi\u00f3n ordinaria el pr\u00f3ximo mi\u00e9rcoles 7 de octubre del presente a\u00f1o a las 11 de la ma\u00f1ana.<\/p>\n\n\n\n<p>Denuncias<br>Previamente en la comisi\u00f3n de Vigilancia de la Cuenta P\u00fablica, Transparencia y Anticorrupci\u00f3n, el titular de la Unidad de Vigilancia y Evaluaci\u00f3n de la ASEY, Jonathan Ram\u00edrez Garc\u00eda, brind\u00f3 un informe de la situaci\u00f3n que guardan las denuncias por presuntas irregularidades en los municipios de Chichimil\u00e1 y Tinum.<\/p>\n\n\n\n<p>Garc\u00eda Ram\u00edrez, inform\u00f3 que al municipio de Chichimil\u00e1, se le ha notificado la orden de visita domiciliaria con la que se le requiri\u00f3 informaci\u00f3n, sin embargo, por el incumplimiento de su atenci\u00f3n se le han interpuesto dos multas con una cantidad de $26,064 m.n., con corte al 3 de septiembre del presente a\u00f1o.<\/p>\n\n\n\n<p>En el caso de Tinum, continu\u00f3, se le ha notificado la orden de visita domiciliaria con la que se le requiri\u00f3 informaci\u00f3n, sin embargo, a la fecha no se ha recibido documentaci\u00f3n por parte del municipio, lo que, de seguir as\u00ed, la ASEY iniciar\u00e1 el proceso de imposici\u00f3n de multas por incumplimiento en la atenci\u00f3n de la solicitud.<\/p>\n\n\n\n<p>El titular de dicha Unidad tambi\u00e9n detall\u00f3 el Calendario de fechas en el que se identifiquen los plazos de entregan de los diversos informes que debe presentar la ASEY a esta Comisi\u00f3n Permanente, as\u00ed como el seguimiento a la atenci\u00f3n de las recomendaciones generadas por esta Unidad, con corte al mes de agosto de 2020.<\/p>\n\n\n\n<p>En otro punto, el cuerpo colegiado aprob\u00f3 por unanimidad el dictamen de reformas a diversos art\u00edculos de la Ley de Protecci\u00f3n de Datos Personales en Posesi\u00f3n de Sujetos Obligados del Estados, signada por Mar\u00eda Mois\u00e9s Escalante (PRI).<\/p>\n","protected":false},"excerpt":{"rendered":"<p>(Redaccion) En la sesi\u00f3n ordinaria de este mi\u00e9rcoles, el diputado del PRI, Warnel May Escobar, pidi\u00f3 en tribuna que la ASEY investigue si el Ejecutivo estatal, a trav\u00e9s de la Secretar\u00eda de Turismo, no erog\u00f3 recursos para la visita de \u201cinfluencers\u201d a diferentes lugares de Yucat\u00e1n, para darle seguimiento a este tema \u201cque ha polarizado [&hellip;]<\/p>\n","protected":false},"author":1,"featured_media":166904,"comment_status":"open","ping_status":"open","sticky":false,"template":"","format":"standard","meta":{"footnotes":""},"categories":[2],"tags":[],"class_list":["post-166903","post","type-post","status-publish","format-standard","has-post-thumbnail","hentry","category-yucatan","entry","has-media"],"jetpack_featured_media_url":"http:\/\/vertienteglobal.com\/wp-content\/uploads\/2020\/10\/20201001_114207.jpg","_links":{"self":[{"href":"http:\/\/vertienteglobal.com\/index.php?rest_route=\/wp\/v2\/posts\/166903","targetHints":{"allow":["GET"]}}],"collection":[{"href":"http:\/\/vertienteglobal.com\/index.php?rest_route=\/wp\/v2\/posts"}],"about":[{"href":"http:\/\/vertienteglobal.com\/index.php?rest_route=\/wp\/v2\/types\/post"}],"author":[{"embeddable":true,"href":"http:\/\/vertienteglobal.com\/index.php?rest_route=\/wp\/v2\/users\/1"}],"replies":[{"embeddable":true,"href":"http:\/\/vertienteglobal.com\/index.php?rest_route=%2Fwp%2Fv2%2Fcomments&post=166903"}],"version-history":[{"count":0,"href":"http:\/\/vertienteglobal.com\/index.php?rest_route=\/wp\/v2\/posts\/166903\/revisions"}],"wp:featuredmedia":[{"embeddable":true,"href":"http:\/\/vertienteglobal.com\/index.php?rest_route=\/wp\/v2\/media\/166904"}],"wp:attachment":[{"href":"http:\/\/vertienteglobal.com\/index.php?rest_route=%2Fwp%2Fv2%2Fmedia&parent=166903"}],"wp:term":[{"taxonomy":"category","embeddable":true,"href":"http:\/\/vertienteglobal.com\/index.php?rest_route=%2Fwp%2Fv2%2Fcategories&post=166903"},{"taxonomy":"post_tag","embeddable":true,"href":"http:\/\/vertienteglobal.com\/index.php?rest_route=%2Fwp%2Fv2%2Ftags&post=166903"}],"curies":[{"name":"wp","href":"https:\/\/api.w.org\/{rel}","templated":true}]}}