{"id":166833,"date":"2020-09-29T14:10:00","date_gmt":"2020-09-29T19:10:00","guid":{"rendered":"http:\/\/vertienteglobal.com\/?p=166833"},"modified":"2020-09-29T14:57:44","modified_gmt":"2020-09-29T19:57:44","slug":"sueno-irregular-factor-de-riesgo-para-el-desarrollo-de-enfermedades-enfermero-especialista","status":"publish","type":"post","link":"http:\/\/vertienteglobal.com\/?p=166833","title":{"rendered":"Sue\u00f1o irregular, factor de riesgo para el desarrollo de enfermedades: Enfermero especialista"},"content":{"rendered":"\n<div class=\"twitterbutton\" style=\"float: right; padding-left: 5px;\"><a href=\"http:\/\/twitter.com\/share\" class=\"twitter-share-button\" data-count=\"horizontal\" data-text=\"Sue\u00f1o irregular, factor de riesgo para el desarrollo de enfermedades: Enfermero...\" data-via=\"https:\/\/twitter.com\/VertienteGloba1\" data-url=\"http:\/\/vertienteglobal.com\/?p=166833\" data-lang=\"es\" data-related=\"Informaci\u00f3n general:S\u00edguenos para que est\u00e9ss informado\"><\/a><\/div>\n<figure class=\"wp-block-image size-large\"><img loading=\"lazy\" decoding=\"async\" width=\"1024\" height=\"656\" src=\"http:\/\/vertienteglobal.com\/wp-content\/uploads\/2020\/09\/1123409-1.jpg\" alt=\"\" class=\"wp-image-166834\" srcset=\"http:\/\/vertienteglobal.com\/wp-content\/uploads\/2020\/09\/1123409-1.jpg 1024w, http:\/\/vertienteglobal.com\/wp-content\/uploads\/2020\/09\/1123409-1-300x192.jpg 300w, http:\/\/vertienteglobal.com\/wp-content\/uploads\/2020\/09\/1123409-1-150x96.jpg 150w, http:\/\/vertienteglobal.com\/wp-content\/uploads\/2020\/09\/1123409-1-768x492.jpg 768w\" sizes=\"auto, (max-width: 1024px) 100vw, 1024px\" \/><\/figure>\n\n\n\n<p>(Redacci\u00f3n)<\/p>\n\n\n\n<p>Coment\u00f3 que si una persona tiene un gran numero de riesgo para padecer alguna enfermad del coraz\u00f3n se debe, limitar el peso, dieta adecuada, no fumar, evitar el alcohol, estr\u00e9s<\/p>\n\n\n\n<p>Ciudad de Mexico a 29 de septiembre de 2020.- C\u00e9sar Enrique&nbsp;Santos Rodr\u00edguez, enfermero especialista en cuidados neurocr\u00edticos con entrenamiento en insuficiencia cardiaca, explic\u00f3 que se debe educar a la poblaci\u00f3n sobre factores de riesgo para desarrollar una enfermedad del coraz\u00f3n.<\/p>\n\n\n\n<p>Dijo que esto depende de los siguientes factores:<\/p>\n\n\n\n<p>Edad<\/p>\n\n\n\n<p>Raza<\/p>\n\n\n\n<p>Sexo<\/p>\n\n\n\n<p>Ante esto, coment\u00f3 que si una persona tiene un gran numero de riesgo para padecer alguna enfermad del coraz\u00f3n se debe<\/p>\n\n\n\n<p>Limitar el peso<\/p>\n\n\n\n<p>Dieta adecuada<\/p>\n\n\n\n<p>No fumar<\/p>\n\n\n\n<p>Evitar el alcohol<\/p>\n\n\n\n<p>Estr\u00e9s<\/p>\n\n\n\n<p>Dormir suficiente, dormir 8 horas al d\u00eda para que el organismo se recupere de la rutina. La falta de sue\u00f1o o el estr\u00e9s son desencadenantes, es un factor para en un futuro para considerarlo un factor de riesgo.<\/p>\n\n\n\n<p>Mientras que, \u00absi ya se tiene una enfermedad de riesgo cardiovascular, hipertensi\u00f3n, diabetes, obesidad, pacientes con alcoholismo, fumadores, con condiciones cr\u00f3nicas.<\/p>\n\n\n\n<p>Es importante que estas personas lleven un control adecuado de su enfermedad, para evitar las complicaciones que en un futuro puedan desencadenar una enfermedad cardiovascular como infarto, insuficiencia cardiaca, o un paro cardiorrespiratorio\u00bb.<\/p>\n\n\n\n<p>Asimismo, destac\u00f3 que, \u00abuno de los principales problemas es la falta de informaci\u00f3n, falta de diagn\u00f3stico, hay pacientes que van caminando en la calle que son diabetos, hipertensos, tienen obesidad, pero no han sido diagnosticado y por lo mismo no llevan un seguimiento y tratamiento adecuado y se pueden presentan enfermedades cardiovasculares\u00bb.<\/p>\n","protected":false},"excerpt":{"rendered":"<p>(Redacci\u00f3n) Coment\u00f3 que si una persona tiene un gran numero de riesgo para padecer alguna enfermad del coraz\u00f3n se debe, limitar el peso, dieta adecuada, no fumar, evitar el alcohol, estr\u00e9s Ciudad de Mexico a 29 de septiembre de 2020.- C\u00e9sar Enrique&nbsp;Santos Rodr\u00edguez, enfermero especialista en cuidados neurocr\u00edticos con entrenamiento en insuficiencia cardiaca, explic\u00f3 que [&hellip;]<\/p>\n","protected":false},"author":1,"featured_media":166834,"comment_status":"open","ping_status":"open","sticky":false,"template":"","format":"standard","meta":{"footnotes":""},"categories":[8],"tags":[],"class_list":["post-166833","post","type-post","status-publish","format-standard","has-post-thumbnail","hentry","category-pais","entry","has-media"],"jetpack_featured_media_url":"http:\/\/vertienteglobal.com\/wp-content\/uploads\/2020\/09\/1123409-1.jpg","_links":{"self":[{"href":"http:\/\/vertienteglobal.com\/index.php?rest_route=\/wp\/v2\/posts\/166833","targetHints":{"allow":["GET"]}}],"collection":[{"href":"http:\/\/vertienteglobal.com\/index.php?rest_route=\/wp\/v2\/posts"}],"about":[{"href":"http:\/\/vertienteglobal.com\/index.php?rest_route=\/wp\/v2\/types\/post"}],"author":[{"embeddable":true,"href":"http:\/\/vertienteglobal.com\/index.php?rest_route=\/wp\/v2\/users\/1"}],"replies":[{"embeddable":true,"href":"http:\/\/vertienteglobal.com\/index.php?rest_route=%2Fwp%2Fv2%2Fcomments&post=166833"}],"version-history":[{"count":0,"href":"http:\/\/vertienteglobal.com\/index.php?rest_route=\/wp\/v2\/posts\/166833\/revisions"}],"wp:featuredmedia":[{"embeddable":true,"href":"http:\/\/vertienteglobal.com\/index.php?rest_route=\/wp\/v2\/media\/166834"}],"wp:attachment":[{"href":"http:\/\/vertienteglobal.com\/index.php?rest_route=%2Fwp%2Fv2%2Fmedia&parent=166833"}],"wp:term":[{"taxonomy":"category","embeddable":true,"href":"http:\/\/vertienteglobal.com\/index.php?rest_route=%2Fwp%2Fv2%2Fcategories&post=166833"},{"taxonomy":"post_tag","embeddable":true,"href":"http:\/\/vertienteglobal.com\/index.php?rest_route=%2Fwp%2Fv2%2Ftags&post=166833"}],"curies":[{"name":"wp","href":"https:\/\/api.w.org\/{rel}","templated":true}]}}