{"id":166821,"date":"2020-09-29T12:48:00","date_gmt":"2020-09-29T17:48:00","guid":{"rendered":"http:\/\/vertienteglobal.com\/?p=166821"},"modified":"2020-09-29T14:49:49","modified_gmt":"2020-09-29T19:49:49","slug":"reportan-desbordamiento-del-rio-raudal-en-nautla-veracruz","status":"publish","type":"post","link":"http:\/\/vertienteglobal.com\/?p=166821","title":{"rendered":"Reportan desbordamiento del r\u00edo Raudal en Nautla, Veracruz"},"content":{"rendered":"\n<div class=\"twitterbutton\" style=\"float: right; padding-left: 5px;\"><a href=\"http:\/\/twitter.com\/share\" class=\"twitter-share-button\" data-count=\"horizontal\" data-text=\"Reportan desbordamiento del r\u00edo Raudal en Nautla, Veracruz\" data-via=\"https:\/\/twitter.com\/VertienteGloba1\" data-url=\"http:\/\/vertienteglobal.com\/?p=166821\" data-lang=\"es\" data-related=\"Informaci\u00f3n general:S\u00edguenos para que est\u00e9ss informado\"><\/a><\/div>\n<figure class=\"wp-block-image size-large\"><img loading=\"lazy\" decoding=\"async\" width=\"1024\" height=\"565\" src=\"http:\/\/vertienteglobal.com\/wp-content\/uploads\/2020\/09\/1123413.jpg\" alt=\"\" class=\"wp-image-166822\" srcset=\"http:\/\/vertienteglobal.com\/wp-content\/uploads\/2020\/09\/1123413.jpg 1024w, http:\/\/vertienteglobal.com\/wp-content\/uploads\/2020\/09\/1123413-300x166.jpg 300w, http:\/\/vertienteglobal.com\/wp-content\/uploads\/2020\/09\/1123413-150x83.jpg 150w, http:\/\/vertienteglobal.com\/wp-content\/uploads\/2020\/09\/1123413-768x424.jpg 768w\" sizes=\"auto, (max-width: 1024px) 100vw, 1024px\" \/><\/figure>\n\n\n\n<p>(Redacci\u00f3n)<\/p>\n\n\n\n<p>Dicho desbordamiento, ha originado inundaciones importantes en la&nbsp;carretera&nbsp;de&nbsp;Vega de Alatorre &#8211; Nautla-<br>Asimismo, Patricio Guevara Alanco, coordinador Regional de&nbsp;Protecci\u00f3n Civil del Estado, coment\u00f3 que no ha sido necesario activar el&nbsp;plan DNIII&nbsp;en la zona, sin embargo, se han atendido las zonas con algunas afectaciones<\/p>\n\n\n\n<p>Xalapa, Veracruz a 29 de septiembre de 2020.- Ante las intensas lluvias registradas en el estado, se dio a conocer el desbordamiento del&nbsp;r\u00edo Raudal, en Nautla, Veracruz.<\/p>\n\n\n\n<p>Dicho desbordamiento, ha originado inundaciones importantes en la&nbsp;carretera&nbsp;de&nbsp;Vega de Alatorre &#8211; Nautla-<br>Asimismo, Patricio Guevara Alanco, coordinador Regional de&nbsp;Protecci\u00f3n Civil del Estado, coment\u00f3 que no ha sido necesario activar el&nbsp;plan DNIII&nbsp;en la zona, sin embargo, se han atendido las zonas con algunas afectaciones.<\/p>\n","protected":false},"excerpt":{"rendered":"<p>(Redacci\u00f3n) Dicho desbordamiento, ha originado inundaciones importantes en la&nbsp;carretera&nbsp;de&nbsp;Vega de Alatorre &#8211; Nautla-Asimismo, Patricio Guevara Alanco, coordinador Regional de&nbsp;Protecci\u00f3n Civil del Estado, coment\u00f3 que no ha sido necesario activar el&nbsp;plan DNIII&nbsp;en la zona, sin embargo, se han atendido las zonas con algunas afectaciones Xalapa, Veracruz a 29 de septiembre de 2020.- Ante las intensas lluvias [&hellip;]<\/p>\n","protected":false},"author":1,"featured_media":166822,"comment_status":"open","ping_status":"open","sticky":false,"template":"","format":"standard","meta":{"footnotes":""},"categories":[7],"tags":[],"class_list":["post-166821","post","type-post","status-publish","format-standard","has-post-thumbnail","hentry","category-veracruz","entry","has-media"],"jetpack_featured_media_url":"http:\/\/vertienteglobal.com\/wp-content\/uploads\/2020\/09\/1123413.jpg","_links":{"self":[{"href":"http:\/\/vertienteglobal.com\/index.php?rest_route=\/wp\/v2\/posts\/166821","targetHints":{"allow":["GET"]}}],"collection":[{"href":"http:\/\/vertienteglobal.com\/index.php?rest_route=\/wp\/v2\/posts"}],"about":[{"href":"http:\/\/vertienteglobal.com\/index.php?rest_route=\/wp\/v2\/types\/post"}],"author":[{"embeddable":true,"href":"http:\/\/vertienteglobal.com\/index.php?rest_route=\/wp\/v2\/users\/1"}],"replies":[{"embeddable":true,"href":"http:\/\/vertienteglobal.com\/index.php?rest_route=%2Fwp%2Fv2%2Fcomments&post=166821"}],"version-history":[{"count":0,"href":"http:\/\/vertienteglobal.com\/index.php?rest_route=\/wp\/v2\/posts\/166821\/revisions"}],"wp:featuredmedia":[{"embeddable":true,"href":"http:\/\/vertienteglobal.com\/index.php?rest_route=\/wp\/v2\/media\/166822"}],"wp:attachment":[{"href":"http:\/\/vertienteglobal.com\/index.php?rest_route=%2Fwp%2Fv2%2Fmedia&parent=166821"}],"wp:term":[{"taxonomy":"category","embeddable":true,"href":"http:\/\/vertienteglobal.com\/index.php?rest_route=%2Fwp%2Fv2%2Fcategories&post=166821"},{"taxonomy":"post_tag","embeddable":true,"href":"http:\/\/vertienteglobal.com\/index.php?rest_route=%2Fwp%2Fv2%2Ftags&post=166821"}],"curies":[{"name":"wp","href":"https:\/\/api.w.org\/{rel}","templated":true}]}}