{"id":166768,"date":"2020-09-28T19:50:00","date_gmt":"2020-09-29T00:50:00","guid":{"rendered":"http:\/\/vertienteglobal.com\/?p=166768"},"modified":"2020-09-28T20:21:14","modified_gmt":"2020-09-29T01:21:14","slug":"el-turismo-rural-es-una-alternativa-para-mejorar-la-economia-de-las-zonas-centro-y-sur-del-estado-de-quintana-roo-carlos-joaquin","status":"publish","type":"post","link":"http:\/\/vertienteglobal.com\/?p=166768","title":{"rendered":"El turismo rural es una alternativa para mejorar la econom\u00eda de las zonas centro y sur del estado de Quintana Roo: Carlos Joaqu\u00edn"},"content":{"rendered":"\n<div class=\"twitterbutton\" style=\"float: right; padding-left: 5px;\"><a href=\"http:\/\/twitter.com\/share\" class=\"twitter-share-button\" data-count=\"horizontal\" data-text=\"El turismo rural es una alternativa para mejorar la econom\u00eda de las zonas centr...\" data-via=\"https:\/\/twitter.com\/VertienteGloba1\" data-url=\"http:\/\/vertienteglobal.com\/?p=166768\" data-lang=\"es\" data-related=\"Informaci\u00f3n general:S\u00edguenos para que est\u00e9ss informado\"><\/a><\/div>\n<figure class=\"wp-block-image size-large\"><img loading=\"lazy\" decoding=\"async\" width=\"1024\" height=\"682\" src=\"http:\/\/vertienteglobal.com\/wp-content\/uploads\/2020\/09\/cjeconomia-1-1024x682.jpg\" alt=\"\" class=\"wp-image-166769\" srcset=\"http:\/\/vertienteglobal.com\/wp-content\/uploads\/2020\/09\/cjeconomia-1-1024x682.jpg 1024w, http:\/\/vertienteglobal.com\/wp-content\/uploads\/2020\/09\/cjeconomia-1-300x200.jpg 300w, http:\/\/vertienteglobal.com\/wp-content\/uploads\/2020\/09\/cjeconomia-1-150x100.jpg 150w, http:\/\/vertienteglobal.com\/wp-content\/uploads\/2020\/09\/cjeconomia-1-768x512.jpg 768w, http:\/\/vertienteglobal.com\/wp-content\/uploads\/2020\/09\/cjeconomia-1.jpg 1280w\" sizes=\"auto, (max-width: 1024px) 100vw, 1024px\" \/><\/figure>\n\n\n\n<p>(Redaccion)<\/p>\n\n\n\n<p>El gobernador de Quintana Roo expresa que debe ser parte del producto tur\u00edstico que genere prosperidad en las comunidades<\/p>\n\n\n\n<p>Se lanz\u00f3 la convocatoria estatal del Premio a la Innovaci\u00f3n del Turismo Rural en Quintana Roo, en el marco de la Semana del Turismo Rural en el Caribe Mexicano<\/p>\n\n\n\n<p>Chetumal, Quintana Roo, a 28 de septiembre de 2020.- \u201cPara Quintana Roo, el turismo rural es una verdadera alternativa que debe ser parte de nuestro producto tur\u00edstico y generar prosperidad en nuestras comunidades, para que nuestra gente mantenga la producci\u00f3n de materias primas como sustento y, a trav\u00e9s del turismo, tenga la oportunidad de mejorar su econom\u00eda\u201d, expres\u00f3 el gobernador Carlos Joaqu\u00edn.<\/p>\n\n\n\n<p>Con la participaci\u00f3n del sector p\u00fablico, privado, acad\u00e9mico y social, el gobernador de Quintana Roo invit\u00f3 a sumarse a la Semana del Turismo Rural en el Caribe Mexicano, que la Secretar\u00eda de Turismo y el Consejo de Promoci\u00f3n Tur\u00edstica de Quintana Roo realizan del 27 de septiembre al dos de octubre.<\/p>\n\n\n\n<p>La Semana del Turismo Rural en el Caribe Mexicano tiene como objetivo destacar esta actividad como alternativa de desarrollo y prosperidad para las comunidades quintanarroenses.<\/p>\n\n\n\n<p>Como parte de estas actividades, este lunes se lanz\u00f3 la convocatoria estatal del Premio a la Innovaci\u00f3n del Turismo Rural en Quintana Roo 2020, para reconocer y estimular la innovaci\u00f3n en el dise\u00f1o, la comercializaci\u00f3n y la operaci\u00f3n de productos, y las experiencias del turismo rural, que contribuyen a la diversificaci\u00f3n de la oferta tur\u00edstica en la entidad.<\/p>\n\n\n\n<p>La convocatoria est\u00e1 dirigida a empresas, cooperativas, sociedades productivas rurales y afines. Los productos y\/o experiencias participantes deber\u00e1n formar parte de las modalidades de turismo cultural, gastron\u00f3mico, ecoturismo, de aventura y agroturismo.<\/p>\n\n\n\n<p>Deber\u00e1n tener su sede principal en el \u00e1rea rural, encontrarse actualmente en operaci\u00f3n, caracterizarse como una oferta innovadora y diferenciada, y mostrar criterios de calidad, innovaci\u00f3n, sustentabilidad y seguridad.<\/p>\n\n\n\n<p>Las postulaciones empezar\u00e1n a recibirse del 28 de septiembre al 15 de octubre. Los ganadores ser\u00e1n dados a conocer el 20 de octubre y entre los premios est\u00e1 un paquete de acompa\u00f1amiento que incluye asesor\u00edas de promoci\u00f3n, an\u00e1lisis financiero, comercializaci\u00f3n y mercadotecnia, levantamiento fotogr\u00e1fico para promoci\u00f3n y estrategia promocional.<\/p>\n\n\n\n<p>Para el primer lugar habr\u00e1 un apoyo econ\u00f3mico de 20 mil pesos, y para el segundo y el tercer lugares de 10 mil pesos cada uno.<\/p>\n\n\n\n<p>En los pr\u00f3ximos d\u00edas, se realizar\u00e1n actividades como la presentaci\u00f3n del programa \u201cNuestros H\u00e9roes de la Salud\u201d, la conferencia \u201cRetos y Perspectivas del Turismo Rural en el Caribe Mexicano\u201d, y la convocatoria del concurso de fotograf\u00eda \u201cTurismo Rural en el Caribe Mexicano\u201d.<\/p>\n\n\n\n<p>Se presentar\u00e1 el tr\u00e1iler \u201cHistorias y traves\u00edas mayas\u201d, y se han programado dos paneles: \u201cEl turismo rural: clave para la diversificaci\u00f3n y la reactivaci\u00f3n econ\u00f3mica en el Caribe mexicano\u201d y \u201cCasos de \u00e9xito del turismo rural en la pen\u00ednsula de Yucat\u00e1n\u201d.<\/p>\n\n\n\n<p>La jornada cerrar\u00e1 con la presentaci\u00f3n del libro \u201cLa cocina cotidiana de Quintana Roo\u201d, del chef Isa\u00edas P\u00e9rez Alamilla.<\/p>\n\n\n\n<figure class=\"wp-block-image size-large\"><img loading=\"lazy\" decoding=\"async\" width=\"1024\" height=\"576\" src=\"http:\/\/vertienteglobal.com\/wp-content\/uploads\/2020\/09\/20200928_185704-1024x576.jpg\" alt=\"\" class=\"wp-image-166770\" srcset=\"http:\/\/vertienteglobal.com\/wp-content\/uploads\/2020\/09\/20200928_185704-1024x576.jpg 1024w, http:\/\/vertienteglobal.com\/wp-content\/uploads\/2020\/09\/20200928_185704-300x169.jpg 300w, http:\/\/vertienteglobal.com\/wp-content\/uploads\/2020\/09\/20200928_185704-150x84.jpg 150w, http:\/\/vertienteglobal.com\/wp-content\/uploads\/2020\/09\/20200928_185704-768x432.jpg 768w, http:\/\/vertienteglobal.com\/wp-content\/uploads\/2020\/09\/20200928_185704.jpg 1080w\" sizes=\"auto, (max-width: 1024px) 100vw, 1024px\" \/><\/figure>\n\n\n\n<figure class=\"wp-block-image size-large\"><img loading=\"lazy\" decoding=\"async\" width=\"1024\" height=\"768\" src=\"http:\/\/vertienteglobal.com\/wp-content\/uploads\/2020\/09\/20200928_185701-1024x768.jpg\" alt=\"\" class=\"wp-image-166771\" srcset=\"http:\/\/vertienteglobal.com\/wp-content\/uploads\/2020\/09\/20200928_185701-1024x768.jpg 1024w, http:\/\/vertienteglobal.com\/wp-content\/uploads\/2020\/09\/20200928_185701-300x225.jpg 300w, http:\/\/vertienteglobal.com\/wp-content\/uploads\/2020\/09\/20200928_185701-150x113.jpg 150w, http:\/\/vertienteglobal.com\/wp-content\/uploads\/2020\/09\/20200928_185701-768x576.jpg 768w, http:\/\/vertienteglobal.com\/wp-content\/uploads\/2020\/09\/20200928_185701-1536x1152.jpg 1536w, http:\/\/vertienteglobal.com\/wp-content\/uploads\/2020\/09\/20200928_185701.jpg 2048w\" sizes=\"auto, (max-width: 1024px) 100vw, 1024px\" \/><\/figure>\n\n\n\n<figure class=\"wp-block-image size-large\"><img loading=\"lazy\" decoding=\"async\" width=\"1024\" height=\"780\" src=\"http:\/\/vertienteglobal.com\/wp-content\/uploads\/2020\/09\/20200928_185658-1024x780.jpg\" alt=\"\" class=\"wp-image-166772\" srcset=\"http:\/\/vertienteglobal.com\/wp-content\/uploads\/2020\/09\/20200928_185658-1024x780.jpg 1024w, http:\/\/vertienteglobal.com\/wp-content\/uploads\/2020\/09\/20200928_185658-300x228.jpg 300w, http:\/\/vertienteglobal.com\/wp-content\/uploads\/2020\/09\/20200928_185658-150x114.jpg 150w, http:\/\/vertienteglobal.com\/wp-content\/uploads\/2020\/09\/20200928_185658-768x585.jpg 768w, http:\/\/vertienteglobal.com\/wp-content\/uploads\/2020\/09\/20200928_185658.jpg 1366w\" sizes=\"auto, (max-width: 1024px) 100vw, 1024px\" \/><\/figure>\n","protected":false},"excerpt":{"rendered":"<p>(Redaccion) El gobernador de Quintana Roo expresa que debe ser parte del producto tur\u00edstico que genere prosperidad en las comunidades Se lanz\u00f3 la convocatoria estatal del Premio a la Innovaci\u00f3n del Turismo Rural en Quintana Roo, en el marco de la Semana del Turismo Rural en el Caribe Mexicano Chetumal, Quintana Roo, a 28 de [&hellip;]<\/p>\n","protected":false},"author":1,"featured_media":166769,"comment_status":"open","ping_status":"open","sticky":false,"template":"","format":"standard","meta":{"footnotes":""},"categories":[3],"tags":[],"class_list":["post-166768","post","type-post","status-publish","format-standard","has-post-thumbnail","hentry","category-quintana-roo","entry","has-media"],"jetpack_featured_media_url":"http:\/\/vertienteglobal.com\/wp-content\/uploads\/2020\/09\/cjeconomia-1.jpg","_links":{"self":[{"href":"http:\/\/vertienteglobal.com\/index.php?rest_route=\/wp\/v2\/posts\/166768","targetHints":{"allow":["GET"]}}],"collection":[{"href":"http:\/\/vertienteglobal.com\/index.php?rest_route=\/wp\/v2\/posts"}],"about":[{"href":"http:\/\/vertienteglobal.com\/index.php?rest_route=\/wp\/v2\/types\/post"}],"author":[{"embeddable":true,"href":"http:\/\/vertienteglobal.com\/index.php?rest_route=\/wp\/v2\/users\/1"}],"replies":[{"embeddable":true,"href":"http:\/\/vertienteglobal.com\/index.php?rest_route=%2Fwp%2Fv2%2Fcomments&post=166768"}],"version-history":[{"count":0,"href":"http:\/\/vertienteglobal.com\/index.php?rest_route=\/wp\/v2\/posts\/166768\/revisions"}],"wp:featuredmedia":[{"embeddable":true,"href":"http:\/\/vertienteglobal.com\/index.php?rest_route=\/wp\/v2\/media\/166769"}],"wp:attachment":[{"href":"http:\/\/vertienteglobal.com\/index.php?rest_route=%2Fwp%2Fv2%2Fmedia&parent=166768"}],"wp:term":[{"taxonomy":"category","embeddable":true,"href":"http:\/\/vertienteglobal.com\/index.php?rest_route=%2Fwp%2Fv2%2Fcategories&post=166768"},{"taxonomy":"post_tag","embeddable":true,"href":"http:\/\/vertienteglobal.com\/index.php?rest_route=%2Fwp%2Fv2%2Ftags&post=166768"}],"curies":[{"name":"wp","href":"https:\/\/api.w.org\/{rel}","templated":true}]}}