{"id":166751,"date":"2020-09-28T13:24:00","date_gmt":"2020-09-28T18:24:00","guid":{"rendered":"http:\/\/vertienteglobal.com\/?p=166751"},"modified":"2020-09-28T20:14:15","modified_gmt":"2020-09-29T01:14:15","slug":"quintana-roo-crece-con-rumbo-fijo-en-industria-de-la-construccion-regularizacion-y-titulacion-de-lotes-sedetus","status":"publish","type":"post","link":"http:\/\/vertienteglobal.com\/?p=166751","title":{"rendered":"Quintana Roo crece con rumbo fijo en industria de la construcci\u00f3n, regularizaci\u00f3n y titulaci\u00f3n de lotes: SEDETUS"},"content":{"rendered":"\n<div class=\"twitterbutton\" style=\"float: right; padding-left: 5px;\"><a href=\"http:\/\/twitter.com\/share\" class=\"twitter-share-button\" data-count=\"horizontal\" data-text=\"Quintana Roo crece con rumbo fijo en industria de la construcci\u00f3n, regularizaci...\" data-via=\"https:\/\/twitter.com\/VertienteGloba1\" data-url=\"http:\/\/vertienteglobal.com\/?p=166751\" data-lang=\"es\" data-related=\"Informaci\u00f3n general:S\u00edguenos para que est\u00e9ss informado\"><\/a><\/div>\n<figure class=\"wp-block-image size-large\"><img loading=\"lazy\" decoding=\"async\" width=\"1024\" height=\"576\" src=\"http:\/\/vertienteglobal.com\/wp-content\/uploads\/2020\/09\/Quintana-Roo-crece1-1024x576.jpg\" alt=\"\" class=\"wp-image-166752\" srcset=\"http:\/\/vertienteglobal.com\/wp-content\/uploads\/2020\/09\/Quintana-Roo-crece1-1024x576.jpg 1024w, http:\/\/vertienteglobal.com\/wp-content\/uploads\/2020\/09\/Quintana-Roo-crece1-300x169.jpg 300w, http:\/\/vertienteglobal.com\/wp-content\/uploads\/2020\/09\/Quintana-Roo-crece1-150x84.jpg 150w, http:\/\/vertienteglobal.com\/wp-content\/uploads\/2020\/09\/Quintana-Roo-crece1-768x432.jpg 768w, http:\/\/vertienteglobal.com\/wp-content\/uploads\/2020\/09\/Quintana-Roo-crece1.jpg 1280w\" sizes=\"auto, (max-width: 1024px) 100vw, 1024px\" \/><\/figure>\n\n\n\n<p>(Trinidad Rivera)<\/p>\n\n\n\n<p>En Conferencia de Prensa SEDETUS presenta acciones en beneficio de las familias de Quintana Roo<\/p>\n\n\n\n<p>Construcci\u00f3n, actividad pilar dentro de la reactivaci\u00f3n econ\u00f3mica que impulsa el gobernador Carlos Joaqu\u00edn<\/p>\n\n\n\n<p>Canc\u00fan, Quintana Roo, a 28 de septiembre de 2020.- La construcci\u00f3n es una actividad pilar dentro de la reactivaci\u00f3n econ\u00f3mica que impulsa el gobernador Carlos Joaqu\u00edn, pues genera m\u00e1s empleos y m\u00e1s desarrollo para el estado, que conjuntamente con acciones de regularizaci\u00f3n administrativa y titulaci\u00f3n de lotes, permiten m\u00e1s y mejores oportunidades para las familias quintanarroenses, afirm\u00f3 el secretario de Desarrollo Territorial Urbano Sustentable (SEDETUS), Carlos R\u00edos Castellanos.<\/p>\n\n\n\n<p>Y es que en conferencia de Prensa Virtual realizada junto con el Coordinador General de Comunicaci\u00f3n (CGC) y Vocero del Estado, Carlos Orva\u00f1anos Rea, el secretario Carlos R\u00edos dijo que en la industria de la construcci\u00f3n se ha implementado el Programa \u201cM\u00e9dico en tu chamba\u201d con m\u00e1s de 50 constructoras y m\u00e1s de nueve mil trabajadores que han recibido atenci\u00f3n directa para prevenir, controlar y mitigar los efectos de la pandemia generada por el COVID-19.<\/p>\n\n\n\n<p>Asegur\u00f3 que la pol\u00edtica de trabajo del gobernador sit\u00faa en el centro al ser humano y el medio ambiente, lo que ha permitido realizar acciones de regularizaci\u00f3n en tr\u00e1mites administrativos de dos mil 68 predios, en una superficie de un mill\u00f3n 246 mil 334 metros cuadrados, beneficiando aproximadamente a siete mil 600 habitantes de los municipios Oth\u00f3n P. Blanco, Puerto Morelos, Cozumel, Benito Ju\u00e1rez, Tulum e Isla Mujeres.<\/p>\n\n\n\n<p>\u201cEs inter\u00e9s del gobernador brindar certeza jur\u00eddica en las transacciones inmobiliarias que se realizan dentro del estado, as\u00ed como la constante capacitaci\u00f3n para el Asesor Inmobiliario, por ello, la SEDETUS durante el presente a\u00f1o ha entregado 204 matr\u00edculas y acreditaciones; de \u00e9stas 162 corresponden a personas f\u00edsicas, 37 a personas morales y cinco para asociaciones inmobiliarios; adem\u00e1s de febrero a agosto de 2020 se capacit\u00f3 a 403 asesores inmobiliarios a trav\u00e9s de seis conferencias Webinar\u201d, se\u00f1al\u00f3 el secretario de la SEDETUS.<\/p>\n\n\n\n<p>Dijo que el gobierno de Carlos Joaqu\u00edn a trav\u00e9s de la SEDETUS mediante el Programa Permanente de Titulaci\u00f3n y T\u00edtulo a Domicilio, en cuatro a\u00f1os de trabajo a elaborado cinco mil 259 t\u00edtulos de propiedad de los cuales han sido entregados cinco mil 122 a igual n\u00famero de familias, los restantes ser\u00e1n entregados en fechas pr\u00f3ximas.<\/p>\n\n\n\n<p>Invit\u00f3 a las familias aprovechar el programa \u201cTitulaci\u00f3n Gratuita 2020\u201d, que permite a familias quintanarroenses que as\u00ed lo deseen, acceder a un subsidio del 100 por ciento por concepto del pago de los derechos de titulaci\u00f3n, que oscila alrededor del 10 por ciento del costo total del terreno a titular; adem\u00e1s ofrece hasta el 100 por ciento de dispensa en intereses moratorios que se hayan generado hasta el momento de pagar el adeudo.<\/p>\n\n\n\n<p>Carlos R\u00edos Castellanos dijo que con estas acciones el gobierno de Carlos Joaqu\u00edn avanza con rumbo fijo para que las familias tengan m\u00e1s y mejores oportunidades de desarrollo y para que juntos salgamos adelante.<\/p>\n\n\n\n<figure class=\"wp-block-image size-large\"><img loading=\"lazy\" decoding=\"async\" width=\"585\" height=\"329\" src=\"http:\/\/vertienteglobal.com\/wp-content\/uploads\/2020\/09\/Quintana-Roo-crece2-585x329-1.jpg\" alt=\"\" class=\"wp-image-166753\" srcset=\"http:\/\/vertienteglobal.com\/wp-content\/uploads\/2020\/09\/Quintana-Roo-crece2-585x329-1.jpg 585w, http:\/\/vertienteglobal.com\/wp-content\/uploads\/2020\/09\/Quintana-Roo-crece2-585x329-1-300x169.jpg 300w, http:\/\/vertienteglobal.com\/wp-content\/uploads\/2020\/09\/Quintana-Roo-crece2-585x329-1-150x84.jpg 150w\" sizes=\"auto, (max-width: 585px) 100vw, 585px\" \/><\/figure>\n","protected":false},"excerpt":{"rendered":"<p>(Trinidad Rivera) En Conferencia de Prensa SEDETUS presenta acciones en beneficio de las familias de Quintana Roo Construcci\u00f3n, actividad pilar dentro de la reactivaci\u00f3n econ\u00f3mica que impulsa el gobernador Carlos Joaqu\u00edn Canc\u00fan, Quintana Roo, a 28 de septiembre de 2020.- La construcci\u00f3n es una actividad pilar dentro de la reactivaci\u00f3n econ\u00f3mica que impulsa el gobernador [&hellip;]<\/p>\n","protected":false},"author":1,"featured_media":166752,"comment_status":"open","ping_status":"open","sticky":false,"template":"","format":"standard","meta":{"footnotes":""},"categories":[3],"tags":[],"class_list":["post-166751","post","type-post","status-publish","format-standard","has-post-thumbnail","hentry","category-quintana-roo","entry","has-media"],"jetpack_featured_media_url":"http:\/\/vertienteglobal.com\/wp-content\/uploads\/2020\/09\/Quintana-Roo-crece1.jpg","_links":{"self":[{"href":"http:\/\/vertienteglobal.com\/index.php?rest_route=\/wp\/v2\/posts\/166751","targetHints":{"allow":["GET"]}}],"collection":[{"href":"http:\/\/vertienteglobal.com\/index.php?rest_route=\/wp\/v2\/posts"}],"about":[{"href":"http:\/\/vertienteglobal.com\/index.php?rest_route=\/wp\/v2\/types\/post"}],"author":[{"embeddable":true,"href":"http:\/\/vertienteglobal.com\/index.php?rest_route=\/wp\/v2\/users\/1"}],"replies":[{"embeddable":true,"href":"http:\/\/vertienteglobal.com\/index.php?rest_route=%2Fwp%2Fv2%2Fcomments&post=166751"}],"version-history":[{"count":0,"href":"http:\/\/vertienteglobal.com\/index.php?rest_route=\/wp\/v2\/posts\/166751\/revisions"}],"wp:featuredmedia":[{"embeddable":true,"href":"http:\/\/vertienteglobal.com\/index.php?rest_route=\/wp\/v2\/media\/166752"}],"wp:attachment":[{"href":"http:\/\/vertienteglobal.com\/index.php?rest_route=%2Fwp%2Fv2%2Fmedia&parent=166751"}],"wp:term":[{"taxonomy":"category","embeddable":true,"href":"http:\/\/vertienteglobal.com\/index.php?rest_route=%2Fwp%2Fv2%2Fcategories&post=166751"},{"taxonomy":"post_tag","embeddable":true,"href":"http:\/\/vertienteglobal.com\/index.php?rest_route=%2Fwp%2Fv2%2Ftags&post=166751"}],"curies":[{"name":"wp","href":"https:\/\/api.w.org\/{rel}","templated":true}]}}