{"id":166698,"date":"2020-09-27T19:25:00","date_gmt":"2020-09-28T00:25:00","guid":{"rendered":"http:\/\/vertienteglobal.com\/?p=166698"},"modified":"2020-09-27T20:26:17","modified_gmt":"2020-09-28T01:26:17","slug":"ballet-folklorico-de-la-uv-revive-espectaculo-escenico-retablos-de-provincia","status":"publish","type":"post","link":"http:\/\/vertienteglobal.com\/?p=166698","title":{"rendered":"Ballet Folkl\u00f3rico de la UV revive espect\u00e1culo esc\u00e9nico &#8216;Retablos de provincia&#8217;"},"content":{"rendered":"\n<div class=\"twitterbutton\" style=\"float: right; padding-left: 5px;\"><a href=\"http:\/\/twitter.com\/share\" class=\"twitter-share-button\" data-count=\"horizontal\" data-text=\"Ballet Folkl\u00f3rico de la UV revive espect\u00e1culo esc\u00e9nico &#8216;Retablos de pro...\" data-via=\"https:\/\/twitter.com\/VertienteGloba1\" data-url=\"http:\/\/vertienteglobal.com\/?p=166698\" data-lang=\"es\" data-related=\"Informaci\u00f3n general:S\u00edguenos para que est\u00e9ss informado\"><\/a><\/div>\n<figure class=\"wp-block-image size-large\"><img loading=\"lazy\" decoding=\"async\" width=\"1024\" height=\"683\" src=\"http:\/\/vertienteglobal.com\/wp-content\/uploads\/2020\/09\/1123086.jpg\" alt=\"\" class=\"wp-image-166699\" srcset=\"http:\/\/vertienteglobal.com\/wp-content\/uploads\/2020\/09\/1123086.jpg 1024w, http:\/\/vertienteglobal.com\/wp-content\/uploads\/2020\/09\/1123086-300x200.jpg 300w, http:\/\/vertienteglobal.com\/wp-content\/uploads\/2020\/09\/1123086-150x100.jpg 150w, http:\/\/vertienteglobal.com\/wp-content\/uploads\/2020\/09\/1123086-768x512.jpg 768w\" sizes=\"auto, (max-width: 1024px) 100vw, 1024px\" \/><\/figure>\n\n\n\n<p>(Redaccion)<\/p>\n\n\n\n<p>Este fragmento de \u201cRetablos de provincia\u201d es una recreaci\u00f3n del 12 de diciembre en la Villa de Guadalupe, con danzas de Oaxaca, Aguascalientes, Jalisco y Estado de M\u00e9xico, fruto de la intensa labor de investigaci\u00f3n realizada por el maestro V\u00e9lez Arceo con la colaboraci\u00f3n de m\u00fasicos, antrop\u00f3logos, etn\u00f3logos y acad\u00e9micos<\/p>\n\n\n\n<p>Xalapa, Veracruz, a 27 de septiembre de 2020.- En septiembre del 2019 y con m\u00e1s de 70 bailarines en escena, el Ballet folkl\u00f3rico de la Universidad Veracruzana con acompa\u00f1amiento musical de grupo Tlen Huicani, se present\u00f3 en Tlaqn\u00e1, Centro Cultural, el espect\u00e1culo esc\u00e9nico \u201cRetablos de provincia\u201d, basado en una idea original de su fundador Miguel V\u00e9lez Arceo, bajo la direcci\u00f3n titular de Julio C\u00e9sar Flores Prado, en esta ocasi\u00f3n el domingo 27 de septiembre regresa la primera parte de dicho espect\u00e1culo para volver a vivir el arte y talento del Ballet Folkl\u00f3rico de la Universidad Veracruzana.<\/p>\n\n\n\n<p>Este fragmento de \u201cRetablos de provincia\u201d es una recreaci\u00f3n del 12 de diciembre en la Villa de Guadalupe, con danzas de Oaxaca, Aguascalientes, Jalisco y Estado de M\u00e9xico, fruto de la intensa labor de investigaci\u00f3n realizada por el maestro V\u00e9lez Arceo con la colaboraci\u00f3n de m\u00fasicos, antrop\u00f3logos, etn\u00f3logos y acad\u00e9micos, en un compromiso de estructurar espect\u00e1culos esc\u00e9nicos de gran calidad, basados en el respeto y preservaci\u00f3n de los elementos culturales que les dieron origen.<\/p>\n\n\n\n<p>No te pierdas la primera parte de \u201cRetablos de provincia\u201d el pr\u00f3ximo 27 de septiembre en punto de las 20:00 hrs y revive el talento, el arte y la cultura de uno de los mejores espect\u00e1culos a cargo de esta agrupaci\u00f3n con m\u00e1s de 50 a\u00f1os de trayecto a trav\u00e9s del Facebook que la Direcci\u00f3n de Difusi\u00f3n Cultural UV trae para ti, y no olvides continuar cerca de los grupos art\u00edsticos desde las p\u00e1ginas de Twitter, YouTube y la plataforma DGDC MUSICA en donde encontraras m\u00e1s contenido<\/p>\n","protected":false},"excerpt":{"rendered":"<p>(Redaccion) Este fragmento de \u201cRetablos de provincia\u201d es una recreaci\u00f3n del 12 de diciembre en la Villa de Guadalupe, con danzas de Oaxaca, Aguascalientes, Jalisco y Estado de M\u00e9xico, fruto de la intensa labor de investigaci\u00f3n realizada por el maestro V\u00e9lez Arceo con la colaboraci\u00f3n de m\u00fasicos, antrop\u00f3logos, etn\u00f3logos y acad\u00e9micos Xalapa, Veracruz, a 27 [&hellip;]<\/p>\n","protected":false},"author":1,"featured_media":166699,"comment_status":"open","ping_status":"open","sticky":false,"template":"","format":"standard","meta":{"footnotes":""},"categories":[7],"tags":[],"class_list":["post-166698","post","type-post","status-publish","format-standard","has-post-thumbnail","hentry","category-veracruz","entry","has-media"],"jetpack_featured_media_url":"http:\/\/vertienteglobal.com\/wp-content\/uploads\/2020\/09\/1123086.jpg","_links":{"self":[{"href":"http:\/\/vertienteglobal.com\/index.php?rest_route=\/wp\/v2\/posts\/166698","targetHints":{"allow":["GET"]}}],"collection":[{"href":"http:\/\/vertienteglobal.com\/index.php?rest_route=\/wp\/v2\/posts"}],"about":[{"href":"http:\/\/vertienteglobal.com\/index.php?rest_route=\/wp\/v2\/types\/post"}],"author":[{"embeddable":true,"href":"http:\/\/vertienteglobal.com\/index.php?rest_route=\/wp\/v2\/users\/1"}],"replies":[{"embeddable":true,"href":"http:\/\/vertienteglobal.com\/index.php?rest_route=%2Fwp%2Fv2%2Fcomments&post=166698"}],"version-history":[{"count":0,"href":"http:\/\/vertienteglobal.com\/index.php?rest_route=\/wp\/v2\/posts\/166698\/revisions"}],"wp:featuredmedia":[{"embeddable":true,"href":"http:\/\/vertienteglobal.com\/index.php?rest_route=\/wp\/v2\/media\/166699"}],"wp:attachment":[{"href":"http:\/\/vertienteglobal.com\/index.php?rest_route=%2Fwp%2Fv2%2Fmedia&parent=166698"}],"wp:term":[{"taxonomy":"category","embeddable":true,"href":"http:\/\/vertienteglobal.com\/index.php?rest_route=%2Fwp%2Fv2%2Fcategories&post=166698"},{"taxonomy":"post_tag","embeddable":true,"href":"http:\/\/vertienteglobal.com\/index.php?rest_route=%2Fwp%2Fv2%2Ftags&post=166698"}],"curies":[{"name":"wp","href":"https:\/\/api.w.org\/{rel}","templated":true}]}}