{"id":166666,"date":"2020-09-27T15:28:00","date_gmt":"2020-09-27T20:28:00","guid":{"rendered":"http:\/\/vertienteglobal.com\/?p=166666"},"modified":"2020-09-27T18:29:44","modified_gmt":"2020-09-27T23:29:44","slug":"gana-mexico-medalla-de-oro-en-olimpiada-internacional-de-matematicas","status":"publish","type":"post","link":"http:\/\/vertienteglobal.com\/?p=166666","title":{"rendered":"Gana M\u00e9xico medalla de oro en Olimpiada Internacional de Matem\u00e1ticas"},"content":{"rendered":"\n<div class=\"twitterbutton\" style=\"float: right; padding-left: 5px;\"><a href=\"http:\/\/twitter.com\/share\" class=\"twitter-share-button\" data-count=\"horizontal\" data-text=\"Gana M\u00e9xico medalla de oro en Olimpiada Internacional de Matem\u00e1ticas\" data-via=\"https:\/\/twitter.com\/VertienteGloba1\" data-url=\"http:\/\/vertienteglobal.com\/?p=166666\" data-lang=\"es\" data-related=\"Informaci\u00f3n general:S\u00edguenos para que est\u00e9ss informado\"><\/a><\/div>\n<p>\ufffc<\/p>\n\n\n\n<figure class=\"wp-block-image size-large\"><img loading=\"lazy\" decoding=\"async\" width=\"1024\" height=\"683\" src=\"http:\/\/vertienteglobal.com\/wp-content\/uploads\/2020\/09\/1123143.jpg\" alt=\"\" class=\"wp-image-166667\" srcset=\"http:\/\/vertienteglobal.com\/wp-content\/uploads\/2020\/09\/1123143.jpg 1024w, http:\/\/vertienteglobal.com\/wp-content\/uploads\/2020\/09\/1123143-300x200.jpg 300w, http:\/\/vertienteglobal.com\/wp-content\/uploads\/2020\/09\/1123143-150x100.jpg 150w, http:\/\/vertienteglobal.com\/wp-content\/uploads\/2020\/09\/1123143-768x512.jpg 768w\" sizes=\"auto, (max-width: 1024px) 100vw, 1024px\" \/><\/figure>\n\n\n\n<p>(Redaccion)<\/p>\n\n\n\n<p>El ganador del la presea dorada fue Tom\u00e1s Cant\u00fa, quien es originario de la Ciudad de M\u00e9xico, inform\u00f3 la Olimpiada Mexicana de Matem\u00e1ticas<\/p>\n\n\n\n<p>Ciudad de Mexico a 27 de septiemnre de 2020.- Este domingo M\u00e9xico se llev\u00f3 la medalla de oro en la edici\u00f3n n\u00famero 61 de la Olimpiada Internacional de Matem\u00e1ticas, organizada en esta ocasi\u00f3n por Rusia.<\/p>\n\n\n\n<p>El ganador del la presea dorada fue Tom\u00e1s Cant\u00fa, quien es originario de la Ciudad de M\u00e9xico, inform\u00f3 la Olimpiada Mexicana de Matem\u00e1ticas.<\/p>\n\n\n\n<p>A trav\u00e9s de su cuenta de Twitter, la instituci\u00f3n escribi\u00f3:<\/p>\n\n\n\n<p>\u00abTom\u00e1s Cant\u00fa Rodr\u00edguez de la CDMX, acaba de ganar de medalla de oro en la IMO 2020, cuarta medalla de oro en la historia para M\u00e9xico en la IMO\u201d, se\u00f1al\u00f3 dicha instituci\u00f3n en su cuenta de Twitter.<\/p>\n\n\n\n<p>Cabe mencionar que este a\u00f1o la Olimpiada Internacional de Matem\u00e1ticas se realiz\u00f3 v\u00eda remota, debido a la emergencia sanitaria mundial causada por el COVID-19, lo que implic\u00f3 que los representantes de 113 pa\u00edses resolvieran problemas matem\u00e1ticos y ecuaciones en l\u00ednea.<br>Adem\u00e1s de Cant\u00fa, destacaron otros mexicanos en la justa, se trata de Pablo Valeriano, de Nuevo Le\u00f3n; Omar Astudillo, de Guerrero; Ana Jim\u00e9nez, de la Ciudad de M\u00e9xico, y Emilio Ramos, de Sinaloa; quienes obtuvieron bronce.<\/p>\n","protected":false},"excerpt":{"rendered":"<p>\ufffc (Redaccion) El ganador del la presea dorada fue Tom\u00e1s Cant\u00fa, quien es originario de la Ciudad de M\u00e9xico, inform\u00f3 la Olimpiada Mexicana de Matem\u00e1ticas Ciudad de Mexico a 27 de septiemnre de 2020.- Este domingo M\u00e9xico se llev\u00f3 la medalla de oro en la edici\u00f3n n\u00famero 61 de la Olimpiada Internacional de Matem\u00e1ticas, organizada [&hellip;]<\/p>\n","protected":false},"author":1,"featured_media":166667,"comment_status":"open","ping_status":"open","sticky":false,"template":"","format":"standard","meta":{"footnotes":""},"categories":[9,8],"tags":[],"class_list":["post-166666","post","type-post","status-publish","format-standard","has-post-thumbnail","hentry","category-educacion","category-pais","entry","has-media"],"jetpack_featured_media_url":"http:\/\/vertienteglobal.com\/wp-content\/uploads\/2020\/09\/1123143.jpg","_links":{"self":[{"href":"http:\/\/vertienteglobal.com\/index.php?rest_route=\/wp\/v2\/posts\/166666","targetHints":{"allow":["GET"]}}],"collection":[{"href":"http:\/\/vertienteglobal.com\/index.php?rest_route=\/wp\/v2\/posts"}],"about":[{"href":"http:\/\/vertienteglobal.com\/index.php?rest_route=\/wp\/v2\/types\/post"}],"author":[{"embeddable":true,"href":"http:\/\/vertienteglobal.com\/index.php?rest_route=\/wp\/v2\/users\/1"}],"replies":[{"embeddable":true,"href":"http:\/\/vertienteglobal.com\/index.php?rest_route=%2Fwp%2Fv2%2Fcomments&post=166666"}],"version-history":[{"count":0,"href":"http:\/\/vertienteglobal.com\/index.php?rest_route=\/wp\/v2\/posts\/166666\/revisions"}],"wp:featuredmedia":[{"embeddable":true,"href":"http:\/\/vertienteglobal.com\/index.php?rest_route=\/wp\/v2\/media\/166667"}],"wp:attachment":[{"href":"http:\/\/vertienteglobal.com\/index.php?rest_route=%2Fwp%2Fv2%2Fmedia&parent=166666"}],"wp:term":[{"taxonomy":"category","embeddable":true,"href":"http:\/\/vertienteglobal.com\/index.php?rest_route=%2Fwp%2Fv2%2Fcategories&post=166666"},{"taxonomy":"post_tag","embeddable":true,"href":"http:\/\/vertienteglobal.com\/index.php?rest_route=%2Fwp%2Fv2%2Ftags&post=166666"}],"curies":[{"name":"wp","href":"https:\/\/api.w.org\/{rel}","templated":true}]}}