{"id":166533,"date":"2020-09-25T22:47:49","date_gmt":"2020-09-26T03:47:49","guid":{"rendered":"http:\/\/vertienteglobal.com\/?p=166533"},"modified":"2020-09-26T12:50:25","modified_gmt":"2020-09-26T17:50:25","slug":"bad-bunny-es-disenador-ya-tiene-su-nueva-linea-de-crocs","status":"publish","type":"post","link":"http:\/\/vertienteglobal.com\/?p=166533","title":{"rendered":"Bad Bunny es dise\u00f1ador: Ya tiene su nueva l\u00ednea de Crocs"},"content":{"rendered":"\n<div class=\"twitterbutton\" style=\"float: right; padding-left: 5px;\"><a href=\"http:\/\/twitter.com\/share\" class=\"twitter-share-button\" data-count=\"horizontal\" data-text=\"Bad Bunny es dise\u00f1ador: Ya tiene su nueva l\u00ednea de Crocs\" data-via=\"https:\/\/twitter.com\/VertienteGloba1\" data-url=\"http:\/\/vertienteglobal.com\/?p=166533\" data-lang=\"es\" data-related=\"Informaci\u00f3n general:S\u00edguenos para que est\u00e9ss informado\"><\/a><\/div>\n<figure class=\"wp-block-image size-large\"><img loading=\"lazy\" decoding=\"async\" width=\"805\" height=\"600\" src=\"http:\/\/vertienteglobal.com\/wp-content\/uploads\/2020\/09\/bad_bunny_876-1.jpg\" alt=\"\" class=\"wp-image-166534\" srcset=\"http:\/\/vertienteglobal.com\/wp-content\/uploads\/2020\/09\/bad_bunny_876-1.jpg 805w, http:\/\/vertienteglobal.com\/wp-content\/uploads\/2020\/09\/bad_bunny_876-1-300x224.jpg 300w, http:\/\/vertienteglobal.com\/wp-content\/uploads\/2020\/09\/bad_bunny_876-1-150x112.jpg 150w, http:\/\/vertienteglobal.com\/wp-content\/uploads\/2020\/09\/bad_bunny_876-1-768x572.jpg 768w\" sizes=\"auto, (max-width: 805px) 100vw, 805px\" \/><\/figure>\n\n\n\n<p>(Redaccion)<\/p>\n\n\n\n<p>El comunicado precis\u00f3 que las sandalias estar\u00e1n disponibles en color blanco y verde, e incluir\u00e1n pines de un conejo, una llamarada, estrellas y Saturno<\/p>\n\n\n\n<p>Ciudad de Mexico a 25 de septiembre de 2020.- Bad Bunny se ali\u00f3 con la empresa Crocs y el pr\u00f3ximo 29 de septiembre lanzar\u00e1 una nueva versi\u00f3n del zapato \u201cClassic Clog\u201d, el cual estar\u00e1 adornado con brillantes inspirados por \u00e9l y que brillan en la oscuridad.<\/p>\n\n\n\n<p>\u201cCreo en ser sincero y en no ponerme limitaciones, que tambi\u00e9n es algo que representa Crocs, y este es el mensaje que siempre quiero asegurarme de enviar a mis fans\u201d, declar\u00f3 Bad Bunny.<\/p>\n\n\n\n<p>\u201cComo fan desde hace mucho tiempo, crear mi propio dise\u00f1o para Crocs fue muy divertido. Espero que inspiren a otros a divertirse en sus propias maneras con el estilo personal que los haga felices\u201d, expuso Bad Bunny.<\/p>\n\n\n\n<p>El comunicado precis\u00f3 que las sandalias estar\u00e1n disponibles en color blanco y verde, e incluir\u00e1n pines de un conejo, una llamarada, estrellas y Saturno.<\/p>\n\n\n\n<p>Las figuras \u201cse asemejan al techo y paredes de una escuela vieja formando una galaxia brillante que se extiende por la noche, devolvi\u00e9ndote a la nost\u00e1lgica comodidad de la rec\u00e1mara de tu infancia, un tema que jug\u00f3 un papel importante en el dise\u00f1o de esta colaboraci\u00f3n\u201d.<\/p>\n","protected":false},"excerpt":{"rendered":"<p>(Redaccion) El comunicado precis\u00f3 que las sandalias estar\u00e1n disponibles en color blanco y verde, e incluir\u00e1n pines de un conejo, una llamarada, estrellas y Saturno Ciudad de Mexico a 25 de septiembre de 2020.- Bad Bunny se ali\u00f3 con la empresa Crocs y el pr\u00f3ximo 29 de septiembre lanzar\u00e1 una nueva versi\u00f3n del zapato \u201cClassic [&hellip;]<\/p>\n","protected":false},"author":1,"featured_media":166534,"comment_status":"open","ping_status":"open","sticky":false,"template":"","format":"standard","meta":{"footnotes":""},"categories":[10,8],"tags":[],"class_list":["post-166533","post","type-post","status-publish","format-standard","has-post-thumbnail","hentry","category-espectaculos","category-pais","entry","has-media"],"jetpack_featured_media_url":"http:\/\/vertienteglobal.com\/wp-content\/uploads\/2020\/09\/bad_bunny_876-1.jpg","_links":{"self":[{"href":"http:\/\/vertienteglobal.com\/index.php?rest_route=\/wp\/v2\/posts\/166533","targetHints":{"allow":["GET"]}}],"collection":[{"href":"http:\/\/vertienteglobal.com\/index.php?rest_route=\/wp\/v2\/posts"}],"about":[{"href":"http:\/\/vertienteglobal.com\/index.php?rest_route=\/wp\/v2\/types\/post"}],"author":[{"embeddable":true,"href":"http:\/\/vertienteglobal.com\/index.php?rest_route=\/wp\/v2\/users\/1"}],"replies":[{"embeddable":true,"href":"http:\/\/vertienteglobal.com\/index.php?rest_route=%2Fwp%2Fv2%2Fcomments&post=166533"}],"version-history":[{"count":0,"href":"http:\/\/vertienteglobal.com\/index.php?rest_route=\/wp\/v2\/posts\/166533\/revisions"}],"wp:featuredmedia":[{"embeddable":true,"href":"http:\/\/vertienteglobal.com\/index.php?rest_route=\/wp\/v2\/media\/166534"}],"wp:attachment":[{"href":"http:\/\/vertienteglobal.com\/index.php?rest_route=%2Fwp%2Fv2%2Fmedia&parent=166533"}],"wp:term":[{"taxonomy":"category","embeddable":true,"href":"http:\/\/vertienteglobal.com\/index.php?rest_route=%2Fwp%2Fv2%2Fcategories&post=166533"},{"taxonomy":"post_tag","embeddable":true,"href":"http:\/\/vertienteglobal.com\/index.php?rest_route=%2Fwp%2Fv2%2Ftags&post=166533"}],"curies":[{"name":"wp","href":"https:\/\/api.w.org\/{rel}","templated":true}]}}