{"id":166473,"date":"2020-09-24T23:04:08","date_gmt":"2020-09-25T04:04:08","guid":{"rendered":"http:\/\/vertienteglobal.com\/?p=166473"},"modified":"2020-09-25T13:05:50","modified_gmt":"2020-09-25T18:05:50","slug":"mejoran-la-iluminacion-de-la-entrada-principal-del-parque-zoologico-del-centenario-en-merida","status":"publish","type":"post","link":"http:\/\/vertienteglobal.com\/?p=166473","title":{"rendered":"Mejoran la iluminaci\u00f3n de la entrada principal del Parque Zool\u00f3gico del Centenario en M\u00e9rida"},"content":{"rendered":"\n<div class=\"twitterbutton\" style=\"float: right; padding-left: 5px;\"><a href=\"http:\/\/twitter.com\/share\" class=\"twitter-share-button\" data-count=\"horizontal\" data-text=\"Mejoran la iluminaci\u00f3n de la entrada principal del Parque Zool\u00f3gico del Centen...\" data-via=\"https:\/\/twitter.com\/VertienteGloba1\" data-url=\"http:\/\/vertienteglobal.com\/?p=166473\" data-lang=\"es\" data-related=\"Informaci\u00f3n general:S\u00edguenos para que est\u00e9ss informado\"><\/a><\/div>\n<figure class=\"wp-block-image size-large\"><img loading=\"lazy\" decoding=\"async\" width=\"1024\" height=\"683\" src=\"http:\/\/vertienteglobal.com\/wp-content\/uploads\/2020\/09\/20200925_124934-1024x683.jpg\" alt=\"\" class=\"wp-image-166474\" srcset=\"http:\/\/vertienteglobal.com\/wp-content\/uploads\/2020\/09\/20200925_124934-1024x683.jpg 1024w, http:\/\/vertienteglobal.com\/wp-content\/uploads\/2020\/09\/20200925_124934-300x200.jpg 300w, http:\/\/vertienteglobal.com\/wp-content\/uploads\/2020\/09\/20200925_124934-150x100.jpg 150w, http:\/\/vertienteglobal.com\/wp-content\/uploads\/2020\/09\/20200925_124934-768x512.jpg 768w, http:\/\/vertienteglobal.com\/wp-content\/uploads\/2020\/09\/20200925_124934.jpg 1280w\" sizes=\"auto, (max-width: 1024px) 100vw, 1024px\" \/><\/figure>\n\n\n\n<p>(Redaccion)<\/p>\n\n\n\n<p>El Ayuntamiento de M\u00e9rida destaca por la preservaci\u00f3n y el cuidado de sus sitios emblem\u00e1ticos, gracias a la adecuada gesti\u00f3n de sus recursos p\u00fablicos, se\u00f1ala el alcalde Ren\u00e1n Barrera<\/p>\n\n\n\n<p>M\u00e9rida, Yucatam, a 24 de septiembre de 2020.- La administraci\u00f3n eficiente y en un marco de transparencia de los recursos de todas y todos los meridanos permite al Ayuntamiento seguir generando obras de calidad y de mejoramiento en espacios emblem\u00e1ticos como el parque zool\u00f3gico Del Centenario y otros sitios p\u00fablicos, afirm\u00f3 el alcalde Ren\u00e1n Barrera Concha.<\/p>\n\n\n\n<p>Durante la supervisi\u00f3n de los trabajos de rehabilitaci\u00f3n de la iluminaci\u00f3n de la fachada principal del Centenario, el Concejal dijo que este sitio el cual recientemente cumpli\u00f3 110 a\u00f1os, es uno de los principales atractivos de nuestra ciudad y el espacio favorito para la convivencia de miles de familias meridanas y de otras que nos visitan de todas partes del mundo y de M\u00e9xico.<\/p>\n\n\n\n<p>\u2014 La preservaci\u00f3n y el cuidado de sus sitios emblem\u00e1ticos hacen que la ciudad destaque por tener una identidad propia, caracter\u00edstica, de la cual lo meridanos nos sentimos orgullos ya que juntos estamos trabajando para convertirla en M\u00e9rida de 10 \u2014expres\u00f3 el Concejal.<\/p>\n\n\n\n<p>Acompa\u00f1ado de Jos\u00e9 Collado Soberanis, director de Servicios P\u00fablicos Municipales y del regidor Gabriel Mena Guillermo, Barrera Concha inform\u00f3 que las mejoras en la iluminaci\u00f3n de los arcos que se encuentra en la fachada del zool\u00f3gico se suma a la construcci\u00f3n del primer hospital veterinario que se entreg\u00f3 recientemente y en la que se invirtieron aproximadamente m\u00e1s de 8 millones de pesos.<br>Se\u00f1alo que los trabajos de mantenimiento a sus instalaciones han sido constantes y de manera integral a fin de ofrecer a los visitantes espacios de calidad para la sana convivencia.<\/p>\n\n\n\n<p>Por su parte, Collado Soberanis indic\u00f3 que para mejorar la iluminaci\u00f3n del emblem\u00e1tico sitio se emplearon reflectores leds, los cuales se instalaron en postes met\u00e1licos cuya altura es de 9 metros y tambi\u00e9n se emplearon \u00f3pticas apropiadas para evitar el deslumbramiento peatonal.<\/p>\n\n\n\n<p>\u2014Lo que hicimos para aprovechar mejor la luz es dirigir la iluminaci\u00f3n hacia la fachada y distribuidos de tal manera que se pudiese conseguir una mayor uniformidad, de igual forma colocamos un par de reflectores a la fuente mejor conocida como \u201cla fuente porfiriana\u201d para brindarle mayor iluminaci\u00f3n \u2014detall\u00f3.<\/p>\n\n\n\n<p>Igualmente coment\u00f3 que con la finalidad de lograr destacar los elementos de la fachada, se ilumin\u00f3 el interior de los arcos para ello se emplearon luminarias tipo regletas de luz RGB las cuales fueron empotradas en el piso, sin que represente un obst\u00e1culo al paso peatonal.<\/p>\n\n\n\n<p>La inversi\u00f3n total para la realizaci\u00f3n de estos trabajos que dar\u00e1n mayor realce a la entrada principal del Parque Zool\u00f3gico fue de $ 1\u2019300,000 provenientes de los recursos fiscales o propios.<\/p>\n\n\n\n<p>Coment\u00f3 que con estos trabajos de iluminaci\u00f3n, M\u00e9rida cuenta ya con cinco puntos emblem\u00e1ticos los cuales se iluminan de manera diferentes para conmemorar distintas efem\u00e9rides.<\/p>\n\n\n\n<p>Estos sitios son el Palacio Municipal, el Monumento a la Patria; la fuente ubicada en el Paso a Desnivel de la prolongaci\u00f3n Montejo, la glorieta de Miguel Hidalgo (frente a la Galletera Dond\u00e9) y ahora el Centenario.<\/p>\n\n\n\n<p>El funcionario indic\u00f3 que en 2019 el \u201cCentenario\u201d recibi\u00f3 a 1.505,671, personas; este a\u00f1o, hasta antes del cierre a inicios de marzo se ten\u00eda un registro de 298,117 visitantes.<\/p>\n\n\n\n<p>Detall\u00f3 que actualmente el \u00e1rea del zool\u00f3gico cuenta con 622 ejemplares de 91 especies de animales entre mam\u00edferos, aves y reptiles, de los cuales destacan: jirafas, felinos, flamenco rosa, hipop\u00f3tamos, cocodrilos, monos, chimpanc\u00e9s (Rocki y Susy) entre otros.<\/p>\n\n\n\n<p>Cabe recordar que el sitio a\u00fan permanece cerrado debido a la contingencia sanitaria por el COVID-19, pero eso no ha sido impedimento para que la Comuna continu\u00e9 trabajando en su rehabilitaci\u00f3n y mantenimiento.<\/p>\n\n\n\n<figure class=\"wp-block-image size-large\"><img loading=\"lazy\" decoding=\"async\" width=\"1024\" height=\"682\" src=\"http:\/\/vertienteglobal.com\/wp-content\/uploads\/2020\/09\/20200925_124937-1024x682.jpg\" alt=\"\" class=\"wp-image-166475\" srcset=\"http:\/\/vertienteglobal.com\/wp-content\/uploads\/2020\/09\/20200925_124937-1024x682.jpg 1024w, http:\/\/vertienteglobal.com\/wp-content\/uploads\/2020\/09\/20200925_124937-300x200.jpg 300w, http:\/\/vertienteglobal.com\/wp-content\/uploads\/2020\/09\/20200925_124937-150x100.jpg 150w, http:\/\/vertienteglobal.com\/wp-content\/uploads\/2020\/09\/20200925_124937-768x511.jpg 768w, http:\/\/vertienteglobal.com\/wp-content\/uploads\/2020\/09\/20200925_124937.jpg 1280w\" sizes=\"auto, (max-width: 1024px) 100vw, 1024px\" \/><\/figure>\n\n\n\n<figure class=\"wp-block-image size-large\"><img loading=\"lazy\" decoding=\"async\" width=\"1024\" height=\"683\" src=\"http:\/\/vertienteglobal.com\/wp-content\/uploads\/2020\/09\/20200925_124931-1024x683.jpg\" alt=\"\" class=\"wp-image-166476\" srcset=\"http:\/\/vertienteglobal.com\/wp-content\/uploads\/2020\/09\/20200925_124931-1024x683.jpg 1024w, http:\/\/vertienteglobal.com\/wp-content\/uploads\/2020\/09\/20200925_124931-300x200.jpg 300w, http:\/\/vertienteglobal.com\/wp-content\/uploads\/2020\/09\/20200925_124931-150x100.jpg 150w, http:\/\/vertienteglobal.com\/wp-content\/uploads\/2020\/09\/20200925_124931-768x512.jpg 768w, http:\/\/vertienteglobal.com\/wp-content\/uploads\/2020\/09\/20200925_124931.jpg 1280w\" sizes=\"auto, (max-width: 1024px) 100vw, 1024px\" \/><\/figure>\n\n\n\n<figure class=\"wp-block-image size-large\"><img loading=\"lazy\" decoding=\"async\" width=\"1024\" height=\"683\" src=\"http:\/\/vertienteglobal.com\/wp-content\/uploads\/2020\/09\/20200925_124927-1024x683.jpg\" alt=\"\" class=\"wp-image-166477\" srcset=\"http:\/\/vertienteglobal.com\/wp-content\/uploads\/2020\/09\/20200925_124927-1024x683.jpg 1024w, http:\/\/vertienteglobal.com\/wp-content\/uploads\/2020\/09\/20200925_124927-300x200.jpg 300w, http:\/\/vertienteglobal.com\/wp-content\/uploads\/2020\/09\/20200925_124927-150x100.jpg 150w, http:\/\/vertienteglobal.com\/wp-content\/uploads\/2020\/09\/20200925_124927-768x512.jpg 768w, http:\/\/vertienteglobal.com\/wp-content\/uploads\/2020\/09\/20200925_124927.jpg 1280w\" sizes=\"auto, (max-width: 1024px) 100vw, 1024px\" \/><\/figure>\n","protected":false},"excerpt":{"rendered":"<p>(Redaccion) El Ayuntamiento de M\u00e9rida destaca por la preservaci\u00f3n y el cuidado de sus sitios emblem\u00e1ticos, gracias a la adecuada gesti\u00f3n de sus recursos p\u00fablicos, se\u00f1ala el alcalde Ren\u00e1n Barrera M\u00e9rida, Yucatam, a 24 de septiembre de 2020.- La administraci\u00f3n eficiente y en un marco de transparencia de los recursos de todas y todos los [&hellip;]<\/p>\n","protected":false},"author":1,"featured_media":166474,"comment_status":"open","ping_status":"open","sticky":false,"template":"","format":"standard","meta":{"footnotes":""},"categories":[2],"tags":[],"class_list":["post-166473","post","type-post","status-publish","format-standard","has-post-thumbnail","hentry","category-yucatan","entry","has-media"],"jetpack_featured_media_url":"http:\/\/vertienteglobal.com\/wp-content\/uploads\/2020\/09\/20200925_124934.jpg","_links":{"self":[{"href":"http:\/\/vertienteglobal.com\/index.php?rest_route=\/wp\/v2\/posts\/166473","targetHints":{"allow":["GET"]}}],"collection":[{"href":"http:\/\/vertienteglobal.com\/index.php?rest_route=\/wp\/v2\/posts"}],"about":[{"href":"http:\/\/vertienteglobal.com\/index.php?rest_route=\/wp\/v2\/types\/post"}],"author":[{"embeddable":true,"href":"http:\/\/vertienteglobal.com\/index.php?rest_route=\/wp\/v2\/users\/1"}],"replies":[{"embeddable":true,"href":"http:\/\/vertienteglobal.com\/index.php?rest_route=%2Fwp%2Fv2%2Fcomments&post=166473"}],"version-history":[{"count":0,"href":"http:\/\/vertienteglobal.com\/index.php?rest_route=\/wp\/v2\/posts\/166473\/revisions"}],"wp:featuredmedia":[{"embeddable":true,"href":"http:\/\/vertienteglobal.com\/index.php?rest_route=\/wp\/v2\/media\/166474"}],"wp:attachment":[{"href":"http:\/\/vertienteglobal.com\/index.php?rest_route=%2Fwp%2Fv2%2Fmedia&parent=166473"}],"wp:term":[{"taxonomy":"category","embeddable":true,"href":"http:\/\/vertienteglobal.com\/index.php?rest_route=%2Fwp%2Fv2%2Fcategories&post=166473"},{"taxonomy":"post_tag","embeddable":true,"href":"http:\/\/vertienteglobal.com\/index.php?rest_route=%2Fwp%2Fv2%2Ftags&post=166473"}],"curies":[{"name":"wp","href":"https:\/\/api.w.org\/{rel}","templated":true}]}}