{"id":166427,"date":"2020-09-24T12:24:00","date_gmt":"2020-09-24T17:24:00","guid":{"rendered":"http:\/\/vertienteglobal.com\/?p=166427"},"modified":"2020-09-24T13:03:03","modified_gmt":"2020-09-24T18:03:03","slug":"facebook-autorizara-reclamos-por-propiedad-de-imagen","status":"publish","type":"post","link":"http:\/\/vertienteglobal.com\/?p=166427","title":{"rendered":"Facebook autorizar\u00e1 reclamos por propiedad de imagen"},"content":{"rendered":"\n<div class=\"twitterbutton\" style=\"float: right; padding-left: 5px;\"><a href=\"http:\/\/twitter.com\/share\" class=\"twitter-share-button\" data-count=\"horizontal\" data-text=\"Facebook autorizar\u00e1 reclamos por propiedad de imagen\" data-via=\"https:\/\/twitter.com\/VertienteGloba1\" data-url=\"http:\/\/vertienteglobal.com\/?p=166427\" data-lang=\"es\" data-related=\"Informaci\u00f3n general:S\u00edguenos para que est\u00e9ss informado\"><\/a><\/div>\n<figure class=\"wp-block-image size-large\"><img loading=\"lazy\" decoding=\"async\" width=\"1024\" height=\"666\" src=\"http:\/\/vertienteglobal.com\/wp-content\/uploads\/2020\/09\/1122576.jpg\" alt=\"\" class=\"wp-image-166428\" srcset=\"http:\/\/vertienteglobal.com\/wp-content\/uploads\/2020\/09\/1122576.jpg 1024w, http:\/\/vertienteglobal.com\/wp-content\/uploads\/2020\/09\/1122576-300x195.jpg 300w, http:\/\/vertienteglobal.com\/wp-content\/uploads\/2020\/09\/1122576-150x98.jpg 150w, http:\/\/vertienteglobal.com\/wp-content\/uploads\/2020\/09\/1122576-768x500.jpg 768w\" sizes=\"auto, (max-width: 1024px) 100vw, 1024px\" \/><\/figure>\n\n\n\n<p>(Redacci\u00f3n)<\/p>\n\n\n\n<p>La firma dio a conocer que ya est\u00e1 trabajando con algunos socios para lograr que puedan reconocer la propiedad sobre las im\u00e1genes que aparecen en el feed de usuarios<\/p>\n\n\n\n<p>Ciudad de Mexico a 24 de septiembre de 2020.- La empresa Facebook dio a conocer que autorizar\u00e1 que usuarios logren reclamar las im\u00e1genes que crean, debido a que una de las actualizaciones de la red social incluye la gesti\u00f3n de derechos de autor.<\/p>\n\n\n\n<p>La firma dio a conocer que ya est\u00e1 trabajando con algunos socios para lograr que puedan reconocer la propiedad sobre las im\u00e1genes que aparecen en el feed de usuarios.<\/p>\n\n\n\n<p>Dicha modificaci\u00f3n tambi\u00e9n ser\u00e1 v\u00e1lida en Instagram, red que es popular por la publicaci\u00f3n de fotos.<\/p>\n\n\n\n<p>Actualmente, Facebook tiene disponible esta funci\u00f3n para reclamar derechos de m\u00fasica y video, pero esta medida tambi\u00e9n se aplicar\u00e1 en los gr\u00e1ficos. (Fuente: El Universal)<\/p>\n","protected":false},"excerpt":{"rendered":"<p>(Redacci\u00f3n) La firma dio a conocer que ya est\u00e1 trabajando con algunos socios para lograr que puedan reconocer la propiedad sobre las im\u00e1genes que aparecen en el feed de usuarios Ciudad de Mexico a 24 de septiembre de 2020.- La empresa Facebook dio a conocer que autorizar\u00e1 que usuarios logren reclamar las im\u00e1genes que crean, [&hellip;]<\/p>\n","protected":false},"author":1,"featured_media":166428,"comment_status":"open","ping_status":"open","sticky":false,"template":"","format":"standard","meta":{"footnotes":""},"categories":[8],"tags":[],"class_list":["post-166427","post","type-post","status-publish","format-standard","has-post-thumbnail","hentry","category-pais","entry","has-media"],"jetpack_featured_media_url":"http:\/\/vertienteglobal.com\/wp-content\/uploads\/2020\/09\/1122576.jpg","_links":{"self":[{"href":"http:\/\/vertienteglobal.com\/index.php?rest_route=\/wp\/v2\/posts\/166427","targetHints":{"allow":["GET"]}}],"collection":[{"href":"http:\/\/vertienteglobal.com\/index.php?rest_route=\/wp\/v2\/posts"}],"about":[{"href":"http:\/\/vertienteglobal.com\/index.php?rest_route=\/wp\/v2\/types\/post"}],"author":[{"embeddable":true,"href":"http:\/\/vertienteglobal.com\/index.php?rest_route=\/wp\/v2\/users\/1"}],"replies":[{"embeddable":true,"href":"http:\/\/vertienteglobal.com\/index.php?rest_route=%2Fwp%2Fv2%2Fcomments&post=166427"}],"version-history":[{"count":0,"href":"http:\/\/vertienteglobal.com\/index.php?rest_route=\/wp\/v2\/posts\/166427\/revisions"}],"wp:featuredmedia":[{"embeddable":true,"href":"http:\/\/vertienteglobal.com\/index.php?rest_route=\/wp\/v2\/media\/166428"}],"wp:attachment":[{"href":"http:\/\/vertienteglobal.com\/index.php?rest_route=%2Fwp%2Fv2%2Fmedia&parent=166427"}],"wp:term":[{"taxonomy":"category","embeddable":true,"href":"http:\/\/vertienteglobal.com\/index.php?rest_route=%2Fwp%2Fv2%2Fcategories&post=166427"},{"taxonomy":"post_tag","embeddable":true,"href":"http:\/\/vertienteglobal.com\/index.php?rest_route=%2Fwp%2Fv2%2Ftags&post=166427"}],"curies":[{"name":"wp","href":"https:\/\/api.w.org\/{rel}","templated":true}]}}