{"id":166329,"date":"2020-09-22T16:38:00","date_gmt":"2020-09-22T21:38:00","guid":{"rendered":"http:\/\/vertienteglobal.com\/?p=166329"},"modified":"2020-09-22T19:01:25","modified_gmt":"2020-09-23T00:01:25","slug":"gobierno-municipal-de-benito-juarez-renueva-imagen-del-registrocivil-de-supermanzana-22","status":"publish","type":"post","link":"http:\/\/vertienteglobal.com\/?p=166329","title":{"rendered":"Gobierno municipal de Benito Ju\u00e1rez, renueva imagen del RegistroCivil de supermanzana 22"},"content":{"rendered":"\n<div class=\"twitterbutton\" style=\"float: right; padding-left: 5px;\"><a href=\"http:\/\/twitter.com\/share\" class=\"twitter-share-button\" data-count=\"horizontal\" data-text=\"Gobierno municipal de Benito Ju\u00e1rez, renueva imagen del RegistroCivil de superm...\" data-via=\"https:\/\/twitter.com\/VertienteGloba1\" data-url=\"http:\/\/vertienteglobal.com\/?p=166329\" data-lang=\"es\" data-related=\"Informaci\u00f3n general:S\u00edguenos para que est\u00e9ss informado\"><\/a><\/div>\n<figure class=\"wp-block-image size-large\"><img loading=\"lazy\" decoding=\"async\" width=\"1024\" height=\"698\" src=\"http:\/\/vertienteglobal.com\/wp-content\/uploads\/2020\/09\/ddb63479-ef5c-453c-b9c0-9367fbfd5db4-1024x698.jpeg\" alt=\"\" class=\"wp-image-166333\" srcset=\"http:\/\/vertienteglobal.com\/wp-content\/uploads\/2020\/09\/ddb63479-ef5c-453c-b9c0-9367fbfd5db4-1024x698.jpeg 1024w, http:\/\/vertienteglobal.com\/wp-content\/uploads\/2020\/09\/ddb63479-ef5c-453c-b9c0-9367fbfd5db4-300x204.jpeg 300w, http:\/\/vertienteglobal.com\/wp-content\/uploads\/2020\/09\/ddb63479-ef5c-453c-b9c0-9367fbfd5db4-150x102.jpeg 150w, http:\/\/vertienteglobal.com\/wp-content\/uploads\/2020\/09\/ddb63479-ef5c-453c-b9c0-9367fbfd5db4-768x523.jpeg 768w, http:\/\/vertienteglobal.com\/wp-content\/uploads\/2020\/09\/ddb63479-ef5c-453c-b9c0-9367fbfd5db4-1536x1046.jpeg 1536w, http:\/\/vertienteglobal.com\/wp-content\/uploads\/2020\/09\/ddb63479-ef5c-453c-b9c0-9367fbfd5db4.jpeg 1700w\" sizes=\"auto, (max-width: 1024px) 100vw, 1024px\" \/><\/figure>\n\n\n\n<p>(Redaccion)<\/p>\n\n\n\n<p>La Primer Autoridad Municipal inform\u00f3 que se est\u00e1 priorizando el registro de nacimientos que son gratuitos dentro de los primeros seis meses de vida del menor, por lo que se pide hacer cita por mensaje al n\u00famero de Whatsapp 9984 04 38 33, para que los padres acudan con los reci\u00e9n nacidos solamente para firmar y recibir las actas<\/p>\n\n\n\n<p>Canc\u00fan, Quintana Roo, a 22 de septiembre de 2020.-&nbsp;Para ofrecer espacios dignos y mejorar la atenci\u00f3n ciudadana, el gobierno municipal de Benito Ju\u00e1rez remodel\u00f3 las oficinas del Registro Civil en la Supermanzana 22, donde se encuentran las oficial\u00edas No. 1 y No. 2.<\/p>\n\n\n\n<p>Acompa\u00f1ada por el secretario general del Ayuntamiento, Issac Janix Alan\u00eds; la contralora Reyna Arceo Rosado, regidores y directores benitojuarenses, la Presidente Municipal Mara Lezama hizo un recorrido para constatar esa renovaci\u00f3n de los pasillos centrales y las ventanillas de tr\u00e1mites, lo que dignifica tambi\u00e9n a los trabajadores de dicha dependencia.<\/p>\n\n\n\n<p>\u201cNecesit\u00e1bamos remozar el Registro Civil, este no es un gasto, es una inversi\u00f3n a un lugar emblem\u00e1tico que se ubica a un lado del Parque de las Palapas, donde puedes tener una sala de espera, un archivo con aire acondicionado y todas las instalaciones en condiciones \u00f3ptimas\u201d, dijo.<\/p>\n\n\n\n<p>En ese sitio, la Primer Autoridad Municipal inform\u00f3 que se est\u00e1 priorizando el registro de nacimientos que son gratuitos dentro de los primeros seis meses de vida del menor, por lo que se pide hacer cita por mensaje al n\u00famero de Whatsapp 9984 04 38 33, para que los padres acudan con los reci\u00e9n nacidos solamente para firmar y recibir las actas.<\/p>\n\n\n\n<p>\u201cSeguimos trabajando para ti, aun durante la pandemia, haciendo m\u00e1s funcionales nuestros tr\u00e1mites, para brindarte mayor seguridad a ti y a tu familia\u201d, reiter\u00f3.<\/p>\n\n\n\n<p>Durante el recorrido, el secretario de Obras P\u00fablicas y Servicios, Ricardo Archundia S\u00e1nchez, explic\u00f3 a la Presidente Municipal que fueron rehabilitados 522 metros cuadrados para beneficiar de manera directa a dos mil 890 personas e indirecta a toda la poblaci\u00f3n benitojuarense.<\/p>\n\n\n\n<p>Destac\u00f3 que gracias a la inversi\u00f3n realizada de m\u00e1s de 3 millones 594 mil pesos, se instal\u00f3 piso de loseta, impermeabilizaci\u00f3n en azoteas, luminarias en interior, aires acondicionados, pintura en muros y techos.<\/p>\n\n\n\n<p>Por su parte, el director del Registro Civil, Fabi\u00e1n Gamboa Song, precis\u00f3 que en ese recinto operan dos oficial\u00edas, que cubren los horarios de 8:00 a 14:00 horas y de 14:00 a 18:00 horas, para realizar diversos tr\u00e1mites siendo los m\u00e1s solicitados: copias certificadas, registro de nacimiento, matrimonio, divorcio, defunci\u00f3n, correcciones administrativas y adopci\u00f3n, as\u00ed como se alberga dos \u00e1reas m\u00e1s donde se pueden solicitar la cartilla militar y el CURP.<\/p>\n\n\n\n<p>Durante su visita, la Primer Autoridad Municipal atestigu\u00f3 un registro de nacimiento y la entrega del acta correspondiente, as\u00ed como constat\u00f3 el resguardo de los libros que contienen las primeras actas de nacimiento de ciudadanos benitojuarenses.<\/p>\n\n\n\n<p>En Benito Ju\u00e1rez existen 9 oficial\u00edas en total que cuentan con todos los servicios antes mencionados a la poblaci\u00f3n y por motivos de la pandemia se aplican protocolos para ingresar a las oficinas.<\/p>\n\n\n\n<p>Indic\u00f3 que para solicitar copias certificadas se pide que acudan por las fichas diarias que se reparten desde las 8:30 horas en las oficinas de la Supermanzana 22 y en Ventanilla \u00danica de Tr\u00e1mites y Servicios, donde tambi\u00e9n se cumple con todos los cuidados de salud y sana distancia.<\/p>\n\n\n\n<figure class=\"wp-block-image size-large\"><img loading=\"lazy\" decoding=\"async\" width=\"1024\" height=\"682\" src=\"http:\/\/vertienteglobal.com\/wp-content\/uploads\/2020\/09\/02-GOBIERNO-MUNICIPAL-RENUEVA-IMAGEN-DEL-REGISTRO-CIVIL-DE-SUPERMANZANA-22-scaled-1-1024x682.jpg\" alt=\"\" class=\"wp-image-166330\" srcset=\"http:\/\/vertienteglobal.com\/wp-content\/uploads\/2020\/09\/02-GOBIERNO-MUNICIPAL-RENUEVA-IMAGEN-DEL-REGISTRO-CIVIL-DE-SUPERMANZANA-22-scaled-1-1024x682.jpg 1024w, http:\/\/vertienteglobal.com\/wp-content\/uploads\/2020\/09\/02-GOBIERNO-MUNICIPAL-RENUEVA-IMAGEN-DEL-REGISTRO-CIVIL-DE-SUPERMANZANA-22-scaled-1-300x200.jpg 300w, http:\/\/vertienteglobal.com\/wp-content\/uploads\/2020\/09\/02-GOBIERNO-MUNICIPAL-RENUEVA-IMAGEN-DEL-REGISTRO-CIVIL-DE-SUPERMANZANA-22-scaled-1-150x100.jpg 150w, http:\/\/vertienteglobal.com\/wp-content\/uploads\/2020\/09\/02-GOBIERNO-MUNICIPAL-RENUEVA-IMAGEN-DEL-REGISTRO-CIVIL-DE-SUPERMANZANA-22-scaled-1-768x512.jpg 768w, http:\/\/vertienteglobal.com\/wp-content\/uploads\/2020\/09\/02-GOBIERNO-MUNICIPAL-RENUEVA-IMAGEN-DEL-REGISTRO-CIVIL-DE-SUPERMANZANA-22-scaled-1-1536x1024.jpg 1536w, http:\/\/vertienteglobal.com\/wp-content\/uploads\/2020\/09\/02-GOBIERNO-MUNICIPAL-RENUEVA-IMAGEN-DEL-REGISTRO-CIVIL-DE-SUPERMANZANA-22-scaled-1.jpg 1700w\" sizes=\"auto, (max-width: 1024px) 100vw, 1024px\" \/><\/figure>\n\n\n\n<figure class=\"wp-block-image size-large\"><img loading=\"lazy\" decoding=\"async\" width=\"1024\" height=\"682\" src=\"http:\/\/vertienteglobal.com\/wp-content\/uploads\/2020\/09\/03-GOBIERNO-MUNICIPAL-RENUEVA-IMAGEN-DEL-REGISTRO-CIVIL-DE-SUPERMANZANA-22-scaled-1-1024x682.jpg\" alt=\"\" class=\"wp-image-166331\" srcset=\"http:\/\/vertienteglobal.com\/wp-content\/uploads\/2020\/09\/03-GOBIERNO-MUNICIPAL-RENUEVA-IMAGEN-DEL-REGISTRO-CIVIL-DE-SUPERMANZANA-22-scaled-1-1024x682.jpg 1024w, http:\/\/vertienteglobal.com\/wp-content\/uploads\/2020\/09\/03-GOBIERNO-MUNICIPAL-RENUEVA-IMAGEN-DEL-REGISTRO-CIVIL-DE-SUPERMANZANA-22-scaled-1-300x200.jpg 300w, http:\/\/vertienteglobal.com\/wp-content\/uploads\/2020\/09\/03-GOBIERNO-MUNICIPAL-RENUEVA-IMAGEN-DEL-REGISTRO-CIVIL-DE-SUPERMANZANA-22-scaled-1-150x100.jpg 150w, http:\/\/vertienteglobal.com\/wp-content\/uploads\/2020\/09\/03-GOBIERNO-MUNICIPAL-RENUEVA-IMAGEN-DEL-REGISTRO-CIVIL-DE-SUPERMANZANA-22-scaled-1-768x512.jpg 768w, http:\/\/vertienteglobal.com\/wp-content\/uploads\/2020\/09\/03-GOBIERNO-MUNICIPAL-RENUEVA-IMAGEN-DEL-REGISTRO-CIVIL-DE-SUPERMANZANA-22-scaled-1-1536x1024.jpg 1536w, http:\/\/vertienteglobal.com\/wp-content\/uploads\/2020\/09\/03-GOBIERNO-MUNICIPAL-RENUEVA-IMAGEN-DEL-REGISTRO-CIVIL-DE-SUPERMANZANA-22-scaled-1.jpg 1700w\" sizes=\"auto, (max-width: 1024px) 100vw, 1024px\" \/><\/figure>\n\n\n\n<figure class=\"wp-block-image size-large\"><img loading=\"lazy\" decoding=\"async\" width=\"1024\" height=\"682\" src=\"http:\/\/vertienteglobal.com\/wp-content\/uploads\/2020\/09\/05-GOBIERNO-MUNICIPAL-RENUEVA-IMAGEN-DEL-REGISTRO-CIVIL-DE-SUPERMANZANA-22-scaled-1-1024x682.jpg\" alt=\"\" class=\"wp-image-166332\" srcset=\"http:\/\/vertienteglobal.com\/wp-content\/uploads\/2020\/09\/05-GOBIERNO-MUNICIPAL-RENUEVA-IMAGEN-DEL-REGISTRO-CIVIL-DE-SUPERMANZANA-22-scaled-1-1024x682.jpg 1024w, http:\/\/vertienteglobal.com\/wp-content\/uploads\/2020\/09\/05-GOBIERNO-MUNICIPAL-RENUEVA-IMAGEN-DEL-REGISTRO-CIVIL-DE-SUPERMANZANA-22-scaled-1-300x200.jpg 300w, http:\/\/vertienteglobal.com\/wp-content\/uploads\/2020\/09\/05-GOBIERNO-MUNICIPAL-RENUEVA-IMAGEN-DEL-REGISTRO-CIVIL-DE-SUPERMANZANA-22-scaled-1-150x100.jpg 150w, http:\/\/vertienteglobal.com\/wp-content\/uploads\/2020\/09\/05-GOBIERNO-MUNICIPAL-RENUEVA-IMAGEN-DEL-REGISTRO-CIVIL-DE-SUPERMANZANA-22-scaled-1-768x512.jpg 768w, http:\/\/vertienteglobal.com\/wp-content\/uploads\/2020\/09\/05-GOBIERNO-MUNICIPAL-RENUEVA-IMAGEN-DEL-REGISTRO-CIVIL-DE-SUPERMANZANA-22-scaled-1-1536x1024.jpg 1536w, http:\/\/vertienteglobal.com\/wp-content\/uploads\/2020\/09\/05-GOBIERNO-MUNICIPAL-RENUEVA-IMAGEN-DEL-REGISTRO-CIVIL-DE-SUPERMANZANA-22-scaled-1.jpg 1700w\" sizes=\"auto, (max-width: 1024px) 100vw, 1024px\" \/><\/figure>\n","protected":false},"excerpt":{"rendered":"<p>(Redaccion) La Primer Autoridad Municipal inform\u00f3 que se est\u00e1 priorizando el registro de nacimientos que son gratuitos dentro de los primeros seis meses de vida del menor, por lo que se pide hacer cita por mensaje al n\u00famero de Whatsapp 9984 04 38 33, para que los padres acudan con los reci\u00e9n nacidos solamente para [&hellip;]<\/p>\n","protected":false},"author":1,"featured_media":166333,"comment_status":"open","ping_status":"open","sticky":false,"template":"","format":"standard","meta":{"footnotes":""},"categories":[3],"tags":[],"class_list":["post-166329","post","type-post","status-publish","format-standard","has-post-thumbnail","hentry","category-quintana-roo","entry","has-media"],"jetpack_featured_media_url":"http:\/\/vertienteglobal.com\/wp-content\/uploads\/2020\/09\/ddb63479-ef5c-453c-b9c0-9367fbfd5db4.jpeg","_links":{"self":[{"href":"http:\/\/vertienteglobal.com\/index.php?rest_route=\/wp\/v2\/posts\/166329","targetHints":{"allow":["GET"]}}],"collection":[{"href":"http:\/\/vertienteglobal.com\/index.php?rest_route=\/wp\/v2\/posts"}],"about":[{"href":"http:\/\/vertienteglobal.com\/index.php?rest_route=\/wp\/v2\/types\/post"}],"author":[{"embeddable":true,"href":"http:\/\/vertienteglobal.com\/index.php?rest_route=\/wp\/v2\/users\/1"}],"replies":[{"embeddable":true,"href":"http:\/\/vertienteglobal.com\/index.php?rest_route=%2Fwp%2Fv2%2Fcomments&post=166329"}],"version-history":[{"count":0,"href":"http:\/\/vertienteglobal.com\/index.php?rest_route=\/wp\/v2\/posts\/166329\/revisions"}],"wp:featuredmedia":[{"embeddable":true,"href":"http:\/\/vertienteglobal.com\/index.php?rest_route=\/wp\/v2\/media\/166333"}],"wp:attachment":[{"href":"http:\/\/vertienteglobal.com\/index.php?rest_route=%2Fwp%2Fv2%2Fmedia&parent=166329"}],"wp:term":[{"taxonomy":"category","embeddable":true,"href":"http:\/\/vertienteglobal.com\/index.php?rest_route=%2Fwp%2Fv2%2Fcategories&post=166329"},{"taxonomy":"post_tag","embeddable":true,"href":"http:\/\/vertienteglobal.com\/index.php?rest_route=%2Fwp%2Fv2%2Ftags&post=166329"}],"curies":[{"name":"wp","href":"https:\/\/api.w.org\/{rel}","templated":true}]}}