{"id":166084,"date":"2020-09-13T09:57:00","date_gmt":"2020-09-13T14:57:00","guid":{"rendered":"http:\/\/vertienteglobal.com\/?p=166084"},"modified":"2020-09-13T15:58:51","modified_gmt":"2020-09-13T20:58:51","slug":"este-lunes-14-inicia-cultur-la-reapertura-escalonada-de-sus-unidades-de-servicios-en-yucatan","status":"publish","type":"post","link":"http:\/\/vertienteglobal.com\/?p=166084","title":{"rendered":"Este lunes 14 inicia Cultur la reapertura escalonada de sus unidades de servicios en Yucat\u00e1n"},"content":{"rendered":"\n<div class=\"twitterbutton\" style=\"float: right; padding-left: 5px;\"><a href=\"http:\/\/twitter.com\/share\" class=\"twitter-share-button\" data-count=\"horizontal\" data-text=\"Este lunes 14 inicia Cultur la reapertura escalonada de sus unidades de servicio...\" data-via=\"https:\/\/twitter.com\/VertienteGloba1\" data-url=\"http:\/\/vertienteglobal.com\/?p=166084\" data-lang=\"es\" data-related=\"Informaci\u00f3n general:S\u00edguenos para que est\u00e9ss informado\"><\/a><\/div>\n<figure class=\"wp-block-image size-large\"><img loading=\"lazy\" decoding=\"async\" width=\"600\" height=\"400\" src=\"http:\/\/vertienteglobal.com\/wp-content\/uploads\/2020\/09\/20200913_110539.jpg\" alt=\"\" class=\"wp-image-166085\" srcset=\"http:\/\/vertienteglobal.com\/wp-content\/uploads\/2020\/09\/20200913_110539.jpg 600w, http:\/\/vertienteglobal.com\/wp-content\/uploads\/2020\/09\/20200913_110539-300x200.jpg 300w, http:\/\/vertienteglobal.com\/wp-content\/uploads\/2020\/09\/20200913_110539-150x100.jpg 150w\" sizes=\"auto, (max-width: 600px) 100vw, 600px\" \/><\/figure>\n\n\n\n<p>(Redaccion)<\/p>\n\n\n\n<p>El cumplimiento de las medidas sanitarias ser\u00e1n muy estrictas para un retorno seguro<\/p>\n\n\n\n<p>M\u00e9rida, Yucat\u00e1n, 13 de septiembre de 2020.- El director general del Patronato de las Unidades de Servicios Culturales y Tur\u00edsticos de Yucat\u00e1n (Cultur), Mauricio D\u00edaz Montalvo, inform\u00f3 que a partir de este lunes 14 se iniciar\u00e1 la reapertura escalonada de la mayor\u00eda de sus unidades de servicios, incluyendo la zona arqueol\u00f3gica de Chich\u00e9n Itz\u00e1<\/p>\n\n\n\n<p>El funcionario estatal anticip\u00f3 que Cultur ser\u00e1 muy estricto en la aplicaci\u00f3n de las medidas sanitarias, para que el retorno sea seguro, tanto para todos los visitantes, como para los empleados que laboran en cada lugar.<\/p>\n\n\n\n<p>La reapertura de los espacios, durante este mismo mes de septiembre, ser\u00e1 as\u00ed:<\/p>\n\n\n\n<ol class=\"wp-block-list\" start=\"14\"><li>Uxmal, Ek Balam y Celest\u00fan<\/li><li>El Corchito, Dzitnup, Uaymit\u00fan, y el espect\u00e1culo nocturno de Izamal.<\/li><li>Pasaje Picheta, Chochol\u00e1 y Halach\u00f3.<\/li><li>Chich\u00e9n Itz\u00e1 y Dzibilchalt\u00fan.<br>&nbsp;<br>Los pendientes<\/li><\/ol>\n\n\n\n<p>Los que quedar\u00e1n pendientes son Lol T\u00fan y Balankanch\u00e9, que son objeto de reparaciones y adecuaciones.<\/p>\n\n\n\n<p>El Centro de Convenciones y Exposiciones Yucat\u00e1n Siglo XXI y los Cines Siglo XXI, por los motivos que todos ya todos conocemos.<\/p>\n\n\n\n<p>D\u00edaz Montalvo record\u00f3 que las medidas sanitarias, de que aplicar\u00e1n sin excepci\u00f3n y de manera obligatoria, ser\u00e1n, entre otras:<\/p>\n\n\n\n<p>-S\u00f3lo se permitir\u00e1 el acceso del 30% de la capacidad de cada lugar.<\/p>\n\n\n\n<p>-Uso obligatorio de cubrebocas (de preferencia tambi\u00e9n caretas). Si no lo llevan, ah\u00ed lo podr\u00e1n comprar.<\/p>\n\n\n\n<p>-Mantener distancia de al menos metro y medio entre persona y persona, y evitar aglomeraciones en ba\u00f1os o cualquier otro espacio.<\/p>\n\n\n\n<p>-Usar de gel desinfectante a la entrada, que ser\u00e1 proporcionado por Cultur.<\/p>\n\n\n\n<p>Aunque es conveniente que la gente tenga el propio para que repita esta acci\u00f3n cuantas veces sea necesario.<\/p>\n\n\n\n<p>-Se tomar\u00e1 la temperatura de cada visitante.<\/p>\n\n\n\n<p>-Se exhortar\u00e1 evitar tener contacto con barandales, puertas, se\u00f1al\u00e9ticas o cualquier otra superficie que pudiera ser fuente de contagios.<\/p>\n\n\n\n<p>Por el bien de todos y para que la reapertura sea segura, como lo ha instruido el Gobernador Mauricio Vila Dosal, Cultur cumple con todos los protocolos y medidas de sanitizaci\u00f3n, y seremos muy estrictos en la observaci\u00f3n de las medidas ya se\u00f1aladas.<\/p>\n\n\n\n<p>Cabe mencionar que todo el personal de cada unidad de servicio ya recibi\u00f3 la capacitaci\u00f3n, de manera anticipada y oportuna, sobre las nuevas pr\u00e1cticas sanitarias para la llamada \u201cnueva normalidad\u201d.<\/p>\n","protected":false},"excerpt":{"rendered":"<p>(Redaccion) El cumplimiento de las medidas sanitarias ser\u00e1n muy estrictas para un retorno seguro M\u00e9rida, Yucat\u00e1n, 13 de septiembre de 2020.- El director general del Patronato de las Unidades de Servicios Culturales y Tur\u00edsticos de Yucat\u00e1n (Cultur), Mauricio D\u00edaz Montalvo, inform\u00f3 que a partir de este lunes 14 se iniciar\u00e1 la reapertura escalonada de la [&hellip;]<\/p>\n","protected":false},"author":1,"featured_media":166085,"comment_status":"open","ping_status":"open","sticky":false,"template":"","format":"standard","meta":{"footnotes":""},"categories":[2],"tags":[],"class_list":["post-166084","post","type-post","status-publish","format-standard","has-post-thumbnail","hentry","category-yucatan","entry","has-media"],"jetpack_featured_media_url":"http:\/\/vertienteglobal.com\/wp-content\/uploads\/2020\/09\/20200913_110539.jpg","_links":{"self":[{"href":"http:\/\/vertienteglobal.com\/index.php?rest_route=\/wp\/v2\/posts\/166084","targetHints":{"allow":["GET"]}}],"collection":[{"href":"http:\/\/vertienteglobal.com\/index.php?rest_route=\/wp\/v2\/posts"}],"about":[{"href":"http:\/\/vertienteglobal.com\/index.php?rest_route=\/wp\/v2\/types\/post"}],"author":[{"embeddable":true,"href":"http:\/\/vertienteglobal.com\/index.php?rest_route=\/wp\/v2\/users\/1"}],"replies":[{"embeddable":true,"href":"http:\/\/vertienteglobal.com\/index.php?rest_route=%2Fwp%2Fv2%2Fcomments&post=166084"}],"version-history":[{"count":0,"href":"http:\/\/vertienteglobal.com\/index.php?rest_route=\/wp\/v2\/posts\/166084\/revisions"}],"wp:featuredmedia":[{"embeddable":true,"href":"http:\/\/vertienteglobal.com\/index.php?rest_route=\/wp\/v2\/media\/166085"}],"wp:attachment":[{"href":"http:\/\/vertienteglobal.com\/index.php?rest_route=%2Fwp%2Fv2%2Fmedia&parent=166084"}],"wp:term":[{"taxonomy":"category","embeddable":true,"href":"http:\/\/vertienteglobal.com\/index.php?rest_route=%2Fwp%2Fv2%2Fcategories&post=166084"},{"taxonomy":"post_tag","embeddable":true,"href":"http:\/\/vertienteglobal.com\/index.php?rest_route=%2Fwp%2Fv2%2Ftags&post=166084"}],"curies":[{"name":"wp","href":"https:\/\/api.w.org\/{rel}","templated":true}]}}