{"id":166023,"date":"2020-09-11T13:13:00","date_gmt":"2020-09-11T18:13:00","guid":{"rendered":"http:\/\/vertienteglobal.com\/?p=166023"},"modified":"2020-09-11T23:50:20","modified_gmt":"2020-09-12T04:50:20","slug":"rinde-laura-fernandez-su-srgindo-informe-de-gobierno-alcaldesa-destaca-la-autonomia-financiera-de-puerto-morelos-y-llama-a-ciudadanos-a-trabajar-unidos-para-lograr-la-reactivacion-economica","status":"publish","type":"post","link":"http:\/\/vertienteglobal.com\/?p=166023","title":{"rendered":"La alcaldesa Laura Fernandez, destaca la autonom\u00eda financiera de Puerto Morelos y llama a ciudadanos a trabajar unidos para lograr la reactivaci\u00f3n econ\u00f3mica"},"content":{"rendered":"\n<div class=\"twitterbutton\" style=\"float: right; padding-left: 5px;\"><a href=\"http:\/\/twitter.com\/share\" class=\"twitter-share-button\" data-count=\"horizontal\" data-text=\"La alcaldesa Laura Fernandez, destaca la autonom\u00eda financiera de Puerto Morelos...\" data-via=\"https:\/\/twitter.com\/VertienteGloba1\" data-url=\"http:\/\/vertienteglobal.com\/?p=166023\" data-lang=\"es\" data-related=\"Informaci\u00f3n general:S\u00edguenos para que est\u00e9ss informado\"><\/a><\/div>\n<figure class=\"wp-block-image size-large\"><img loading=\"lazy\" decoding=\"async\" width=\"1024\" height=\"634\" src=\"http:\/\/vertienteglobal.com\/wp-content\/uploads\/2020\/09\/20200911_143626.jpg\" alt=\"\" class=\"wp-image-166024\" srcset=\"http:\/\/vertienteglobal.com\/wp-content\/uploads\/2020\/09\/20200911_143626.jpg 1024w, http:\/\/vertienteglobal.com\/wp-content\/uploads\/2020\/09\/20200911_143626-300x186.jpg 300w, http:\/\/vertienteglobal.com\/wp-content\/uploads\/2020\/09\/20200911_143626-150x93.jpg 150w, http:\/\/vertienteglobal.com\/wp-content\/uploads\/2020\/09\/20200911_143626-768x476.jpg 768w\" sizes=\"auto, (max-width: 1024px) 100vw, 1024px\" \/><\/figure>\n\n\n\n<p>(Antonio Rivera)<\/p>\n\n\n\n<p>\u00abPuerto Morelos tiene una grandeza que lo hace invencible: la fuerza espiritual de sus mujeres y de sus hombres, que no solo son habitantes de un lugar privilegiado, sino que son constructores de una historia que es orgullo del presente y que ser\u00e1 honra de las futuras generaciones\u201d, dijo<\/p>\n\n\n\n<p>Puerto Morelos, Quintana Roo a 11 de septiembre de 2020.-&nbsp;En Puerto Morelos trabajamos con la idea firme de fortalecer una administraci\u00f3n de vanguardia, incluyente y transparente para cambiar las condiciones de vida de todos los habitantes, destac\u00f3 la alcaldesa&nbsp;Laura Fern\u00e1ndez Pi\u00f1a&nbsp;al rendir su Segundo Informe de Gobierno, que atestigu\u00f3 el gobernador&nbsp;Carlos Joaqu\u00edn Gonz\u00e1lez&nbsp;por medio de una video conferencia.<\/p>\n\n\n\n<p>En el marco de la Quinta Sesi\u00f3n P\u00fablica y Solemne, la Presidenta Municipal dijo que estos meses duros, que nadie pod\u00eda prever a causa de la emergencia sanitaria generada por la pandemia de covid-19, se aprecia el valor de la solidaridad, de la ayuda mutua y la fortaleza de la familia.<\/p>\n\n\n\n<p>\u201cNo son momentos de disputas pol\u00edticas, no son tiempos de anticiparse o de dar golpes bajos. Hago un llamado a todas y todos a mantener esta unidad que hemos logrado, porque hoy la sociedad nos observa m\u00e1s que nunca. Sigamos trabajando en equipo, que no nos distraiga nada\u201d, remarc\u00f3 ante los integrantes del Cabildo y el gabinete legal y ampliado, reunidos en el recinto oficial.<\/p>\n\n\n\n<p>\u201cPuerto Morelos tiene una grandeza que lo hace invencible: la fuerza espiritual de sus mujeres y de sus hombres, que no solo son habitantes de un lugar privilegiado, sino que son constructores de una historia que es orgullo del presente y que ser\u00e1 honra de las futuras generaciones\u201d, dijo.<\/p>\n\n\n\n<p>Con la presencia digital del titular del Poder Judicial del Estado, Jos\u00e9 Antonio Le\u00f3n Ruiz, presidente del Tribunal Superior de Justicia del Estado de Quintana Roo, y del diputado Luis Fernando Ch\u00e1vez Zepeda, en representaci\u00f3n de la XVI Legislatura del Congreso del Estado, Laura Fern\u00e1ndez mencion\u00f3 que solo juntos y trabajando en equipo se podr\u00e1 evolucionar con rumbo.<\/p>\n\n\n\n<p>\u201cTengo un agradecimiento especial al Gobernador del Estado por la atenci\u00f3n que tuvo con cada una de las presidentas y los presidentes municipales. Durante todo este tiempo hemos mantenido una comunicaci\u00f3n permanente con \u00e9l y su gabinete. El m\u00e1s preocupado por la salud de los quintanarroenses ha sido, justamente, el contador p\u00fablico Carlos Joaqu\u00edn Gonz\u00e1lez\u201d, refiri\u00f3 durante la sesi\u00f3n que fue transmitida por medio de redes sociales.<\/p>\n\n\n\n<p>\u201cVengo ante ustedes, el Cabildo y la sociedad, a rendir cuentas con la convicci\u00f3n de que este ejercicio es fundamental en una democracia, como esta en la que nos desarrollamos. Comparezco ante ustedes en un momento crucial de nuestra historia como humanidad, un momento en el que vivimos la pandemia m\u00e1s grave y la peor crisis econ\u00f3mica en 100 a\u00f1os\u201d, se\u00f1al\u00f3.<\/p>\n\n\n\n<p>La alcaldesa refiri\u00f3 que a pesar del duro golpe a las finanzas municipales a causa de la pandemia, que signific\u00f3 dejar de recaudar alrededor de 40 millones de pesos y de recibir 4.3 millones de pesos por participaciones federales, se blindaron los recursos para la ejecuci\u00f3n de obra p\u00fablica por el orden de casi 50 millones de pesos, que adem\u00e1s ha permitido reactivar la econom\u00eda del municipio.<\/p>\n\n\n\n<p>En este rubro, destac\u00f3 la pavimentaci\u00f3n de las colonias La Fe y Tierra Nueva y la avenida de acceso a la Zona Urbana, la construcci\u00f3n de banquetas y guarniciones en la Regi\u00f3n 17 en la colonia Zetina Gasca, el desazolve de pozos, entre otros proyectos que actualmente se desarrollan.<\/p>\n\n\n\n<p>\u201cComo gobierno recibimos un duro embate con la pandemia, pero no dejamos de lado nuestras responsabilidades. Inclusive en medio de la tormenta provocada por el coronavirus trabajamos en los proyectos que ten\u00edamos trazados para cumplir con nuestro plan de gobierno\u201d, mencion\u00f3.<\/p>\n\n\n\n<p>Laura Fern\u00e1ndez&nbsp;agradeci\u00f3 a Fonatur la inversi\u00f3n de 130 millones de pesos para convertir en un moderno y bello bulevar la avenida Zetina Gasca, como parte de las obras complementarias del proyecto del Tren Maya, que generar\u00e1 desarrollo y bienestar en la comunidad.<\/p>\n\n\n\n<p>Apunt\u00f3 que Puerto Morelos es el municipio m\u00e1s aut\u00f3nomo financieramente hablando de M\u00e9xico, al tener un presupuesto anual en el que los ingresos propios representan el 66% del total.<\/p>\n\n\n\n<p>\u201cNuestra recaudaci\u00f3n per c\u00e1pita de $7,518 pesos nos ubica en el primer lugar nacional de ingresos propios por habitante\u201d, abund\u00f3.&nbsp;<\/p>\n\n\n\n<figure class=\"wp-block-image size-large\"><img loading=\"lazy\" decoding=\"async\" width=\"721\" height=\"1024\" src=\"http:\/\/vertienteglobal.com\/wp-content\/uploads\/2020\/09\/20200911_143647.jpg\" alt=\"\" class=\"wp-image-166025\" srcset=\"http:\/\/vertienteglobal.com\/wp-content\/uploads\/2020\/09\/20200911_143647.jpg 721w, http:\/\/vertienteglobal.com\/wp-content\/uploads\/2020\/09\/20200911_143647-211x300.jpg 211w, http:\/\/vertienteglobal.com\/wp-content\/uploads\/2020\/09\/20200911_143647-106x150.jpg 106w\" sizes=\"auto, (max-width: 721px) 100vw, 721px\" \/><\/figure>\n\n\n\n<figure class=\"wp-block-image size-large\"><img loading=\"lazy\" decoding=\"async\" width=\"1024\" height=\"692\" src=\"http:\/\/vertienteglobal.com\/wp-content\/uploads\/2020\/09\/20200911_143621-1024x692.jpg\" alt=\"\" class=\"wp-image-166026\" srcset=\"http:\/\/vertienteglobal.com\/wp-content\/uploads\/2020\/09\/20200911_143621-1024x692.jpg 1024w, http:\/\/vertienteglobal.com\/wp-content\/uploads\/2020\/09\/20200911_143621-300x203.jpg 300w, http:\/\/vertienteglobal.com\/wp-content\/uploads\/2020\/09\/20200911_143621-150x101.jpg 150w, http:\/\/vertienteglobal.com\/wp-content\/uploads\/2020\/09\/20200911_143621-768x519.jpg 768w, http:\/\/vertienteglobal.com\/wp-content\/uploads\/2020\/09\/20200911_143621.jpg 1280w\" sizes=\"auto, (max-width: 1024px) 100vw, 1024px\" \/><\/figure>\n\n\n\n<figure class=\"wp-block-image size-large\"><img loading=\"lazy\" decoding=\"async\" width=\"1024\" height=\"560\" src=\"http:\/\/vertienteglobal.com\/wp-content\/uploads\/2020\/09\/20200911_143624.jpg\" alt=\"\" class=\"wp-image-166027\" srcset=\"http:\/\/vertienteglobal.com\/wp-content\/uploads\/2020\/09\/20200911_143624.jpg 1024w, http:\/\/vertienteglobal.com\/wp-content\/uploads\/2020\/09\/20200911_143624-300x164.jpg 300w, http:\/\/vertienteglobal.com\/wp-content\/uploads\/2020\/09\/20200911_143624-150x82.jpg 150w, http:\/\/vertienteglobal.com\/wp-content\/uploads\/2020\/09\/20200911_143624-768x420.jpg 768w\" sizes=\"auto, (max-width: 1024px) 100vw, 1024px\" \/><\/figure>\n","protected":false},"excerpt":{"rendered":"<p>(Antonio Rivera) \u00abPuerto Morelos tiene una grandeza que lo hace invencible: la fuerza espiritual de sus mujeres y de sus hombres, que no solo son habitantes de un lugar privilegiado, sino que son constructores de una historia que es orgullo del presente y que ser\u00e1 honra de las futuras generaciones\u201d, dijo Puerto Morelos, Quintana Roo [&hellip;]<\/p>\n","protected":false},"author":1,"featured_media":166024,"comment_status":"open","ping_status":"open","sticky":false,"template":"","format":"standard","meta":{"footnotes":""},"categories":[3],"tags":[],"class_list":["post-166023","post","type-post","status-publish","format-standard","has-post-thumbnail","hentry","category-quintana-roo","entry","has-media"],"jetpack_featured_media_url":"http:\/\/vertienteglobal.com\/wp-content\/uploads\/2020\/09\/20200911_143626.jpg","_links":{"self":[{"href":"http:\/\/vertienteglobal.com\/index.php?rest_route=\/wp\/v2\/posts\/166023","targetHints":{"allow":["GET"]}}],"collection":[{"href":"http:\/\/vertienteglobal.com\/index.php?rest_route=\/wp\/v2\/posts"}],"about":[{"href":"http:\/\/vertienteglobal.com\/index.php?rest_route=\/wp\/v2\/types\/post"}],"author":[{"embeddable":true,"href":"http:\/\/vertienteglobal.com\/index.php?rest_route=\/wp\/v2\/users\/1"}],"replies":[{"embeddable":true,"href":"http:\/\/vertienteglobal.com\/index.php?rest_route=%2Fwp%2Fv2%2Fcomments&post=166023"}],"version-history":[{"count":0,"href":"http:\/\/vertienteglobal.com\/index.php?rest_route=\/wp\/v2\/posts\/166023\/revisions"}],"wp:featuredmedia":[{"embeddable":true,"href":"http:\/\/vertienteglobal.com\/index.php?rest_route=\/wp\/v2\/media\/166024"}],"wp:attachment":[{"href":"http:\/\/vertienteglobal.com\/index.php?rest_route=%2Fwp%2Fv2%2Fmedia&parent=166023"}],"wp:term":[{"taxonomy":"category","embeddable":true,"href":"http:\/\/vertienteglobal.com\/index.php?rest_route=%2Fwp%2Fv2%2Fcategories&post=166023"},{"taxonomy":"post_tag","embeddable":true,"href":"http:\/\/vertienteglobal.com\/index.php?rest_route=%2Fwp%2Fv2%2Ftags&post=166023"}],"curies":[{"name":"wp","href":"https:\/\/api.w.org\/{rel}","templated":true}]}}