{"id":166009,"date":"2020-09-10T20:58:53","date_gmt":"2020-09-11T01:58:53","guid":{"rendered":"http:\/\/vertienteglobal.com\/?p=166009"},"modified":"2020-09-11T23:00:05","modified_gmt":"2020-09-12T04:00:05","slug":"el-gobernador-mauricio-vila-y-santiago-nieto-fortalecen-cooperacion-para-el-combate-de-actividades-delictivas-en-yucatan","status":"publish","type":"post","link":"http:\/\/vertienteglobal.com\/?p=166009","title":{"rendered":"El gobernador Mauricio Vila y Santiago Nieto fortalecen cooperaci\u00f3n para el combate de actividades delictivas en Yucat\u00e1n"},"content":{"rendered":"\n<div class=\"twitterbutton\" style=\"float: right; padding-left: 5px;\"><a href=\"http:\/\/twitter.com\/share\" class=\"twitter-share-button\" data-count=\"horizontal\" data-text=\"El gobernador Mauricio Vila y Santiago Nieto fortalecen cooperaci\u00f3n para el com...\" data-via=\"https:\/\/twitter.com\/VertienteGloba1\" data-url=\"http:\/\/vertienteglobal.com\/?p=166009\" data-lang=\"es\" data-related=\"Informaci\u00f3n general:S\u00edguenos para que est\u00e9ss informado\"><\/a><\/div>\n<figure class=\"wp-block-image size-large\"><img loading=\"lazy\" decoding=\"async\" width=\"600\" height=\"399\" src=\"http:\/\/vertienteglobal.com\/wp-content\/uploads\/2020\/09\/20200911_175410.jpg\" alt=\"\" class=\"wp-image-166010\" srcset=\"http:\/\/vertienteglobal.com\/wp-content\/uploads\/2020\/09\/20200911_175410.jpg 600w, http:\/\/vertienteglobal.com\/wp-content\/uploads\/2020\/09\/20200911_175410-300x200.jpg 300w, http:\/\/vertienteglobal.com\/wp-content\/uploads\/2020\/09\/20200911_175410-150x100.jpg 150w\" sizes=\"auto, (max-width: 600px) 100vw, 600px\" \/><\/figure>\n\n\n\n<p>(Redaccion)<\/p>\n\n\n\n<p>El Gobernador Mauricio Vila Dosal y el titular de dicha Unidad, Santiago Nieto Castillo, suscribieron un convenio para el intercambio de informaci\u00f3n y documentaci\u00f3n que permita prevenir y detectar actos u omisiones sobre la comisi\u00f3n de delitos de operaciones con recursos de procedencia il\u00edcita<\/p>\n\n\n\n<p>Con este acuerdo, tambi\u00e9n se contribuye a combatir la corrupci\u00f3n en el servicio p\u00fablico, otorga certeza jur\u00eddica a las inversiones y, con ello, aumentar la competitividad del estado, as\u00ed como garantizar la seguridad<\/p>\n\n\n\n<p>M\u00e9rida, Yucat\u00e1n, 10 de septiembre de 2020.- El Gobernador Mauricio Vila Dosal y el titular de la Unidad de Inteligencia Financiera (UIF) de la Secretar\u00eda de Hacienda y Cr\u00e9dito P\u00fablico (SHCP), Santiago Nieto Castillo, firmaron este d\u00eda un convenio de colaboraci\u00f3n, cuyo objetivo es fortalecer la cooperaci\u00f3n para un eficaz intercambio de informaci\u00f3n y documentaci\u00f3n que permita prevenir y detectar actos u omisiones que pudieran favorecer, prestar ayuda o auxilio de cualquier especie para la comisi\u00f3n de delitos de operaciones con recursos de procedencia il\u00edcita.<\/p>\n\n\n\n<p>Durante una reuni\u00f3n de trabajo, Vila Dosal y Nieto Castillo suscribieron dicho convenio, el cual tambi\u00e9n contribuye a combatir la corrupci\u00f3n en el servicio p\u00fablico, otorga certeza jur\u00eddica a las inversiones y, con ello, aumentar la competitividad del estado, as\u00ed como garantizar la seguridad al fortalecer las acciones en contra de actividades delictivas.<\/p>\n\n\n\n<p>Tras reconocer los niveles de seguridad que mantiene Yucat\u00e1n y que lo colocan como uno de los estados m\u00e1s seguros del pa\u00eds, el titular de la UIF resalt\u00f3 que este trabajo colaborativo permitir\u00e1 tambi\u00e9n elevar esos niveles y continuar preservando la paz y tranquilidad que distinguen al estado a nivel nacional.<\/p>\n\n\n\n<p>Adem\u00e1s, el funcionario federal expuso que este tipo de cooperaci\u00f3n contribuye a que M\u00e9xico cumpla con las recomendaciones internacionales en la materia, al reforzar la coordinaci\u00f3n con los Gobiernos estatales, pues habr\u00e1 una mayor interacci\u00f3n y se compartir\u00e1 informaci\u00f3n sobre asuntos financieros, del registro p\u00fablico de la propiedad y el comercio, as\u00ed como del parque vehicular, entre otras bases de datos.<\/p>\n\n\n\n<p>Asimismo, esta colaboraci\u00f3n que hoy establecemos representa un importante paso para la creaci\u00f3n de la Unidad de Inteligencia Patrimonial y Econ\u00f3mica (UIPE) de Yucat\u00e1n, que sabemos que para su surgimiento el Ejecutivo del Estado present\u00f3 ante el Congreso local las respectivas modificaciones jur\u00eddicas, coment\u00f3 Nieto Castillo.<\/p>\n\n\n\n<p>Acompa\u00f1ado de la titular de la Secretar\u00eda de Administraci\u00f3n y Finanzas (SAF), Olga Rosas Moya, el Gobernador resalt\u00f3 la importancia de la firma del citado convenio, pues vendr\u00e1 a fortalecer las acciones que en materia de seguridad ha impulsado su administraci\u00f3n, en conjunto con la sociedad yucateca.<\/p>\n\n\n\n<p>En ese sentido, Vila Dosal destac\u00f3 que la participaci\u00f3n de la ciudadan\u00eda y la confianza que \u00e9sta tiene en la Secretar\u00eda de Seguridad P\u00fablica (SSP) son elementos determinantes para tener los niveles de tranquilidad y paz que cuenta el estado, a lo que se suma la inversi\u00f3n en infraestructura, tecnolog\u00eda y la mejora de las condiciones de vida de los agentes y sus familias.<\/p>\n\n\n\n<p>Al respecto, el Gobernador detall\u00f3 el esfuerzo que se realiza a trav\u00e9s de la estrategia \u201cYucat\u00e1n Seguro\u201d para incrementar de 2,200 a 5,700 el n\u00famero de c\u00e1maras de videovigilancia, la transici\u00f3n de un centro de monitoreo C-4 a uno C5i, la adquisici\u00f3n de modernas patrullas, la colocaci\u00f3n de botones de p\u00e1nico y sem\u00e1foros inteligentes, as\u00ed como nuevas lanchas para la vigilancia en la costa y un helic\u00f3ptero, que es considerado como el m\u00e1s equipado en Am\u00e9rica Latina.<\/p>\n\n\n\n<p>Asimismo, Vila Dosal refiri\u00f3 que el Gobierno del Estado tambi\u00e9n mejora las condiciones de vida de los elementos de la SSP y sus familias al brindarles beneficios como atenci\u00f3n m\u00e9dica, seguridad social y apoyo para la adquisici\u00f3n de vivienda, son los \u00fanicos agentes del pa\u00eds que cotizan en el Infonavit, y entrega becas para que sus hijos estudien en universidades p\u00fablicas y privadas del estado, apoyo que en el actual ciclo escolar llega para los niveles de preparatoria, secundaria y primaria.<\/p>\n\n\n\n<p>Como parte de este acuerdo, se establecer\u00e1n grupos de trabajo a trav\u00e9s de los cuales la UIF otorgar\u00e1 al Gobierno del Estado los productos de inteligencia que contengan informaci\u00f3n derivada de los reportes y avisos respecto de actos u operaciones que deben presentar los sujetos obligados en t\u00e9rminos de la normatividad aplicable, que pudieran favorecer a la determinaci\u00f3n de la situaci\u00f3n fiscal de los contribuyentes que tengan su domicilio en Yucat\u00e1n.<\/p>\n\n\n\n<p>Asimismo, ambas partes podr\u00e1n desarrollar acciones conjuntas de capacitaci\u00f3n y\/o colaboraci\u00f3n acad\u00e9mica, en el \u00e1mbito de sus respectivas competencias y conforme a su capacidad y disponibilidad.<\/p>\n","protected":false},"excerpt":{"rendered":"<p>(Redaccion) El Gobernador Mauricio Vila Dosal y el titular de dicha Unidad, Santiago Nieto Castillo, suscribieron un convenio para el intercambio de informaci\u00f3n y documentaci\u00f3n que permita prevenir y detectar actos u omisiones sobre la comisi\u00f3n de delitos de operaciones con recursos de procedencia il\u00edcita Con este acuerdo, tambi\u00e9n se contribuye a combatir la corrupci\u00f3n [&hellip;]<\/p>\n","protected":false},"author":1,"featured_media":166010,"comment_status":"open","ping_status":"open","sticky":false,"template":"","format":"standard","meta":{"footnotes":""},"categories":[2],"tags":[],"class_list":["post-166009","post","type-post","status-publish","format-standard","has-post-thumbnail","hentry","category-yucatan","entry","has-media"],"jetpack_featured_media_url":"http:\/\/vertienteglobal.com\/wp-content\/uploads\/2020\/09\/20200911_175410.jpg","_links":{"self":[{"href":"http:\/\/vertienteglobal.com\/index.php?rest_route=\/wp\/v2\/posts\/166009","targetHints":{"allow":["GET"]}}],"collection":[{"href":"http:\/\/vertienteglobal.com\/index.php?rest_route=\/wp\/v2\/posts"}],"about":[{"href":"http:\/\/vertienteglobal.com\/index.php?rest_route=\/wp\/v2\/types\/post"}],"author":[{"embeddable":true,"href":"http:\/\/vertienteglobal.com\/index.php?rest_route=\/wp\/v2\/users\/1"}],"replies":[{"embeddable":true,"href":"http:\/\/vertienteglobal.com\/index.php?rest_route=%2Fwp%2Fv2%2Fcomments&post=166009"}],"version-history":[{"count":0,"href":"http:\/\/vertienteglobal.com\/index.php?rest_route=\/wp\/v2\/posts\/166009\/revisions"}],"wp:featuredmedia":[{"embeddable":true,"href":"http:\/\/vertienteglobal.com\/index.php?rest_route=\/wp\/v2\/media\/166010"}],"wp:attachment":[{"href":"http:\/\/vertienteglobal.com\/index.php?rest_route=%2Fwp%2Fv2%2Fmedia&parent=166009"}],"wp:term":[{"taxonomy":"category","embeddable":true,"href":"http:\/\/vertienteglobal.com\/index.php?rest_route=%2Fwp%2Fv2%2Fcategories&post=166009"},{"taxonomy":"post_tag","embeddable":true,"href":"http:\/\/vertienteglobal.com\/index.php?rest_route=%2Fwp%2Fv2%2Ftags&post=166009"}],"curies":[{"name":"wp","href":"https:\/\/api.w.org\/{rel}","templated":true}]}}