{"id":165952,"date":"2020-09-09T19:43:12","date_gmt":"2020-09-10T00:43:12","guid":{"rendered":"http:\/\/vertienteglobal.com\/?p=165952"},"modified":"2020-09-10T06:44:24","modified_gmt":"2020-09-10T11:44:24","slug":"recuperar-el-crecimiento-economico-sostenido-es-el-primer-objetivo-de-la-reactivacion-carlos-joaquin","status":"publish","type":"post","link":"http:\/\/vertienteglobal.com\/?p=165952","title":{"rendered":"Recuperar el crecimiento econ\u00f3mico sostenido es el primer objetivo de la reactivaci\u00f3n: Carlos Joaqu\u00edn"},"content":{"rendered":"\n<div class=\"twitterbutton\" style=\"float: right; padding-left: 5px;\"><a href=\"http:\/\/twitter.com\/share\" class=\"twitter-share-button\" data-count=\"horizontal\" data-text=\"Recuperar el crecimiento econ\u00f3mico sostenido es el primer objetivo de la reacti...\" data-via=\"https:\/\/twitter.com\/VertienteGloba1\" data-url=\"http:\/\/vertienteglobal.com\/?p=165952\" data-lang=\"es\" data-related=\"Informaci\u00f3n general:S\u00edguenos para que est\u00e9ss informado\"><\/a><\/div>\n<figure class=\"wp-block-image size-large\"><img loading=\"lazy\" decoding=\"async\" width=\"1024\" height=\"869\" src=\"http:\/\/vertienteglobal.com\/wp-content\/uploads\/2020\/09\/cjrecuperarcrecimiento-1-1024x869.jpg\" alt=\"\" class=\"wp-image-165953\" srcset=\"http:\/\/vertienteglobal.com\/wp-content\/uploads\/2020\/09\/cjrecuperarcrecimiento-1-1024x869.jpg 1024w, http:\/\/vertienteglobal.com\/wp-content\/uploads\/2020\/09\/cjrecuperarcrecimiento-1-300x255.jpg 300w, http:\/\/vertienteglobal.com\/wp-content\/uploads\/2020\/09\/cjrecuperarcrecimiento-1-150x127.jpg 150w, http:\/\/vertienteglobal.com\/wp-content\/uploads\/2020\/09\/cjrecuperarcrecimiento-1-768x652.jpg 768w, http:\/\/vertienteglobal.com\/wp-content\/uploads\/2020\/09\/cjrecuperarcrecimiento-1.jpg 1280w\" sizes=\"auto, (max-width: 1024px) 100vw, 1024px\" \/><\/figure>\n\n\n\n<p>(Redaccion)<\/p>\n\n\n\n<p>El gobernador de Quintana Roo dijo que \u201cen esto estamos juntos para lograr el equilibrio entre la recuperaci\u00f3n y el cuidado de la salud\u201d<\/p>\n\n\n\n<p>En el marco del 4\u00ba Informe de Gobierno, explic\u00f3 que, antes de la emergencia sanitaria, Quintana Roo registr\u00f3 m\u00e1s de 90 mil nuevos empleos ante el IMSS<\/p>\n\n\n\n<p>Chetumal, Quintana Roo, a 09 de septiembre de 2020.-El gobernador Carlos Joaqu\u00edn expres\u00f3 que, en este proceso de reactivaci\u00f3n en Quintana Roo, el primer objetivo es recuperar el crecimiento econ\u00f3mico sostenido todos juntos: gobierno, trabajadores, habitantes de zonas rurales e ind\u00edgenas, empresarios y miembros de la sociedad civil.<\/p>\n\n\n\n<p>En el marco del 4\u00ba Informe de Gobierno, Carlos Joaqu\u00edn reiter\u00f3 que en este proyecto \u201cestamos juntos y el gran reto es lograr el equilibrio entre la reactivaci\u00f3n de la econom\u00eda y el cuidado de la salud para salir juntos adelante\u201d.<\/p>\n\n\n\n<p>El &nbsp;gobernador Carlos Joaqu\u00edn explic\u00f3 que, en el primer semestre del cuarto a\u00f1o de gobierno, antes de la emergencia sanitaria generada por la covid-19, se crearon m\u00e1s de 90 mil puestos de trabajo, registrados ante el Instituto Mexicano del Seguro Social (IMSS).<\/p>\n\n\n\n<p>La crisis sanitaria por la covid-19 afect\u00f3 a la evoluci\u00f3n positiva del crecimiento econ\u00f3mico quintanarroense, al desarrollo empresarial y a la generaci\u00f3n de empleos. Es un impacto que se sentir\u00e1 durante los pr\u00f3ximos a\u00f1os.<br>El gobernador de Quintana Roo destac\u00f3 que, para evitar da\u00f1os mayores, empresarios, integrantes de sindicatos y miembros de organizaciones de trabajadores se unieron en el Pacto de Unidad por Quintana Roo.<\/p>\n\n\n\n<p>Explic\u00f3 tambi\u00e9n que siete mil 500 empresarios dieron un paso al frente para ayudar a la econom\u00eda familiar de sus trabajadores, con el pago de los salarios durante la emergencia.<\/p>\n\n\n\n<p>Para ejemplificar el crecimiento que hab\u00eda alcanzado le entidad, Carlos Joaqu\u00edn puntualiz\u00f3 que, en la \u00faltima d\u00e9cada, Quintana Roo registr\u00f3 un desarrollo econ\u00f3mico con una tasa promedio anual de 4.7 por ciento, que situ\u00f3 al estado en el segundo lugar entre las entidades federativas con mayor crecimiento en ese periodo.<\/p>\n\n\n\n<p>Esto se dio como resultado de una din\u00e1mica empresarial de expansi\u00f3n y nuevas inversiones, como se confirma en la creaci\u00f3n de m\u00e1s de 20 mil nuevos establecimientos industriales, comerciales y de servicios en los \u00faltimos cuatro a\u00f1os, que se suman a las 65 mil 650 unidades econ\u00f3micas con actividad en toda la entidad.<\/p>\n\n\n\n<p>Carlos Joaqu\u00edn puntualiz\u00f3 que la visi\u00f3n del desarrollo econ\u00f3mico es completa, al mantener el compromiso de incorporar la infraestructura necesaria para establecer un polo de desarrollo industrial que contribuya a generar mayor crecimiento econ\u00f3mico en el centro y en el sur del estado.<\/p>\n\n\n\n<p>Ejemplific\u00f3 en la zona sur con el Parque Industrial con Recinto Fiscalizado Estrat\u00e9gico, ubicado en Chetumal.<\/p>\n\n\n\n<p>El gobernador de Quintana Roo finalmente se\u00f1al\u00f3 que, en el cuarto a\u00f1o de gobierno, los ingresos propios tuvieron una evoluci\u00f3n positiva que demuestra un crecimiento econ\u00f3mico firme, resultado de la capacidad hacendaria orientada hacia la gesti\u00f3n de un mejor desarrollo econ\u00f3mico.<\/p>\n","protected":false},"excerpt":{"rendered":"<p>(Redaccion) El gobernador de Quintana Roo dijo que \u201cen esto estamos juntos para lograr el equilibrio entre la recuperaci\u00f3n y el cuidado de la salud\u201d En el marco del 4\u00ba Informe de Gobierno, explic\u00f3 que, antes de la emergencia sanitaria, Quintana Roo registr\u00f3 m\u00e1s de 90 mil nuevos empleos ante el IMSS Chetumal, Quintana Roo, [&hellip;]<\/p>\n","protected":false},"author":1,"featured_media":165953,"comment_status":"open","ping_status":"open","sticky":false,"template":"","format":"standard","meta":{"footnotes":""},"categories":[3],"tags":[],"class_list":["post-165952","post","type-post","status-publish","format-standard","has-post-thumbnail","hentry","category-quintana-roo","entry","has-media"],"jetpack_featured_media_url":"http:\/\/vertienteglobal.com\/wp-content\/uploads\/2020\/09\/cjrecuperarcrecimiento-1.jpg","_links":{"self":[{"href":"http:\/\/vertienteglobal.com\/index.php?rest_route=\/wp\/v2\/posts\/165952","targetHints":{"allow":["GET"]}}],"collection":[{"href":"http:\/\/vertienteglobal.com\/index.php?rest_route=\/wp\/v2\/posts"}],"about":[{"href":"http:\/\/vertienteglobal.com\/index.php?rest_route=\/wp\/v2\/types\/post"}],"author":[{"embeddable":true,"href":"http:\/\/vertienteglobal.com\/index.php?rest_route=\/wp\/v2\/users\/1"}],"replies":[{"embeddable":true,"href":"http:\/\/vertienteglobal.com\/index.php?rest_route=%2Fwp%2Fv2%2Fcomments&post=165952"}],"version-history":[{"count":0,"href":"http:\/\/vertienteglobal.com\/index.php?rest_route=\/wp\/v2\/posts\/165952\/revisions"}],"wp:featuredmedia":[{"embeddable":true,"href":"http:\/\/vertienteglobal.com\/index.php?rest_route=\/wp\/v2\/media\/165953"}],"wp:attachment":[{"href":"http:\/\/vertienteglobal.com\/index.php?rest_route=%2Fwp%2Fv2%2Fmedia&parent=165952"}],"wp:term":[{"taxonomy":"category","embeddable":true,"href":"http:\/\/vertienteglobal.com\/index.php?rest_route=%2Fwp%2Fv2%2Fcategories&post=165952"},{"taxonomy":"post_tag","embeddable":true,"href":"http:\/\/vertienteglobal.com\/index.php?rest_route=%2Fwp%2Fv2%2Ftags&post=165952"}],"curies":[{"name":"wp","href":"https:\/\/api.w.org\/{rel}","templated":true}]}}