{"id":165646,"date":"2020-09-02T20:07:52","date_gmt":"2020-09-03T01:07:52","guid":{"rendered":"http:\/\/vertienteglobal.com\/?p=165646"},"modified":"2020-09-03T12:09:19","modified_gmt":"2020-09-03T17:09:19","slug":"eligen-a-dulce-maria-sauri-como-nueva-presidenta-de-la-mesa-directiva-de-la-camara-de-diputados","status":"publish","type":"post","link":"http:\/\/vertienteglobal.com\/?p=165646","title":{"rendered":"Eligen a Dulce Mar\u00eda Sauri, como nueva presidenta de la Mesa Directiva de la C\u00e1mara de Diputados"},"content":{"rendered":"\n<div class=\"twitterbutton\" style=\"float: right; padding-left: 5px;\"><a href=\"http:\/\/twitter.com\/share\" class=\"twitter-share-button\" data-count=\"horizontal\" data-text=\"Eligen a Dulce Mar\u00eda Sauri, como nueva presidenta de la Mesa Directiva de la C?...\" data-via=\"https:\/\/twitter.com\/VertienteGloba1\" data-url=\"http:\/\/vertienteglobal.com\/?p=165646\" data-lang=\"es\" data-related=\"Informaci\u00f3n general:S\u00edguenos para que est\u00e9ss informado\"><\/a><\/div>\n<figure class=\"wp-block-image size-large\"><img loading=\"lazy\" decoding=\"async\" width=\"600\" height=\"399\" src=\"http:\/\/vertienteglobal.com\/wp-content\/uploads\/2020\/09\/IMG_20200902_224814.jpg\" alt=\"\" class=\"wp-image-165647\" srcset=\"http:\/\/vertienteglobal.com\/wp-content\/uploads\/2020\/09\/IMG_20200902_224814.jpg 600w, http:\/\/vertienteglobal.com\/wp-content\/uploads\/2020\/09\/IMG_20200902_224814-300x200.jpg 300w, http:\/\/vertienteglobal.com\/wp-content\/uploads\/2020\/09\/IMG_20200902_224814-150x100.jpg 150w\" sizes=\"auto, (max-width: 600px) 100vw, 600px\" \/><\/figure>\n\n\n\n<p>(Redacci\u00f3n)<\/p>\n\n\n\n<p>El nombramiento de Sauri caus\u00f3 controversia entre algunos integrantes del Partido del Trabajo, como es el caso de Gerardo Fern\u00e1ndez Noro\u00f1a, quien acus\u00f3 a Olga S\u00e1nchez Cordero, secretaria de Gobernaci\u00f3n, de haber intervenido en el Poder Legislativo<\/p>\n\n\n\n<p>Ciudad de M\u00e9xico a 02 de septiembre de 2020.-La pri\u00edsta Dulce Mar\u00eda Sauri fue electa, la tarde del mi\u00e9rcoles 2 de septiembre, como la nueva presidenta de la Mesa Directiva de la C\u00e1mara de Diputados.<\/p>\n\n\n\n<p>Y es que tras recibir 313 votos a favor, 123 en contra y 21 abstenciones, la legisladora asumir\u00e1 el cargo durante el tercer y \u00faltimo periodo de la actual legislatura.<\/p>\n\n\n\n<p>\u201cAprobado el acuerdo por 313 votos, es mayor\u00eda calificada; se declara que han sido electos para la Mesa Directiva\u201d, afirm\u00f3 la panista Laura Rojas.<\/p>\n\n\n\n<p>El nombramiento de Sauri caus\u00f3 controversia entre algunos integrantes del Partido del Trabajo, como es el caso de Gerardo Fern\u00e1ndez Noro\u00f1a, quien acus\u00f3 a Olga S\u00e1nchez Cordero, secretaria de Gobernaci\u00f3n, de haber intervenido en el Poder Legislativo.<\/p>\n\n\n\n<p>Los se\u00f1alamientos de Fern\u00e1ndez Noro\u00f1a fueron negados por el pri\u00edsta Ren\u00e9 Ju\u00e1rez y por Mario Delgado.<\/p>\n\n\n\n<p>El nombramiento de Dulce Mar\u00eda Sauri se produce despu\u00e9s de que el pasado lunes no alcanzara la mayor\u00eda calificada para obtener el triunfo.<\/p>\n\n\n\n<p>La planilla qued\u00f3 completada por<\/p>\n\n\n\n<p>Vicepresidentes<\/p>\n\n\n\n<p>Dolores Padierna Luna (Morena)<br>Xavie Azuara Z\u00fa\u00f1iga (PAN)<br>Mar\u00eda Sara Rocha Medina (PRI)<\/p>\n\n\n\n<p>Secretarios<\/p>\n\n\n\n<p>Mar\u00eda Guadalupe D\u00edaz Avilez (Morena)<br>Karen Miguel Gonz\u00e1lez M\u00e1rquez (PAN)<br>Martha Hortencia Garay Cadena (PRI)<br>Julieta Mac\u00edas R\u00e1bago (Movimiento Ciudadano)<br>H\u00e9ctor Ren\u00e9 Cruz Aparicio (Secretario)<br>Lyndiana Elizabeth Bugar\u00edn Cort\u00e9s (PVEM)<br>M\u00f3nica Bautista Rodr\u00edguez (PRD)<\/p>\n","protected":false},"excerpt":{"rendered":"<p>(Redacci\u00f3n) El nombramiento de Sauri caus\u00f3 controversia entre algunos integrantes del Partido del Trabajo, como es el caso de Gerardo Fern\u00e1ndez Noro\u00f1a, quien acus\u00f3 a Olga S\u00e1nchez Cordero, secretaria de Gobernaci\u00f3n, de haber intervenido en el Poder Legislativo Ciudad de M\u00e9xico a 02 de septiembre de 2020.-La pri\u00edsta Dulce Mar\u00eda Sauri fue electa, la tarde [&hellip;]<\/p>\n","protected":false},"author":1,"featured_media":165647,"comment_status":"open","ping_status":"open","sticky":false,"template":"","format":"standard","meta":{"footnotes":""},"categories":[8],"tags":[],"class_list":["post-165646","post","type-post","status-publish","format-standard","has-post-thumbnail","hentry","category-pais","entry","has-media"],"jetpack_featured_media_url":"http:\/\/vertienteglobal.com\/wp-content\/uploads\/2020\/09\/IMG_20200902_224814.jpg","_links":{"self":[{"href":"http:\/\/vertienteglobal.com\/index.php?rest_route=\/wp\/v2\/posts\/165646","targetHints":{"allow":["GET"]}}],"collection":[{"href":"http:\/\/vertienteglobal.com\/index.php?rest_route=\/wp\/v2\/posts"}],"about":[{"href":"http:\/\/vertienteglobal.com\/index.php?rest_route=\/wp\/v2\/types\/post"}],"author":[{"embeddable":true,"href":"http:\/\/vertienteglobal.com\/index.php?rest_route=\/wp\/v2\/users\/1"}],"replies":[{"embeddable":true,"href":"http:\/\/vertienteglobal.com\/index.php?rest_route=%2Fwp%2Fv2%2Fcomments&post=165646"}],"version-history":[{"count":0,"href":"http:\/\/vertienteglobal.com\/index.php?rest_route=\/wp\/v2\/posts\/165646\/revisions"}],"wp:featuredmedia":[{"embeddable":true,"href":"http:\/\/vertienteglobal.com\/index.php?rest_route=\/wp\/v2\/media\/165647"}],"wp:attachment":[{"href":"http:\/\/vertienteglobal.com\/index.php?rest_route=%2Fwp%2Fv2%2Fmedia&parent=165646"}],"wp:term":[{"taxonomy":"category","embeddable":true,"href":"http:\/\/vertienteglobal.com\/index.php?rest_route=%2Fwp%2Fv2%2Fcategories&post=165646"},{"taxonomy":"post_tag","embeddable":true,"href":"http:\/\/vertienteglobal.com\/index.php?rest_route=%2Fwp%2Fv2%2Ftags&post=165646"}],"curies":[{"name":"wp","href":"https:\/\/api.w.org\/{rel}","templated":true}]}}