{"id":165374,"date":"2020-08-21T14:49:06","date_gmt":"2020-08-21T19:49:06","guid":{"rendered":"http:\/\/vertienteglobal.com\/?p=165374"},"modified":"2020-08-22T08:34:21","modified_gmt":"2020-08-22T13:34:21","slug":"autoriddes-municipales-y-del-gobierno-estatal-supervisan-refugios-temporales-en-cancun","status":"publish","type":"post","link":"http:\/\/vertienteglobal.com\/?p=165374","title":{"rendered":"Autorides municipales y del Gobierno estatal supervisan refugios temporales en Canc\u00fan"},"content":{"rendered":"\n<div class=\"twitterbutton\" style=\"float: right; padding-left: 5px;\"><a href=\"http:\/\/twitter.com\/share\" class=\"twitter-share-button\" data-count=\"horizontal\" data-text=\"Autorides municipales y del Gobierno estatal supervisan refugios temporales en C...\" data-via=\"https:\/\/twitter.com\/VertienteGloba1\" data-url=\"http:\/\/vertienteglobal.com\/?p=165374\" data-lang=\"es\" data-related=\"Informaci\u00f3n general:S\u00edguenos para que est\u00e9ss informado\"><\/a><\/div>\n<figure class=\"wp-block-image size-large\"><img loading=\"lazy\" decoding=\"async\" width=\"1024\" height=\"682\" src=\"http:\/\/vertienteglobal.com\/wp-content\/uploads\/2020\/08\/01_COMUNICADO-2393_AUTORIDADES-SUPERVISAN-REFUGIOS-TEMPORALES-EN-CANCUN-scaled-1-1024x682.jpg\" alt=\"\" class=\"wp-image-165375\" srcset=\"http:\/\/vertienteglobal.com\/wp-content\/uploads\/2020\/08\/01_COMUNICADO-2393_AUTORIDADES-SUPERVISAN-REFUGIOS-TEMPORALES-EN-CANCUN-scaled-1-1024x682.jpg 1024w, http:\/\/vertienteglobal.com\/wp-content\/uploads\/2020\/08\/01_COMUNICADO-2393_AUTORIDADES-SUPERVISAN-REFUGIOS-TEMPORALES-EN-CANCUN-scaled-1-300x200.jpg 300w, http:\/\/vertienteglobal.com\/wp-content\/uploads\/2020\/08\/01_COMUNICADO-2393_AUTORIDADES-SUPERVISAN-REFUGIOS-TEMPORALES-EN-CANCUN-scaled-1-150x100.jpg 150w, http:\/\/vertienteglobal.com\/wp-content\/uploads\/2020\/08\/01_COMUNICADO-2393_AUTORIDADES-SUPERVISAN-REFUGIOS-TEMPORALES-EN-CANCUN-scaled-1-768x512.jpg 768w, http:\/\/vertienteglobal.com\/wp-content\/uploads\/2020\/08\/01_COMUNICADO-2393_AUTORIDADES-SUPERVISAN-REFUGIOS-TEMPORALES-EN-CANCUN-scaled-1-1536x1024.jpg 1536w, http:\/\/vertienteglobal.com\/wp-content\/uploads\/2020\/08\/01_COMUNICADO-2393_AUTORIDADES-SUPERVISAN-REFUGIOS-TEMPORALES-EN-CANCUN-scaled-1.jpg 1700w\" sizes=\"auto, (max-width: 1024px) 100vw, 1024px\" \/><\/figure>\n\n\n\n<p>(Redacci\u00f3n)<\/p>\n\n\n\n<p>La alcaldesa hizo un llamado a la ciudadan\u00eda a tomar todas las medidas necesarias: \u201clo importante es estar alerta y evitar compartir datos falsos, por eso les pedimos que est\u00e9n atentos de los anuncios oficiales\u201d<\/p>\n\n\n\n<p>Canc\u00fan, Quintan Roo, a 21 de agosto de 2020.- Para verificar que los refugios anticicl\u00f3nicos cuenten con las condiciones para garantizar la seguridad y bienestar de los ciudadanos en caso de ser necesaria su apertura, autoridades municipales y federales acudieron a constatar las condiciones de dichos espacios que fueron adecuados conforme a los protocolos sanitarios ante la pandemia de COVID-19.<\/p>\n\n\n\n<p>La Presidente Municipal de Benito Ju\u00e1rez, Mara Lezama, recorri\u00f3 el refugio temporal designado en la secundaria general No. 19 \u201cBenito Ju\u00e1rez\u201d, en la Supermanzana 103, acompa\u00f1ada del Capit\u00e1n de Fragata Pl\u00e1cido Paredes Mart\u00ednez, de la Secretar\u00eda de Marina; el Segundo Inspector de la Guardia Nacional Teniente Jos\u00e9 del Carmen Reyes Melchor; el subdirector de \u00e1rea de emergencias de la Coordinaci\u00f3n Nacional de Protecci\u00f3n Civil, Mario Alberto Victoria C\u00e1rdenas; as\u00ed como directores municipales.<\/p>\n\n\n\n<p>En este marco, hizo un llamado a la ciudadan\u00eda a tomar todas las medidas necesarias: \u201clo importante es estar alerta y evitar compartir datos falsos, por eso les pedimos que est\u00e9n atentos de los anuncios oficiales\u201d.<\/p>\n\n\n\n<p>Agreg\u00f3 que Benito Ju\u00e1rez fue el primer municipio en entregar todo el protocolo de refugios ante la emergencia sanitaria por COVID-19, ya que tuvieron modificaciones en caso de su apertura para cumplir con protocolos sanitarios.<\/p>\n\n\n\n<p>Explic\u00f3 que los refugios temporales contar\u00e1n con el filtro sanitario desde la entrada, registro, detecci\u00f3n de s\u00edntomas, una delimitaci\u00f3n de espacios con sana distancia y el cumplimiento de todas las recomendaciones sanitarias.<\/p>\n\n\n\n<p>Personal de la Direcci\u00f3n de Protecci\u00f3n Civil detall\u00f3 que, de acuerdo a la log\u00edstica, en una primera etapa se abrir\u00e1n 30 refugios temporales en Canc\u00fan y la delegaci\u00f3n de Alfredo V. Bonfil, de los 67 sitios designados para ello en total para ambos lugares con una capacidad de 18 mil 820 personas.<\/p>\n\n\n\n<p>Asimismo, la Primera Autoridad acudi\u00f3 a la calle 143 en la Supermanzana 102, donde supervis\u00f3 la limpieza de pozos, retiro de lodo, escombro, hojas secas y desechos que obstruyen el flujo de aguas residuales y provocan inundaciones, que es permanente y se refuerza en temporada de lluvias.<\/p>\n\n\n\n<p>La Direcci\u00f3n General de Servicios P\u00fablicos de Benito Ju\u00e1rez y la Direcci\u00f3n de Pozos y Limpieza de Playas reportaron que en dos d\u00edas se realiz\u00f3 la limpieza de 200 captadores, 80 b\u00f3vedas y 36 desazolves en diferentes puntos de la ciudad, como parte del operativo preventivo en caso de lluvias.<\/p>\n","protected":false},"excerpt":{"rendered":"<p>(Redacci\u00f3n) La alcaldesa hizo un llamado a la ciudadan\u00eda a tomar todas las medidas necesarias: \u201clo importante es estar alerta y evitar compartir datos falsos, por eso les pedimos que est\u00e9n atentos de los anuncios oficiales\u201d Canc\u00fan, Quintan Roo, a 21 de agosto de 2020.- Para verificar que los refugios anticicl\u00f3nicos cuenten con las condiciones [&hellip;]<\/p>\n","protected":false},"author":1,"featured_media":165375,"comment_status":"open","ping_status":"open","sticky":false,"template":"","format":"standard","meta":{"footnotes":""},"categories":[3],"tags":[],"class_list":["post-165374","post","type-post","status-publish","format-standard","has-post-thumbnail","hentry","category-quintana-roo","entry","has-media"],"jetpack_featured_media_url":"http:\/\/vertienteglobal.com\/wp-content\/uploads\/2020\/08\/01_COMUNICADO-2393_AUTORIDADES-SUPERVISAN-REFUGIOS-TEMPORALES-EN-CANCUN-scaled-1.jpg","_links":{"self":[{"href":"http:\/\/vertienteglobal.com\/index.php?rest_route=\/wp\/v2\/posts\/165374","targetHints":{"allow":["GET"]}}],"collection":[{"href":"http:\/\/vertienteglobal.com\/index.php?rest_route=\/wp\/v2\/posts"}],"about":[{"href":"http:\/\/vertienteglobal.com\/index.php?rest_route=\/wp\/v2\/types\/post"}],"author":[{"embeddable":true,"href":"http:\/\/vertienteglobal.com\/index.php?rest_route=\/wp\/v2\/users\/1"}],"replies":[{"embeddable":true,"href":"http:\/\/vertienteglobal.com\/index.php?rest_route=%2Fwp%2Fv2%2Fcomments&post=165374"}],"version-history":[{"count":0,"href":"http:\/\/vertienteglobal.com\/index.php?rest_route=\/wp\/v2\/posts\/165374\/revisions"}],"wp:featuredmedia":[{"embeddable":true,"href":"http:\/\/vertienteglobal.com\/index.php?rest_route=\/wp\/v2\/media\/165375"}],"wp:attachment":[{"href":"http:\/\/vertienteglobal.com\/index.php?rest_route=%2Fwp%2Fv2%2Fmedia&parent=165374"}],"wp:term":[{"taxonomy":"category","embeddable":true,"href":"http:\/\/vertienteglobal.com\/index.php?rest_route=%2Fwp%2Fv2%2Fcategories&post=165374"},{"taxonomy":"post_tag","embeddable":true,"href":"http:\/\/vertienteglobal.com\/index.php?rest_route=%2Fwp%2Fv2%2Ftags&post=165374"}],"curies":[{"name":"wp","href":"https:\/\/api.w.org\/{rel}","templated":true}]}}