{"id":165273,"date":"2020-08-19T13:19:07","date_gmt":"2020-08-19T18:19:07","guid":{"rendered":"http:\/\/vertienteglobal.com\/?p=165273"},"modified":"2020-08-20T10:26:14","modified_gmt":"2020-08-20T15:26:14","slug":"dirigencia-estatal-y-diputados-locales-del-prd-definiran-quien-este-en-la-coordinacion-javier-cabrera-sandoval","status":"publish","type":"post","link":"http:\/\/vertienteglobal.com\/?p=165273","title":{"rendered":"Dirigencia estatal y diputados locales del PRD definir\u00e1n qui\u00e9n este en la coordinaci\u00f3n: Javier Cabrera Sandoval"},"content":{"rendered":"\n<div class=\"twitterbutton\" style=\"float: right; padding-left: 5px;\"><a href=\"http:\/\/twitter.com\/share\" class=\"twitter-share-button\" data-count=\"horizontal\" data-text=\"Dirigencia estatal y diputados locales del PRD definir\u00e1n qui\u00e9n este en la coor...\" data-via=\"https:\/\/twitter.com\/VertienteGloba1\" data-url=\"http:\/\/vertienteglobal.com\/?p=165273\" data-lang=\"es\" data-related=\"Informaci\u00f3n general:S\u00edguenos para que est\u00e9ss informado\"><\/a><\/div>\n<figure class=\"wp-block-image size-large\"><img loading=\"lazy\" decoding=\"async\" width=\"740\" height=\"493\" src=\"http:\/\/vertienteglobal.com\/wp-content\/uploads\/2020\/08\/IMG_20200820_102529.jpg\" alt=\"\" class=\"wp-image-165274\" srcset=\"http:\/\/vertienteglobal.com\/wp-content\/uploads\/2020\/08\/IMG_20200820_102529.jpg 740w, http:\/\/vertienteglobal.com\/wp-content\/uploads\/2020\/08\/IMG_20200820_102529-300x200.jpg 300w, http:\/\/vertienteglobal.com\/wp-content\/uploads\/2020\/08\/IMG_20200820_102529-150x100.jpg 150w\" sizes=\"auto, (max-width: 740px) 100vw, 740px\" \/><\/figure>\n\n\n\n<p>(Antonio Rivera)<\/p>\n\n\n\n<p>Definir\u00e1n la l\u00ednea pol\u00edtica ue deben seguir, ni sumisos no entregados<\/p>\n\n\n\n<p>Villahermosa, Tabasco a 19 de agosto de 2020.- Para darle formalidad a la elecci\u00f3n de la coordinaci\u00f3n de la bancada del PRD, el dirigente estatal, Javier Cabrera Sandoval, anunci\u00f3 que convocar\u00e1 -para el pr\u00f3ximo viernes- a los integrantes de la fracci\u00f3n a una reuni\u00f3n de trabajo, en donde definir\u00e1n la l\u00ednea pol\u00edtica que deber\u00e1n de seguir de ahora en adelante.<\/p>\n\n\n\n<p>En su primera rueda de prensa, el l\u00edder perredista, se\u00f1al\u00f3 que \u00e9l no tiene conocimiento -de manera formal-, de la elecci\u00f3n de la diputada Patricia Hern\u00e1ndez Calder\u00f3n como coordinadora de la fracci\u00f3n parlamentaria del PRD, en sustituci\u00f3n de Agust\u00edn Silva Vidal, por lo que los convocar\u00e1 a un encuentro de trabajo.<\/p>\n\n\n\n<p>\u201cFormalmente a nosotros \u2013aclar\u00f3 Cabrera Sandoval- no nos ha notificado la fracci\u00f3n parlamentaria, todo ha sido en base a notas, ha sido a o\u00eddas, nos han comentado que eligieron a un nuevo coordinador, pero no hubo reuni\u00f3n de todos, nunca se sentaron todos los diputados, la fracci\u00f3n parlamentaria son seis\u201d.<br>Hizo notar que hay una regla no escrita, que establece la formalidad y respeto hacia el dirigente del partido, el dirigente invita, los re\u00fane, analizan los temas, van marcando la agenda pol\u00edtica, mi invitaci\u00f3n, es para ver la agenda pol\u00edtica, los diputados deben de estar con el partido, no deben ser sumisos ni entregados.<\/p>\n\n\n\n<p>Indic\u00f3 que los diputados locales del PRD, en el momento de su registro presentaron su plataforma y su proyecto legislativo, de acuerdo a los documentos b\u00e1sicos del partido, tienen que estar con el partido quienes as\u00ed quieran \u201cnadie falta ni nadie sobra\u201d, puntualizo.<\/p>\n\n\n\n<p>\u201cLa dirigencia estatal del PRD, -expres\u00f3 el l\u00edder partidista- va a convocar a los seis diputados de la fracci\u00f3n en el Congreso local a reuni\u00f3n, si en esa reuni\u00f3n se decide que la diputada Patricia Hern\u00e1ndez Calder\u00f3n sea la coordinaci\u00f3n, seremos respetuosos, somos una gente que respetamos el derecho democr\u00e1tico, nuestros estatutos son claros, la dirigencia no nombra la coordinaci\u00f3n, aunque si marca la l\u00ednea pol\u00edtica que se debe seguir\u201d.<\/p>\n\n\n\n<p>El dirigente del PRD, aclar\u00f3 que se entrar\u00e1 a un nuevo an\u00e1lisis de la forma en que deber\u00e1n de comportarse los integrantes de la fracci\u00f3n en el Congreso local.<br>\u201cNosotros \u2013expres\u00f3 Cabrera Sandoval- vamos a entrar a un an\u00e1lisis como partido, esas fueron las diferencias que hubo con la anterior dirigente, no darle seguimiento al partido, Agust\u00edn Silva manifest\u00f3 p\u00fablicamente que su nombramiento fue por el consenso del anterior gobernador\u201d.<\/p>\n\n\n\n<p>\u201cLa nueva dirigencia \u2013a\u00f1adi\u00f3 el presidente del Comit\u00e9 Directivo- tiene una nueva l\u00ednea trazada, ni serviles ni entregados con el gobierno en turno, tenemos un compromiso de cumplir con nuestra plataforma pol\u00edtica y tener un partido ganador\u201d.<\/p>\n\n\n\n<p>Para concluir, Cabrera Sandoval inform\u00f3 que ma\u00f1ana jueves, ir\u00e1 al Congreso local, para hacer la notificaci\u00f3n a los seis diputados locales del PRD, para la reuni\u00f3n de trabajo que se realizar\u00e1 el viernes pr\u00f3ximo.<\/p>\n","protected":false},"excerpt":{"rendered":"<p>(Antonio Rivera) Definir\u00e1n la l\u00ednea pol\u00edtica ue deben seguir, ni sumisos no entregados Villahermosa, Tabasco a 19 de agosto de 2020.- Para darle formalidad a la elecci\u00f3n de la coordinaci\u00f3n de la bancada del PRD, el dirigente estatal, Javier Cabrera Sandoval, anunci\u00f3 que convocar\u00e1 -para el pr\u00f3ximo viernes- a los integrantes de la fracci\u00f3n a [&hellip;]<\/p>\n","protected":false},"author":1,"featured_media":165274,"comment_status":"open","ping_status":"open","sticky":false,"template":"","format":"standard","meta":{"footnotes":""},"categories":[5],"tags":[],"class_list":["post-165273","post","type-post","status-publish","format-standard","has-post-thumbnail","hentry","category-tabasco","entry","has-media"],"jetpack_featured_media_url":"http:\/\/vertienteglobal.com\/wp-content\/uploads\/2020\/08\/IMG_20200820_102529.jpg","_links":{"self":[{"href":"http:\/\/vertienteglobal.com\/index.php?rest_route=\/wp\/v2\/posts\/165273","targetHints":{"allow":["GET"]}}],"collection":[{"href":"http:\/\/vertienteglobal.com\/index.php?rest_route=\/wp\/v2\/posts"}],"about":[{"href":"http:\/\/vertienteglobal.com\/index.php?rest_route=\/wp\/v2\/types\/post"}],"author":[{"embeddable":true,"href":"http:\/\/vertienteglobal.com\/index.php?rest_route=\/wp\/v2\/users\/1"}],"replies":[{"embeddable":true,"href":"http:\/\/vertienteglobal.com\/index.php?rest_route=%2Fwp%2Fv2%2Fcomments&post=165273"}],"version-history":[{"count":0,"href":"http:\/\/vertienteglobal.com\/index.php?rest_route=\/wp\/v2\/posts\/165273\/revisions"}],"wp:featuredmedia":[{"embeddable":true,"href":"http:\/\/vertienteglobal.com\/index.php?rest_route=\/wp\/v2\/media\/165274"}],"wp:attachment":[{"href":"http:\/\/vertienteglobal.com\/index.php?rest_route=%2Fwp%2Fv2%2Fmedia&parent=165273"}],"wp:term":[{"taxonomy":"category","embeddable":true,"href":"http:\/\/vertienteglobal.com\/index.php?rest_route=%2Fwp%2Fv2%2Fcategories&post=165273"},{"taxonomy":"post_tag","embeddable":true,"href":"http:\/\/vertienteglobal.com\/index.php?rest_route=%2Fwp%2Fv2%2Ftags&post=165273"}],"curies":[{"name":"wp","href":"https:\/\/api.w.org\/{rel}","templated":true}]}}