{"id":165139,"date":"2020-08-16T10:25:38","date_gmt":"2020-08-16T15:25:38","guid":{"rendered":"http:\/\/vertienteglobal.com\/?p=165139"},"modified":"2020-08-16T10:25:38","modified_gmt":"2020-08-16T15:25:38","slug":"inicio-la-fusion-de-facebook-e-instagram","status":"publish","type":"post","link":"http:\/\/vertienteglobal.com\/?p=165139","title":{"rendered":"Inici\u00f3 la fusi\u00f3n de Facebook e Instagram"},"content":{"rendered":"\n<div class=\"twitterbutton\" style=\"float: right; padding-left: 5px;\"><a href=\"http:\/\/twitter.com\/share\" class=\"twitter-share-button\" data-count=\"horizontal\" data-text=\"Inici\u00f3 la fusi\u00f3n de Facebook e Instagram\" data-via=\"https:\/\/twitter.com\/VertienteGloba1\" data-url=\"http:\/\/vertienteglobal.com\/?p=165139\" data-lang=\"es\" data-related=\"Informaci\u00f3n general:S\u00edguenos para que est\u00e9ss informado\"><\/a><\/div>\n<figure class=\"wp-block-image size-large\"><img loading=\"lazy\" decoding=\"async\" width=\"800\" height=\"604\" src=\"http:\/\/vertienteglobal.com\/wp-content\/uploads\/2020\/08\/facebook-instagram-65462.jpg\" alt=\"\" class=\"wp-image-165140\" srcset=\"http:\/\/vertienteglobal.com\/wp-content\/uploads\/2020\/08\/facebook-instagram-65462.jpg 800w, http:\/\/vertienteglobal.com\/wp-content\/uploads\/2020\/08\/facebook-instagram-65462-300x227.jpg 300w, http:\/\/vertienteglobal.com\/wp-content\/uploads\/2020\/08\/facebook-instagram-65462-150x113.jpg 150w, http:\/\/vertienteglobal.com\/wp-content\/uploads\/2020\/08\/facebook-instagram-65462-768x580.jpg 768w\" sizes=\"auto, (max-width: 800px) 100vw, 800px\" \/><\/figure>\n\n\n\n<p>(Redacci\u00f3n)<\/p>\n\n\n\n<p>Estas integraciones est\u00e1n sucediendo paulatinamente, y algunas tienen menos impacto que otras, por ejemplo, hace unos meses se incluy\u00f3 la opci\u00f3n de iniciar una sala en Messenger Rooms desde WhatsApp, lo malo es que no puedes unirte desde la aplicaci\u00f3n, sino que te manda directamente a Messenger para continuar<\/p>\n\n\n\n<p>Ciudad de M\u00e9xico a 16 de agosto de 2020.-Usuario de las redes sociales en Estados Unidos comenzaron a recibir una nueva pantalla con un mensaje en Instagram que le abr\u00eda las puertas a la fusi\u00f3n con Facebook, lo que inicia a materializar el plan de unir Instagram, Messenger y WhatsApp para crear una multiplataforma de mensajer\u00eda que ser\u00eda usada por casi todo el mundo.<\/p>\n\n\n\n<p>Estas integraciones est\u00e1n sucediendo paulatinamente, y algunas tienen menos impacto que otras, por ejemplo, hace unos meses se incluy\u00f3 la opci\u00f3n de iniciar una sala en Messenger Rooms desde WhatsApp, lo malo es que no puedes unirte desde la aplicaci\u00f3n, sino que te manda directamente a Messenger para continuar.<\/p>\n\n\n\n<p>En el caso de Instagram, esta parece que s\u00ed ser\u00e1 una integraci\u00f3n en toda la extensi\u00f3n de la palabra, pues los mensajes que antes eran conocidos como Instgram Direct ahora pasan a ser b\u00e1sicamente los de Messenger. Esto significar\u00eda que Messenger ser\u00e1 la plataforma de chats en Instagram.<\/p>\n\n\n\n<p>La caracter\u00edstica m\u00e1s llamativa es que ahora podr\u00e1s chatear con los usuarios de Facebook sin salir de Instagram y viceversa, de hecho, The Verge tambi\u00e9n reporta que el \u00edcono de DM en Instagram que antes era como un avi\u00f3n de papel ahora es el \u00edcono de Facebook Messenger; sin embargo, revelan que por ahora todav\u00eda no es posible mandar mensajes a usuarios en Facebook.<\/p>\n","protected":false},"excerpt":{"rendered":"<p>(Redacci\u00f3n) Estas integraciones est\u00e1n sucediendo paulatinamente, y algunas tienen menos impacto que otras, por ejemplo, hace unos meses se incluy\u00f3 la opci\u00f3n de iniciar una sala en Messenger Rooms desde WhatsApp, lo malo es que no puedes unirte desde la aplicaci\u00f3n, sino que te manda directamente a Messenger para continuar Ciudad de M\u00e9xico a 16 [&hellip;]<\/p>\n","protected":false},"author":1,"featured_media":165140,"comment_status":"open","ping_status":"open","sticky":false,"template":"","format":"standard","meta":{"footnotes":""},"categories":[8],"tags":[],"class_list":["post-165139","post","type-post","status-publish","format-standard","has-post-thumbnail","hentry","category-pais","entry","has-media"],"jetpack_featured_media_url":"http:\/\/vertienteglobal.com\/wp-content\/uploads\/2020\/08\/facebook-instagram-65462.jpg","_links":{"self":[{"href":"http:\/\/vertienteglobal.com\/index.php?rest_route=\/wp\/v2\/posts\/165139","targetHints":{"allow":["GET"]}}],"collection":[{"href":"http:\/\/vertienteglobal.com\/index.php?rest_route=\/wp\/v2\/posts"}],"about":[{"href":"http:\/\/vertienteglobal.com\/index.php?rest_route=\/wp\/v2\/types\/post"}],"author":[{"embeddable":true,"href":"http:\/\/vertienteglobal.com\/index.php?rest_route=\/wp\/v2\/users\/1"}],"replies":[{"embeddable":true,"href":"http:\/\/vertienteglobal.com\/index.php?rest_route=%2Fwp%2Fv2%2Fcomments&post=165139"}],"version-history":[{"count":0,"href":"http:\/\/vertienteglobal.com\/index.php?rest_route=\/wp\/v2\/posts\/165139\/revisions"}],"wp:featuredmedia":[{"embeddable":true,"href":"http:\/\/vertienteglobal.com\/index.php?rest_route=\/wp\/v2\/media\/165140"}],"wp:attachment":[{"href":"http:\/\/vertienteglobal.com\/index.php?rest_route=%2Fwp%2Fv2%2Fmedia&parent=165139"}],"wp:term":[{"taxonomy":"category","embeddable":true,"href":"http:\/\/vertienteglobal.com\/index.php?rest_route=%2Fwp%2Fv2%2Fcategories&post=165139"},{"taxonomy":"post_tag","embeddable":true,"href":"http:\/\/vertienteglobal.com\/index.php?rest_route=%2Fwp%2Fv2%2Ftags&post=165139"}],"curies":[{"name":"wp","href":"https:\/\/api.w.org\/{rel}","templated":true}]}}