{"id":165065,"date":"2020-08-15T08:24:00","date_gmt":"2020-08-15T13:24:00","guid":{"rendered":"http:\/\/vertienteglobal.com\/?p=165065"},"modified":"2020-08-15T08:58:17","modified_gmt":"2020-08-15T13:58:17","slug":"produccion-para-el-bienestar-en-la-recta-final-de-entrega-de-apoyos","status":"publish","type":"post","link":"http:\/\/vertienteglobal.com\/?p=165065","title":{"rendered":"Producci\u00f3n para el Bienestar en la recta final de entrega de apoyos"},"content":{"rendered":"\n<div class=\"twitterbutton\" style=\"float: right; padding-left: 5px;\"><a href=\"http:\/\/twitter.com\/share\" class=\"twitter-share-button\" data-count=\"horizontal\" data-text=\"Producci\u00f3n para el Bienestar en la recta final de entrega de apoyos\" data-via=\"https:\/\/twitter.com\/VertienteGloba1\" data-url=\"http:\/\/vertienteglobal.com\/?p=165065\" data-lang=\"es\" data-related=\"Informaci\u00f3n general:S\u00edguenos para que est\u00e9ss informado\"><\/a><\/div>\n<figure class=\"wp-block-image size-large\"><img loading=\"lazy\" decoding=\"async\" width=\"861\" height=\"583\" src=\"http:\/\/vertienteglobal.com\/wp-content\/uploads\/2020\/08\/MPb-1.jpg\" alt=\"\" class=\"wp-image-165066\" srcset=\"http:\/\/vertienteglobal.com\/wp-content\/uploads\/2020\/08\/MPb-1.jpg 861w, http:\/\/vertienteglobal.com\/wp-content\/uploads\/2020\/08\/MPb-1-300x203.jpg 300w, http:\/\/vertienteglobal.com\/wp-content\/uploads\/2020\/08\/MPb-1-150x102.jpg 150w, http:\/\/vertienteglobal.com\/wp-content\/uploads\/2020\/08\/MPb-1-768x520.jpg 768w\" sizes=\"auto, (max-width: 861px) 100vw, 861px\" \/><\/figure>\n\n\n\n<p>(Redacci\u00f3n)<\/p>\n\n\n\n<p>Al 31 de julio, el programa registra la dispersi\u00f3n de nueve mil 466 millones de pesos en favor de dos millones 42 mil 540 productores<\/p>\n\n\n\n<p>Producci\u00f3n de menor escalaProducci\u00f3n para el Bienestar, alcanza el 95.2% de su meta programada para 2020<\/p>\n\n\n\n<p>Ciudad de M\u00e9xico, a 15 de agosto de 2020.- Los apoyos son para productoras y productores de peque\u00f1a y mediana escala de ma\u00edz, milpa, frijol, trigo, arroz, amaranto y ch\u00eda, otros granos, ca\u00f1a de az\u00facar y caf\u00e9. La entrega de los recursos ha sido oportuna, la mayor\u00eda registrada en abril, mayo y junio, meses de siembra del ciclo Primavera-Verano 2020, lo cual ha dado liquidez a los productores para la compra de insumos y contrataci\u00f3n de mano de obra.<\/p>\n\n\n\n<p>As\u00ed, Producci\u00f3n para el Bienestar, llega al 31 de julio, con un avance de 95.2 por ciento del total de la meta de beneficiarios, entre los que destacan m\u00e1s de 721 mil productores ind\u00edgenas y m\u00e1s de 637 mil 643 (31.2%) mujeres productoras.<\/p>\n\n\n\n<p>A trav\u00e9s de Producci\u00f3n para el Bienestar se avanza en el compromiso de pagar la deuda hist\u00f3rica con los productores de menor escala quienes por d\u00e9cadas estuvieron olvidados, pero hoy son el objetivo principal de la transformaci\u00f3n del campo, y como el mayor n\u00famero de productores de menor escala habitan el sursureste del pa\u00eds, ah\u00ed se ha llevado el 59.3% del total de los apoyos de este programa.<\/p>\n\n\n\n<p>Este programa ha beneficiado a un mill\u00f3n 749 mil 354 productores de granos b\u00e1sicos, 164 mil 553 caficultores y m\u00e1s de 128 mil 633 ca\u00f1eros, es decir un total de 2 millones 42 mil 540 productores, que significan un avance del 95.2 por ciento de la meta programada para este 2020.<\/p>\n\n\n\n<p>Producci\u00f3n para el Bienestar un gran paso hacia la autosuficiencia alimentaria.<\/p>\n\n\n\n<figure class=\"wp-block-image size-large\"><img loading=\"lazy\" decoding=\"async\" width=\"593\" height=\"320\" src=\"http:\/\/vertienteglobal.com\/wp-content\/uploads\/2020\/08\/granos-b_sicos3-660x320-1.jpg\" alt=\"\" class=\"wp-image-165067\" srcset=\"http:\/\/vertienteglobal.com\/wp-content\/uploads\/2020\/08\/granos-b_sicos3-660x320-1.jpg 593w, http:\/\/vertienteglobal.com\/wp-content\/uploads\/2020\/08\/granos-b_sicos3-660x320-1-300x162.jpg 300w, http:\/\/vertienteglobal.com\/wp-content\/uploads\/2020\/08\/granos-b_sicos3-660x320-1-150x81.jpg 150w\" sizes=\"auto, (max-width: 593px) 100vw, 593px\" \/><\/figure>\n","protected":false},"excerpt":{"rendered":"<p>(Redacci\u00f3n) Al 31 de julio, el programa registra la dispersi\u00f3n de nueve mil 466 millones de pesos en favor de dos millones 42 mil 540 productores Producci\u00f3n de menor escalaProducci\u00f3n para el Bienestar, alcanza el 95.2% de su meta programada para 2020 Ciudad de M\u00e9xico, a 15 de agosto de 2020.- Los apoyos son para [&hellip;]<\/p>\n","protected":false},"author":1,"featured_media":165066,"comment_status":"open","ping_status":"open","sticky":false,"template":"","format":"standard","meta":{"footnotes":""},"categories":[8],"tags":[],"class_list":["post-165065","post","type-post","status-publish","format-standard","has-post-thumbnail","hentry","category-pais","entry","has-media"],"jetpack_featured_media_url":"http:\/\/vertienteglobal.com\/wp-content\/uploads\/2020\/08\/MPb-1.jpg","_links":{"self":[{"href":"http:\/\/vertienteglobal.com\/index.php?rest_route=\/wp\/v2\/posts\/165065","targetHints":{"allow":["GET"]}}],"collection":[{"href":"http:\/\/vertienteglobal.com\/index.php?rest_route=\/wp\/v2\/posts"}],"about":[{"href":"http:\/\/vertienteglobal.com\/index.php?rest_route=\/wp\/v2\/types\/post"}],"author":[{"embeddable":true,"href":"http:\/\/vertienteglobal.com\/index.php?rest_route=\/wp\/v2\/users\/1"}],"replies":[{"embeddable":true,"href":"http:\/\/vertienteglobal.com\/index.php?rest_route=%2Fwp%2Fv2%2Fcomments&post=165065"}],"version-history":[{"count":0,"href":"http:\/\/vertienteglobal.com\/index.php?rest_route=\/wp\/v2\/posts\/165065\/revisions"}],"wp:featuredmedia":[{"embeddable":true,"href":"http:\/\/vertienteglobal.com\/index.php?rest_route=\/wp\/v2\/media\/165066"}],"wp:attachment":[{"href":"http:\/\/vertienteglobal.com\/index.php?rest_route=%2Fwp%2Fv2%2Fmedia&parent=165065"}],"wp:term":[{"taxonomy":"category","embeddable":true,"href":"http:\/\/vertienteglobal.com\/index.php?rest_route=%2Fwp%2Fv2%2Fcategories&post=165065"},{"taxonomy":"post_tag","embeddable":true,"href":"http:\/\/vertienteglobal.com\/index.php?rest_route=%2Fwp%2Fv2%2Ftags&post=165065"}],"curies":[{"name":"wp","href":"https:\/\/api.w.org\/{rel}","templated":true}]}}