{"id":165016,"date":"2020-08-14T18:20:46","date_gmt":"2020-08-14T23:20:46","guid":{"rendered":"http:\/\/vertienteglobal.com\/?p=165016"},"modified":"2020-08-14T18:20:46","modified_gmt":"2020-08-14T23:20:46","slug":"renan-barrera-privilegia-acciones-para-el-desarrollo-social-del-municipio","status":"publish","type":"post","link":"http:\/\/vertienteglobal.com\/?p=165016","title":{"rendered":"Ren\u00e1n Barrera privilegia acciones para el desarrollo social del Municipio"},"content":{"rendered":"\n<div class=\"twitterbutton\" style=\"float: right; padding-left: 5px;\"><a href=\"http:\/\/twitter.com\/share\" class=\"twitter-share-button\" data-count=\"horizontal\" data-text=\"Ren\u00e1n Barrera privilegia acciones para el desarrollo social del Municipio\" data-via=\"https:\/\/twitter.com\/VertienteGloba1\" data-url=\"http:\/\/vertienteglobal.com\/?p=165016\" data-lang=\"es\" data-related=\"Informaci\u00f3n general:S\u00edguenos para que est\u00e9ss informado\"><\/a><\/div>\n<figure class=\"wp-block-image size-large\"><img loading=\"lazy\" decoding=\"async\" width=\"1024\" height=\"472\" src=\"http:\/\/vertienteglobal.com\/wp-content\/uploads\/2020\/08\/IMG_20200814_175453-1024x472.jpg\" alt=\"\" class=\"wp-image-165017\" srcset=\"http:\/\/vertienteglobal.com\/wp-content\/uploads\/2020\/08\/IMG_20200814_175453-1024x472.jpg 1024w, http:\/\/vertienteglobal.com\/wp-content\/uploads\/2020\/08\/IMG_20200814_175453-300x138.jpg 300w, http:\/\/vertienteglobal.com\/wp-content\/uploads\/2020\/08\/IMG_20200814_175453-150x69.jpg 150w, http:\/\/vertienteglobal.com\/wp-content\/uploads\/2020\/08\/IMG_20200814_175453-768x354.jpg 768w, http:\/\/vertienteglobal.com\/wp-content\/uploads\/2020\/08\/IMG_20200814_175453.jpg 1109w\" sizes=\"auto, (max-width: 1024px) 100vw, 1024px\" \/><\/figure>\n\n\n\n<p>(Redacci\u00f3n)<\/p>\n\n\n\n<p>Aprueba el Cabildo la tercera priorizaci\u00f3n de obras del Ramo 33<\/p>\n\n\n\n<p>M\u00e9rida, Yucat\u00e1n, a 14 de agosto de 2020. A fin de fortalecer el apoyo a los ciudadanos que m\u00e1s lo necesitan, especialmente ante la dif\u00edcil situaci\u00f3n derivada de la pandemia, el Cabildo de M\u00e9rida aprob\u00f3 la propuesta del alcalde Ren\u00e1n Barrera Concha relativa a la tercera priorizaci\u00f3n del Ramo 33 de este a\u00f1o y el listado de adecuaciones de obras aprobadas previamente a realizarse con recursos del Fondo de Aportaciones para la Infraestructura Social Municipal.<\/p>\n\n\n\n<p>Esta priorizaci\u00f3n de obras del ramo 33 incluye 345 acciones y una inversi\u00f3n de $62.7 millones para beneficio de 5,686 habitantes.<\/p>\n\n\n\n<p>El Concejal se\u00f1al\u00f3 que estas obras beneficiar\u00e1n principalmente a las comisar\u00edas del poniente y sur de M\u00e9rida, destacando que por primera vez se incluye una inversi\u00f3n hist\u00f3rica de $25.605,090 para la construcci\u00f3n de calles en esta zona del Municipio.<\/p>\n\n\n\n<p>\u2014Es primordial para el Ayuntamiento invertir recursos donde m\u00e1s se necesita y con la mayor transparencia posible, ya que esta tercera priorizaci\u00f3n servir\u00e1 para mejorar la calidad de vida de m\u00e1s familias que viven en el rezago y la marginaci\u00f3n\u2014se\u00f1al\u00f3.<\/p>\n\n\n\n<p>El pasado 31 de julio, el Comit\u00e9 de Participaci\u00f3n Ciudadana de las Obras del Fondo de Infraestructura Social Municipal someti\u00f3 a votaci\u00f3n el \u201cListado de Solicitudes de Obras que califican al Fondo de Infraestructura Social Municipal\u201d y el \u201cListado de Adecuaciones a las obras aprobadas con anterioridad por el Fondo de Infraestructura Social Municipal\u201d correspondientes a la tercera priorizaci\u00f3n del 2020, resultando dichos listados aprobados por unanimidad.<\/p>\n\n\n\n<p>En otro punto, los regidores aprobaron celebrar con el Instituto de Formaci\u00f3n Policial del Estado de Yucat\u00e1n y la Secretar\u00eda de Seguridad P\u00fablica del Estado de Yucat\u00e1n, un Convenio modificatorio al acuerdo de colaboraci\u00f3n para el otorgar capacitaci\u00f3n derivado del subsidio Fortaseg 2020.<\/p>\n\n\n\n<p>El objetivo que persigue dicho convenio es modificar la cl\u00e1usula primera del convenio de origen, \u00fanicamente respecto del \u201cCronograma de Cumplimiento\u201d el cual se\u00f1ala los conceptos relativos a los cursos que se impartir\u00e1n a los elementos policiales, tales como la cantidad de horas, el n\u00famero de elementos a capacitar, costo unitario del curso, costo total y la modalidad. Finalmente se\u00f1ala la cantidad total de los siete cursos a impartirse como parte del programa de capacitaci\u00f3n, para el cumplimiento de las metas comprometidas en el Programa Federal Fortaseg 2020.<\/p>\n\n\n\n<p>Al inicio de la sesi\u00f3n ordinaria virtual, el Alcalde present\u00f3 el informe que guarda la Hacienda Municipal correspondiente al mes de julio, cuyos ingresos ascienden a $244.231,487, para un acumulado total de $2.090,215,692.<\/p>\n\n\n\n<p>En cuanto a egresos durante ese mismo mes se informa que ascienden a $277.240,341, que se suman al acumulado por $1.922,466,663 en ese mismo concepto.<\/p>\n\n\n\n<p>Otros puntos aprobados en la sesi\u00f3n fueron: cinco licitaciones p\u00fablicas para la construcci\u00f3n de sistemas de drenaje pluvial, guarniciones y banquetas y para la construcci\u00f3n del Centro para la Atenci\u00f3n Integral de Adultos Mayores (Centro Integral para la Plenitud del Adulto Mayor \u201cArmon\u00eda\u201d), a realizarse en diversas colonias, comisar\u00edas y un fraccionamiento.<\/p>\n\n\n\n<p>Acciones de obra p\u00fablica mediante el procedimiento de adjudicaci\u00f3n directa, con Recursos del Fondo de Aportaciones para la Infraestructura Social Municipal y de las Demarcaciones Territoriales del Distrito Federal, correspondientes a la segunda priorizaci\u00f3n del 2020 para la ampliaci\u00f3n de alumbrado p\u00fablico en la colonia Renacimiento y en el acceso a la Escuela Primaria \u201cLuz y Verdad\u201d, ubicada en la comisar\u00eda de Tixcuyt\u00fan.<\/p>\n\n\n\n<p>Asimismo, celebrar un contrato de prestaci\u00f3n de servicios con el ciudadano Francisco Benjam\u00edn Aguilar L\u00f3pez, as\u00ed como otorgarle poderes para la realizaci\u00f3n del objeto del citado contrato.<\/p>\n","protected":false},"excerpt":{"rendered":"<p>(Redacci\u00f3n) Aprueba el Cabildo la tercera priorizaci\u00f3n de obras del Ramo 33 M\u00e9rida, Yucat\u00e1n, a 14 de agosto de 2020. A fin de fortalecer el apoyo a los ciudadanos que m\u00e1s lo necesitan, especialmente ante la dif\u00edcil situaci\u00f3n derivada de la pandemia, el Cabildo de M\u00e9rida aprob\u00f3 la propuesta del alcalde Ren\u00e1n Barrera Concha relativa [&hellip;]<\/p>\n","protected":false},"author":1,"featured_media":165017,"comment_status":"open","ping_status":"open","sticky":false,"template":"","format":"standard","meta":{"footnotes":""},"categories":[2],"tags":[],"class_list":["post-165016","post","type-post","status-publish","format-standard","has-post-thumbnail","hentry","category-yucatan","entry","has-media"],"jetpack_featured_media_url":"http:\/\/vertienteglobal.com\/wp-content\/uploads\/2020\/08\/IMG_20200814_175453.jpg","_links":{"self":[{"href":"http:\/\/vertienteglobal.com\/index.php?rest_route=\/wp\/v2\/posts\/165016","targetHints":{"allow":["GET"]}}],"collection":[{"href":"http:\/\/vertienteglobal.com\/index.php?rest_route=\/wp\/v2\/posts"}],"about":[{"href":"http:\/\/vertienteglobal.com\/index.php?rest_route=\/wp\/v2\/types\/post"}],"author":[{"embeddable":true,"href":"http:\/\/vertienteglobal.com\/index.php?rest_route=\/wp\/v2\/users\/1"}],"replies":[{"embeddable":true,"href":"http:\/\/vertienteglobal.com\/index.php?rest_route=%2Fwp%2Fv2%2Fcomments&post=165016"}],"version-history":[{"count":0,"href":"http:\/\/vertienteglobal.com\/index.php?rest_route=\/wp\/v2\/posts\/165016\/revisions"}],"wp:featuredmedia":[{"embeddable":true,"href":"http:\/\/vertienteglobal.com\/index.php?rest_route=\/wp\/v2\/media\/165017"}],"wp:attachment":[{"href":"http:\/\/vertienteglobal.com\/index.php?rest_route=%2Fwp%2Fv2%2Fmedia&parent=165016"}],"wp:term":[{"taxonomy":"category","embeddable":true,"href":"http:\/\/vertienteglobal.com\/index.php?rest_route=%2Fwp%2Fv2%2Fcategories&post=165016"},{"taxonomy":"post_tag","embeddable":true,"href":"http:\/\/vertienteglobal.com\/index.php?rest_route=%2Fwp%2Fv2%2Ftags&post=165016"}],"curies":[{"name":"wp","href":"https:\/\/api.w.org\/{rel}","templated":true}]}}