{"id":165003,"date":"2020-08-13T20:47:54","date_gmt":"2020-08-14T01:47:54","guid":{"rendered":"http:\/\/vertienteglobal.com\/?p=165003"},"modified":"2020-08-14T17:49:12","modified_gmt":"2020-08-14T22:49:12","slug":"hemos-controlado-los-riesgos-de-contagio-de-covid-19-pero-nos-falta-aplicar-de-forma-mas-estricta-los-habitos-de-higiene-carlos-joaquin","status":"publish","type":"post","link":"http:\/\/vertienteglobal.com\/?p=165003","title":{"rendered":"Hemos controlado los riesgos de contagio de covid-19, pero nos falta aplicar, de forma m\u00e1s estricta, los h\u00e1bitos de higiene: Carlos Joaqu\u00edn"},"content":{"rendered":"\n<div class=\"twitterbutton\" style=\"float: right; padding-left: 5px;\"><a href=\"http:\/\/twitter.com\/share\" class=\"twitter-share-button\" data-count=\"horizontal\" data-text=\"Hemos controlado los riesgos de contagio de covid-19, pero nos falta aplicar, de...\" data-via=\"https:\/\/twitter.com\/VertienteGloba1\" data-url=\"http:\/\/vertienteglobal.com\/?p=165003\" data-lang=\"es\" data-related=\"Informaci\u00f3n general:S\u00edguenos para que est\u00e9ss informado\"><\/a><\/div>\n<figure class=\"wp-block-image size-large\"><img loading=\"lazy\" decoding=\"async\" width=\"1024\" height=\"682\" src=\"http:\/\/vertienteglobal.com\/wp-content\/uploads\/2020\/08\/cj1-1024x682.jpg\" alt=\"\" class=\"wp-image-165004\" srcset=\"http:\/\/vertienteglobal.com\/wp-content\/uploads\/2020\/08\/cj1-1024x682.jpg 1024w, http:\/\/vertienteglobal.com\/wp-content\/uploads\/2020\/08\/cj1-300x200.jpg 300w, http:\/\/vertienteglobal.com\/wp-content\/uploads\/2020\/08\/cj1-150x100.jpg 150w, http:\/\/vertienteglobal.com\/wp-content\/uploads\/2020\/08\/cj1-768x512.jpg 768w, http:\/\/vertienteglobal.com\/wp-content\/uploads\/2020\/08\/cj1.jpg 1100w\" sizes=\"auto, (max-width: 1024px) 100vw, 1024px\" \/><\/figure>\n\n\n\n<p>(Redacci\u00f3n)<\/p>\n\n\n\n<p>El gobernador de Quintana Roo dijo hoy estar satisfecho con los resultados que arroja el comportamiento de la ciudadan\u00eda en medidas preventivas e higi\u00e9nicas<\/p>\n\n\n\n<p>Hizo un llamado para que la comunidad se acostumbre a los nuevos h\u00e1bitos para convivir con el coronavirus en el entorno cotidiano<\/p>\n\n\n\n<p>Chetumal, Quintana Roo a 13 de agosto de 2020.- Al dar a conocer que, en la semana del lunes 17 al domingo 23 de agosto, Quintana Roo se mantiene en el color naranja, tanto en el sur como en el norte, el gobernador Carlos Joaqu\u00edn expres\u00f3 sentirse satisfecho por los resultados que arroja el comportamiento de la gente en la aplicaci\u00f3n de las medidas preventivas y de higiene.<\/p>\n\n\n\n<p>Esto ha permitido controlar los riesgos de contagio por la covid-19 y avanzar en la aplicaci\u00f3n estricta de los h\u00e1bitos de higiene, a los que la gente debe acostumbrarse para convivir con el coronavirus, explic\u00f3 el gobernador de Quintana Roo.<\/p>\n\n\n\n<p>\u00abUn nuevo civismo social, el equilibrio entre el cuidado de la salud y la apertura de las actividades econ\u00f3micas har\u00e1 que m\u00e1s r\u00e1pido salgamos adelante y recuperemos los empleos, el crecimiento y el desarrollo social\u201d, expres\u00f3 Carlos Joaqu\u00edn.<\/p>\n\n\n\n<p>Insisti\u00f3 en que, en riesgo de contagio, la zona norte est\u00e1 muy cerca del color amarillo; en ocupaci\u00f3n hospitalaria, est\u00e1 en la parte m\u00e1s baja del amarillo, casi llegando al verde.<\/p>\n\n\n\n<p>En la zona sur, el riesgo de contagio ha disminuido por debajo de uno, cuando en semanas anteriores lleg\u00f3 arriba de cuatro.<\/p>\n\n\n\n<p>La actualizaci\u00f3n de los colores del sem\u00e1foro epidemiol\u00f3gico estatal y los resultados del plan \u201cReactivemos Quintana Roo\u201d la hizo el gobernador Carlos Joaqu\u00edn durante el programa \u201cConexi\u00f3n Ciudadana\u201d, que se transmite por la se\u00f1al del Sistema Quintanarroense de Comunicaci\u00f3n Social y las redes sociales de la Coordinaci\u00f3n General de Comunicaci\u00f3n del Gobierno del Estado.<\/p>\n\n\n\n<p>Durante la actualizaci\u00f3n de los resultados del plan \u201cReactivemos Quintana Roo\u201d, el gobernador Carlos Joaqu\u00edn expres\u00f3 que las medidas de restricci\u00f3n de la movilidad en el espacio p\u00fablico funcionan, como tambi\u00e9n los nuevos h\u00e1bitos de salud y los ejes para un nuevo civismo.<\/p>\n\n\n\n<p>Durante la \u00faltima semana, se registr\u00f3 una disminuci\u00f3n en la tendencia de crecimiento de casos, tanto en el norte como en el sur.<\/p>\n\n\n\n<p>Esto no quiere decir que se haya vencido al virus. Solamente quiere decir que se est\u00e1 en un punto en el que si se contin\u00faa cumpliendo con las medidas de distanciamiento social y el lavado de manos, y quedarse en casa el mayor tiempo posible, se ver\u00e1 una disminuci\u00f3n.<\/p>\n\n\n\n<p>\u201cSi no cumplimos, podemos tener rebrotes y los casos nuevamente van a ir al alza\u201d, advirti\u00f3 Carlos Joaqu\u00edn.<\/p>\n\n\n\n<p>En apoyo al cumplimiento de las medidas sanitarias, la SEFIPLAN mantiene operativos de vigilancia de la normatividad en la venta de bebidas embriagantes.<\/p>\n\n\n\n<p>Al corte del pasado 12 de agosto, ha realizado un total de 160 clausuras a igual n\u00famero establecimientos por no cumplir con el reglamento establecido.<\/p>\n\n\n\n<p>Por su parte, el IMOVEQROO, desde la Direcci\u00f3n de Supervisi\u00f3n, Inspecci\u00f3n y Vigilancia, y las delegaciones ha instalado un total de 682 filtros con los que han inspeccionado a 23 mil 661 veh\u00edculos y han aplicado 68 multas por sobrecupo.<\/p>\n\n\n\n<p>En agosto, dio inicio el programa \u201cMu\u00e9vete Seguro\u201d, con un total de 83 paraderos sanitizados y mil 102 unidades higienizadas, de las cuales 266 han sido termonebulizadas con la colaboraci\u00f3n del Instituto Quintanarroense de la Juventud en Chetumal.<\/p>\n\n\n\n<p>Entre otras de las acciones que se llevan a cabo para buscar el equilibrio entre la salud y el crecimiento econ\u00f3mico se encuentra el programa \u201cM\u00e9dico en tu Chamba\u201d, con el que hasta el 13 de agosto se han visitado a 69 empresas dedicadas a la industria de la construcci\u00f3n.<\/p>\n\n\n\n<p>A trav\u00e9s del programa, se han asesorado a cinco mil 872 trabajadores contratados y cuatro mil 183 trabajadores presentes y atendidos en el momento de realizar la asesor\u00eda.<\/p>\n\n\n\n<p>\u201cEl trabajo de los enlaces de participaci\u00f3n social, identificados con chalecos y gorras amarillos, tiene resultados que se reflejan en los n\u00fameros\u201d, expres\u00f3 el gobernador Carlos Joaqu\u00edn al dar a conocer que las brigadas tienen presencia en cinco municipios con 400 enlaces.<\/p>\n\n\n\n<p>El programa inici\u00f3 el pasado 25 de mayo y, en 11 semanas, se han intervenido a 93 mil 933 personas. Como resultado, en zonas se logr\u00f3 pasar de un 46 por ciento a un 83.1 por ciento de uso de distancia f\u00edsica. En el caso de cubrebocas, se logr\u00f3 pasar de un 70 por ciento a un 85.6 por ciento.<\/p>\n\n\n\n<p>El modelo \u201cColonias\u201d se trabaja con el \u201cranking\u201d de las cinco colonias con m\u00e1s casos de contagio. Como resultado de estas intervenciones se ha logrado pasar de un 38 por ciento de uso de distancia f\u00edsica a un 65 por ciento; en el caso de cubrebocas, se logr\u00f3 pasar de un 36 por ciento a un a 69 por ciento.<\/p>\n\n\n\n<p>En materia de turismo, Carlos Joaqu\u00edn inform\u00f3 que los destinos de Quintana Roo, incluyendo Gran Costa Maya y Chetumal, ya cuentan con el sello global de viajes.<\/p>\n\n\n\n<p>El objetivo de este sello de seguridad, para viajes de la WTTC, es impulsar la reactivaci\u00f3n segura de la actividad tur\u00edstica y recuperar la confianza de los viajeros, con medidas globales de higiene y sanitizaci\u00f3n.<\/p>\n\n\n\n<p>El sello de viajes seguros, que promueve la Secretar\u00eda Estatal de Turismo, cuenta con el respaldo total de la Organizaci\u00f3n Mundial del Turismo (OMT) y de m\u00e1s de 200 CEO\u00b4s de los principales grupos empresariales del sector en el mundo.<\/p>\n","protected":false},"excerpt":{"rendered":"<p>(Redacci\u00f3n) El gobernador de Quintana Roo dijo hoy estar satisfecho con los resultados que arroja el comportamiento de la ciudadan\u00eda en medidas preventivas e higi\u00e9nicas Hizo un llamado para que la comunidad se acostumbre a los nuevos h\u00e1bitos para convivir con el coronavirus en el entorno cotidiano Chetumal, Quintana Roo a 13 de agosto de [&hellip;]<\/p>\n","protected":false},"author":1,"featured_media":165004,"comment_status":"open","ping_status":"open","sticky":false,"template":"","format":"standard","meta":{"footnotes":""},"categories":[3],"tags":[],"class_list":["post-165003","post","type-post","status-publish","format-standard","has-post-thumbnail","hentry","category-quintana-roo","entry","has-media"],"jetpack_featured_media_url":"http:\/\/vertienteglobal.com\/wp-content\/uploads\/2020\/08\/cj1.jpg","_links":{"self":[{"href":"http:\/\/vertienteglobal.com\/index.php?rest_route=\/wp\/v2\/posts\/165003","targetHints":{"allow":["GET"]}}],"collection":[{"href":"http:\/\/vertienteglobal.com\/index.php?rest_route=\/wp\/v2\/posts"}],"about":[{"href":"http:\/\/vertienteglobal.com\/index.php?rest_route=\/wp\/v2\/types\/post"}],"author":[{"embeddable":true,"href":"http:\/\/vertienteglobal.com\/index.php?rest_route=\/wp\/v2\/users\/1"}],"replies":[{"embeddable":true,"href":"http:\/\/vertienteglobal.com\/index.php?rest_route=%2Fwp%2Fv2%2Fcomments&post=165003"}],"version-history":[{"count":0,"href":"http:\/\/vertienteglobal.com\/index.php?rest_route=\/wp\/v2\/posts\/165003\/revisions"}],"wp:featuredmedia":[{"embeddable":true,"href":"http:\/\/vertienteglobal.com\/index.php?rest_route=\/wp\/v2\/media\/165004"}],"wp:attachment":[{"href":"http:\/\/vertienteglobal.com\/index.php?rest_route=%2Fwp%2Fv2%2Fmedia&parent=165003"}],"wp:term":[{"taxonomy":"category","embeddable":true,"href":"http:\/\/vertienteglobal.com\/index.php?rest_route=%2Fwp%2Fv2%2Fcategories&post=165003"},{"taxonomy":"post_tag","embeddable":true,"href":"http:\/\/vertienteglobal.com\/index.php?rest_route=%2Fwp%2Fv2%2Ftags&post=165003"}],"curies":[{"name":"wp","href":"https:\/\/api.w.org\/{rel}","templated":true}]}}