{"id":164989,"date":"2020-08-13T21:32:57","date_gmt":"2020-08-14T02:32:57","guid":{"rendered":"http:\/\/vertienteglobal.com\/?p=164989"},"modified":"2020-08-14T17:34:53","modified_gmt":"2020-08-14T22:34:53","slug":"sep-publica-calendario-escolar-2020-2021-en-el-diario-oficial","status":"publish","type":"post","link":"http:\/\/vertienteglobal.com\/?p=164989","title":{"rendered":"SEP publica calendario escolar 2020-2021 en el Diario Oficial"},"content":{"rendered":"\n<div class=\"twitterbutton\" style=\"float: right; padding-left: 5px;\"><a href=\"http:\/\/twitter.com\/share\" class=\"twitter-share-button\" data-count=\"horizontal\" data-text=\"SEP publica calendario escolar 2020-2021 en el Diario Oficial\" data-via=\"https:\/\/twitter.com\/VertienteGloba1\" data-url=\"http:\/\/vertienteglobal.com\/?p=164989\" data-lang=\"es\" data-related=\"Informaci\u00f3n general:S\u00edguenos para que est\u00e9ss informado\"><\/a><\/div>\n<figure class=\"wp-block-image size-large\"><img loading=\"lazy\" decoding=\"async\" width=\"640\" height=\"330\" src=\"http:\/\/vertienteglobal.com\/wp-content\/uploads\/2020\/08\/salon-de-clases-640x330-1.jpg\" alt=\"\" class=\"wp-image-164990\" srcset=\"http:\/\/vertienteglobal.com\/wp-content\/uploads\/2020\/08\/salon-de-clases-640x330-1.jpg 640w, http:\/\/vertienteglobal.com\/wp-content\/uploads\/2020\/08\/salon-de-clases-640x330-1-300x155.jpg 300w, http:\/\/vertienteglobal.com\/wp-content\/uploads\/2020\/08\/salon-de-clases-640x330-1-150x77.jpg 150w\" sizes=\"auto, (max-width: 640px) 100vw, 640px\" \/><\/figure>\n\n\n\n<p>(Redaccion)<\/p>\n\n\n\n<p>Las vacaciones de Semana Santa ser\u00e1n del 29 de marzo al 9 de abril<\/p>\n\n\n\n<p>Ciudad de Mexico a 13 de agosto de 2020.- Este jueves, se public\u00f3 en el Diario Oficial de la Federaci\u00f3n (DOF) el calendario escolar para el pr\u00f3ximo ciclo 2020-2021, en el que se establece 190 d\u00edas efectivos en escuelas de educaci\u00f3n b\u00e1sica, tal como lo hab\u00eda anunciado previamente la Secretar\u00eda de Educaci\u00f3n P\u00fablica (SEP).<\/p>\n\n\n\n<p>El ciclo de 190 d\u00edas iniciar\u00e1 el pr\u00f3ximo lunes 24 de agosto y es aplicable en toda la Rep\u00fablica Mexicana para preescolar, primaria y secundaria, p\u00fablicas y particulares, incorporadas al Sistema Educativo Nacional, y concluir\u00e1 el 9 de julio de 2021.<\/p>\n\n\n\n<p>Y el calendario de 195 d\u00edas para escuelas de educaci\u00f3n normal y dem\u00e1s para la formaci\u00f3n de maestros de educaci\u00f3n b\u00e1sica, iniciar\u00e1 el 23 de septiembre y concluir\u00e1 el 30 de julio de 2021.<\/p>\n\n\n\n<p>Para el ciclo que comienza el 24 de agosto, las inscripciones y reinscripciones iniciaron el 6 de agosto y finalizar\u00e1n el 11 de septiembre.<\/p>\n\n\n\n<p>Mientras que del 10 al 14 de agosto se lleva a cabo el taller intensivo de capacitaci\u00f3n para el magisterio, solo en los estados que no lo aplicaron antes del 31 de julio.<\/p>\n\n\n\n<p>La pr\u00f3xima semana, del 17 al 21 de agosto, se realizar\u00e1n reuniones del Consejo T\u00e9cnico Escolar.<\/p>\n\n\n\n<p>Las vacaciones de fin de a\u00f1o ser\u00e1n del 21 de diciembre al 5 de enero de 2021, aunque el d\u00eda 6 se establece la suspensi\u00f3n de labores docentes, y el 7 y 8 reuni\u00f3n del Consejo T\u00e9cnico Escolar.<\/p>\n\n\n\n<p>Las vacaciones de Semana Santa ser\u00e1n del 29 de marzo al 9 de abril.<\/p>\n\n\n\n<p>Se subraya que el reinicio de clases presenciales se dar\u00e1 solo en funci\u00f3n del sem\u00e1foro epidemiol\u00f3gico en verde, establecido por la pandemia del Covid-19.<\/p>\n\n\n\n<p>El Diario Oficial de la Federaci\u00f3n tambi\u00e9n public\u00f3 el acuerdo del Instituto Nacional Electoral para que las credenciales para votar que pierden vigencia el uno de enero de 2021, sean utilizadas en las elecciones federales y estatales del pr\u00f3ximo a\u00f1o. (Fuente: Noticieros Televisa)<\/p>\n\n\n\n<figure class=\"wp-block-image size-large\"><img loading=\"lazy\" decoding=\"async\" width=\"590\" height=\"671\" src=\"http:\/\/vertienteglobal.com\/wp-content\/uploads\/2020\/08\/IMG_20200814_171147.png\" alt=\"\" class=\"wp-image-164991\" srcset=\"http:\/\/vertienteglobal.com\/wp-content\/uploads\/2020\/08\/IMG_20200814_171147.png 590w, http:\/\/vertienteglobal.com\/wp-content\/uploads\/2020\/08\/IMG_20200814_171147-264x300.png 264w, http:\/\/vertienteglobal.com\/wp-content\/uploads\/2020\/08\/IMG_20200814_171147-132x150.png 132w\" sizes=\"auto, (max-width: 590px) 100vw, 590px\" \/><\/figure>\n","protected":false},"excerpt":{"rendered":"<p>(Redaccion) Las vacaciones de Semana Santa ser\u00e1n del 29 de marzo al 9 de abril Ciudad de Mexico a 13 de agosto de 2020.- Este jueves, se public\u00f3 en el Diario Oficial de la Federaci\u00f3n (DOF) el calendario escolar para el pr\u00f3ximo ciclo 2020-2021, en el que se establece 190 d\u00edas efectivos en escuelas de [&hellip;]<\/p>\n","protected":false},"author":1,"featured_media":164990,"comment_status":"open","ping_status":"open","sticky":false,"template":"","format":"standard","meta":{"footnotes":""},"categories":[9,8],"tags":[],"class_list":["post-164989","post","type-post","status-publish","format-standard","has-post-thumbnail","hentry","category-educacion","category-pais","entry","has-media"],"jetpack_featured_media_url":"http:\/\/vertienteglobal.com\/wp-content\/uploads\/2020\/08\/salon-de-clases-640x330-1.jpg","_links":{"self":[{"href":"http:\/\/vertienteglobal.com\/index.php?rest_route=\/wp\/v2\/posts\/164989","targetHints":{"allow":["GET"]}}],"collection":[{"href":"http:\/\/vertienteglobal.com\/index.php?rest_route=\/wp\/v2\/posts"}],"about":[{"href":"http:\/\/vertienteglobal.com\/index.php?rest_route=\/wp\/v2\/types\/post"}],"author":[{"embeddable":true,"href":"http:\/\/vertienteglobal.com\/index.php?rest_route=\/wp\/v2\/users\/1"}],"replies":[{"embeddable":true,"href":"http:\/\/vertienteglobal.com\/index.php?rest_route=%2Fwp%2Fv2%2Fcomments&post=164989"}],"version-history":[{"count":0,"href":"http:\/\/vertienteglobal.com\/index.php?rest_route=\/wp\/v2\/posts\/164989\/revisions"}],"wp:featuredmedia":[{"embeddable":true,"href":"http:\/\/vertienteglobal.com\/index.php?rest_route=\/wp\/v2\/media\/164990"}],"wp:attachment":[{"href":"http:\/\/vertienteglobal.com\/index.php?rest_route=%2Fwp%2Fv2%2Fmedia&parent=164989"}],"wp:term":[{"taxonomy":"category","embeddable":true,"href":"http:\/\/vertienteglobal.com\/index.php?rest_route=%2Fwp%2Fv2%2Fcategories&post=164989"},{"taxonomy":"post_tag","embeddable":true,"href":"http:\/\/vertienteglobal.com\/index.php?rest_route=%2Fwp%2Fv2%2Ftags&post=164989"}],"curies":[{"name":"wp","href":"https:\/\/api.w.org\/{rel}","templated":true}]}}